{"id":2389,"date":"2025-04-28T07:31:38","date_gmt":"2025-04-28T07:31:38","guid":{"rendered":"https:\/\/raicesandaluzas.com\/revista\/?p=2389"},"modified":"2025-04-28T08:12:54","modified_gmt":"2025-04-28T08:12:54","slug":"la-fecac-anuncia-que-la-feria-de-abril-volvera-a-ser-gratuita-el-resto-de-dias","status":"publish","type":"post","link":"https:\/\/raicesandaluzas.com\/revista\/2025\/04\/28\/la-fecac-anuncia-que-la-feria-de-abril-volvera-a-ser-gratuita-el-resto-de-dias\/","title":{"rendered":"La FECAC anuncia que la Feria de Abril volver\u00e1 a ser gratuita el resto de d\u00edas"},"content":{"rendered":"\n<p>Tras el primer fin de semana, la organizadora de la Feria de Abril, la Federaci\u00f3n de Entidades Culturales Andaluzas en Catalu\u00f1a (FECAC), ha anunciado que la entrada al Real ser\u00e1 libre todos los d\u00edas que quedan de celebraci\u00f3n. En un principio, solo iban a ser gratuitos hoy lunes y ma\u00f1ana martes, pero la noche de ayer domingo la federaci\u00f3n hizo p\u00fablico un comunicado en el afirman que se ha tomado la decisi\u00f3n por las inclemencias del tiempo, por la lluvia que cay\u00f3 con fuerza el s\u00e1bado noche y el domingo al mediod\u00eda, y que \u00abhan imposibilitado el desarrollo normal del evento\u00bb. Tambi\u00e9n alegan que las previsiones del tiempo no son muy favorables para lo que queda de Feria. La decisi\u00f3n se ha tomado en la reuni\u00f3n, ya programada seg\u00fan el comunicado, en el que se iba a evaluar el primer fin de semana, y en la que han estado presentes representantes de FECAC, de las entidades, de los comerciantes y los feriantes.<\/p>\n\n\n\n<p>Lo cierto es que las presiones, en especial por parte de los feriantes, han sido de alto voltaje. La noche de la inauguraci\u00f3n, todo el que acudi\u00f3 al Real se encontr\u00f3 con pancartas de los responsables de la denominada Calle del infierno, la de los aparatos de feria, mostrando su desacuerdo con el cobro de entrada y afirmando que ese d\u00eda no abrir\u00edan las atracciones para \u00abapoyar al pueblo\u00bb.<\/p>\n\n\n\n<p>En el comunicado emitido por la organizaci\u00f3n se anuncia que en breve se anunciar\u00e1 c\u00f3mo se va a devolver el dinero de las entradas compradas por anticipado. <\/p>\n\n\n\n<p>La Feria de Abril de Catalunya 2025 era la primera en la que se cobraba entrada, con un precio de 3 euros y un abono de 12 euros para los 10 d\u00edas de evento. La apuesta de la FECAC, que su presidente, Daniel Salinero hab\u00eda defendido debido al elevado coste de la organizaci\u00f3n y a los problemas de exceso de aforo que se hab\u00edan vivido las dos \u00faltimas ediciones, solo ha durado dos d\u00edas.<\/p>\n","protected":false},"excerpt":{"rendered":"<p>Tras el primer fin de semana, la organizadora de la Feria de Abril, la Federaci\u00f3n de Entidades Culturales Andaluzas en Catalu\u00f1a (FECAC), ha anunciado que la entrada al Real ser\u00e1 libre todos los d\u00edas que quedan de celebraci\u00f3n. En un principio, solo iban a ser gratuitos hoy lunes y ma\u00f1ana martes, pero la noche de [&hellip;]<\/p>\n","protected":false},"author":1,"featured_media":2390,"comment_status":"closed","ping_status":"open","sticky":false,"template":"","format":"standard","meta":{"footnotes":""},"categories":[19],"tags":[],"class_list":{"0":"post-2389","1":"post","2":"type-post","3":"status-publish","4":"format-standard","5":"has-post-thumbnail","7":"category-actualidad"},"_links":{"self":[{"href":"https:\/\/raicesandaluzas.com\/revista\/wp-json\/wp\/v2\/posts\/2389","targetHints":{"allow":["GET"]}}],"collection":[{"href":"https:\/\/raicesandaluzas.com\/revista\/wp-json\/wp\/v2\/posts"}],"about":[{"href":"https:\/\/raicesandaluzas.com\/revista\/wp-json\/wp\/v2\/types\/post"}],"author":[{"embeddable":true,"href":"https:\/\/raicesandaluzas.com\/revista\/wp-json\/wp\/v2\/users\/1"}],"replies":[{"embeddable":true,"href":"https:\/\/raicesandaluzas.com\/revista\/wp-json\/wp\/v2\/comments?post=2389"}],"version-history":[{"count":2,"href":"https:\/\/raicesandaluzas.com\/revista\/wp-json\/wp\/v2\/posts\/2389\/revisions"}],"predecessor-version":[{"id":2392,"href":"https:\/\/raicesandaluzas.com\/revista\/wp-json\/wp\/v2\/posts\/2389\/revisions\/2392"}],"wp:featuredmedia":[{"embeddable":true,"href":"https:\/\/raicesandaluzas.com\/revista\/wp-json\/wp\/v2\/media\/2390"}],"wp:attachment":[{"href":"https:\/\/raicesandaluzas.com\/revista\/wp-json\/wp\/v2\/media?parent=2389"}],"wp:term":[{"taxonomy":"category","embeddable":true,"href":"https:\/\/raicesandaluzas.com\/revista\/wp-json\/wp\/v2\/categories?post=2389"},{"taxonomy":"post_tag","embeddable":true,"href":"https:\/\/raicesandaluzas.com\/revista\/wp-json\/wp\/v2\/tags?post=2389"}],"curies":[{"name":"wp","href":"https:\/\/api.w.org\/{rel}","templated":true}]}}