{"id":2385,"date":"2025-04-25T10:24:11","date_gmt":"2025-04-25T10:24:11","guid":{"rendered":"https:\/\/raicesandaluzas.com\/revista\/?p=2385"},"modified":"2025-04-25T10:24:11","modified_gmt":"2025-04-25T10:24:11","slug":"si-cataluna-como-sociedad-es-plural-y-tolerante-la-feria-tambien-lo-es","status":"publish","type":"post","link":"https:\/\/raicesandaluzas.com\/revista\/2025\/04\/25\/si-cataluna-como-sociedad-es-plural-y-tolerante-la-feria-tambien-lo-es\/","title":{"rendered":"\u00abSi Catalu\u00f1a como sociedad es plural y tolerante, la Feria tambi\u00e9n lo es\u00bb"},"content":{"rendered":"\n<p><strong>Entrevista con Enrique Millo, Secretario general de Acci\u00f3n Exterior y Uni\u00f3n Europea de la Junta de Andaluc\u00eda<\/strong><\/p>\n\n\n\n<p><strong><span style=\"background-color:#b5dcaf\" class=\"td_text_highlight_marker\">RA\u00cdCES ANDALUZAS. Abril y principios de mayo es sin\u00f3nimo de Feria. \u00bfQu\u00e9 cree que perder\u00eda Catalu\u00f1a si por alg\u00fan motivo este evento desapareciera del calendario?<br>ENRIQUE MILLO.<\/span><\/strong> Despu\u00e9s de tantos a\u00f1os celebr\u00e1ndose y de tantos miles de personas que han paseado por el Real, ya no se puede hablar de una Feria andaluza en tierras catalanas. La Feria de abril ya es, por derecho propio, un evento catal\u00e1n, integrado de pleno en la cultura de la regi\u00f3n. Organizado y protagonizado por entidades andaluzas, s\u00ed. Pero sostenido en el tiempo, y en sus habituales r\u00e9cords de asistencia, por la sociedad catalana en su conjunto. Si Catalu\u00f1a, por alg\u00fan motivo que espero nunca suceda, perdiera su Feria, perder\u00eda parte de su identidad.<br><strong><span style=\"background-color:#b5dcaf\" class=\"td_text_highlight_marker\">R.A. \u00bfQu\u00e9 imagen cree que se transmite de Catalu\u00f1a en un evento como este?<br>E.M.<\/span><\/strong> La de una regi\u00f3n tolerante y siempre abierta al que llega de fuera. La de una sociedad democr\u00e1tica que se enorgullece de la riqueza y variedad de su agenda cultural. La imagen de qui\u00e9nes reconocen el valioso papel que han jugado, y siguen haci\u00e9ndolo, los andaluces y andaluzas en la historia reciente de Catalu\u00f1a. En definitiva, la imagen de una Comunidad que mira al futuro con optimismo y anchura de miras porque nunca se olvida de su pasado.<br><strong><span style=\"background-color:#b5dcaf\" class=\"td_text_highlight_marker\">R.A. Para muchos catalanes la Feria de Abril es algo muy ajeno a su manera de ver su cultura y la vida. \u00bfConsidera que la Feria es el reflejo de la Catalu\u00f1a de hoy en d\u00eda?<br>E.M. <\/span><\/strong>S\u00ed, indiscutiblemente. La Feria se ha convertido, especialmente en estos \u00faltimos a\u00f1os, en punto de encuentro pr\u00e1cticamente obligado para todos los andaluces y andaluzas que residen en Catalu\u00f1a pero tambi\u00e9n para todas aquellas personas que desean disfrutar de una velada desde el respeto y la convivencia. FECAC se enorgullece de haber promovido, en las \u00faltimas ediciones, la ya emblem\u00e1tica \u201chaima\u201d que monta cada a\u00f1o la Fundaci\u00f3n Ibn Batuta o la presencia LGTBI en la Feria, que ha pasado de un simple stand informativo a contar con su propia caseta en el Real. Y no es para menos. Si Catalu\u00f1a como sociedad es plural y tolerante, la Feria tambi\u00e9n lo es.<br><strong><span style=\"background-color:#b5dcaf\" class=\"td_text_highlight_marker\">R.A. La Feria de Abril de Catalu\u00f1a celebra ya su 52 edici\u00f3n con notable \u00e9xito en cuanto al n\u00famero de asistentes. \u00bfPiensa que la Feria deber\u00eda seguir creciendo o eso har\u00eda que perdiera parte de su idiosincrasia?<br>E.M. <\/span><\/strong>La Feria de Abril se ha consolidado como un evento cultural de gran relevancia que refleja la riqueza y la diversidad de la sociedad catalana, a la vez que mantiene vivas tradiciones andaluzas muy arraigadas. Su crecimiento en n\u00famero de asistentes es un reflejo del inter\u00e9s y la acogida que genera entre el p\u00fablico. No obstante, es importante que se mantenga el equilibrio entre la expansi\u00f3n y la preservaci\u00f3n de su esencia. El crecimiento no tiene por qu\u00e9 estar re\u00f1ido con la autenticidad si se gestiona con sensibilidad y respeto hacia los elementos culturales que hacen \u00fanica esta celebraci\u00f3n. La Feria puede seguir siendo un punto de encuentro plural, inclusivo y fiel a sus ra\u00edces.<br><strong><span style=\"background-color:#b5dcaf\" class=\"td_text_highlight_marker\">R.A. \u00bfC\u00f3mo ve de salud a las hermandades rocieras y entidades de cultura andaluza en Catalu\u00f1a?<br>E.M. <\/span><\/strong>Por lo que he podido conocer durante estos a\u00f1os, no tengo dudas de que les espera un futuro brillante. Catalu\u00f1a es la regi\u00f3n espa\u00f1ola con m\u00e1s entidades andaluzas activas, con m\u00e1s personas que dedican tiempo y esfuerzo a organizar todo tipo de actividades con las que celebrar la identidad andaluza. Si la salud de las asociaciones depende del compromiso y el entusiasmo de estos andaluces y andaluzas en el exterior, no hay otra respuesta posible que el optimismo. Estoy convencido de que, con el debido respaldo y apoyo que, desde la Junta de Andaluc\u00eda, intentamos aportar a las asociaciones andaluzas en Catalu\u00f1a, la sociedad catalana volver\u00e1 a disfrutar a\u00f1o tras a\u00f1o de su excelente propuesta cultural.<br><strong><span style=\"background-color:#b5dcaf\" class=\"td_text_highlight_marker\">R.A. Supongo que habr\u00e1 visitado el Real con anterioridad. \u00bfQu\u00e9 inquietudes le trasladan las personas que forman parte de las entidades y hermandades andaluzas que participan?<br>E.M. <\/span><\/strong>En un evento como \u00e9ste, los primeros interesados en la seguridad y en que la Feria sea apta para todos los p\u00fablicos son sus propios organizadores. Incidentes puntuales pero que desgraciadamente han tenido lugar alrededor de ediciones pasadas s\u00f3lo empa\u00f1an la imagen y la experiencia de lo que debe ser una celebraci\u00f3n de las tradiciones andaluzas desde el respeto y la alegr\u00eda. En este sentido, los esfuerzos de FECAC por mejorar el dispositivo de vigilancia del recinto son dignos de rese\u00f1ar. Como tambi\u00e9n lo es el hecho de que la Feria haya conservado su car\u00e1cter apol\u00edtico, respondiendo a otra de las inquietudes de las asociaciones: el riesgo de que la fiesta se politizara. La Feria celebra las diferencias que, parad\u00f3jicamente, unen a andaluces y catalanes en una identidad compartida desde hace d\u00e9cadas. Evitemos entre todos que las luchas ideol\u00f3gicas y parlamentarias da\u00f1en este v\u00ednculo irrompible.<\/p>\n","protected":false},"excerpt":{"rendered":"<p>Entrevista con Enrique Millo, Secretario general de Acci\u00f3n Exterior y Uni\u00f3n Europea de la Junta de Andaluc\u00eda RA\u00cdCES ANDALUZAS. Abril y principios de mayo es sin\u00f3nimo de Feria. \u00bfQu\u00e9 cree que perder\u00eda Catalu\u00f1a si por alg\u00fan motivo este evento desapareciera del calendario?ENRIQUE MILLO. Despu\u00e9s de tantos a\u00f1os celebr\u00e1ndose y de tantos miles de personas que [&hellip;]<\/p>\n","protected":false},"author":1,"featured_media":2386,"comment_status":"closed","ping_status":"open","sticky":false,"template":"","format":"standard","meta":{"footnotes":""},"categories":[20],"tags":[],"class_list":{"0":"post-2385","1":"post","2":"type-post","3":"status-publish","4":"format-standard","5":"has-post-thumbnail","7":"category-entrevistas"},"_links":{"self":[{"href":"https:\/\/raicesandaluzas.com\/revista\/wp-json\/wp\/v2\/posts\/2385","targetHints":{"allow":["GET"]}}],"collection":[{"href":"https:\/\/raicesandaluzas.com\/revista\/wp-json\/wp\/v2\/posts"}],"about":[{"href":"https:\/\/raicesandaluzas.com\/revista\/wp-json\/wp\/v2\/types\/post"}],"author":[{"embeddable":true,"href":"https:\/\/raicesandaluzas.com\/revista\/wp-json\/wp\/v2\/users\/1"}],"replies":[{"embeddable":true,"href":"https:\/\/raicesandaluzas.com\/revista\/wp-json\/wp\/v2\/comments?post=2385"}],"version-history":[{"count":1,"href":"https:\/\/raicesandaluzas.com\/revista\/wp-json\/wp\/v2\/posts\/2385\/revisions"}],"predecessor-version":[{"id":2387,"href":"https:\/\/raicesandaluzas.com\/revista\/wp-json\/wp\/v2\/posts\/2385\/revisions\/2387"}],"wp:featuredmedia":[{"embeddable":true,"href":"https:\/\/raicesandaluzas.com\/revista\/wp-json\/wp\/v2\/media\/2386"}],"wp:attachment":[{"href":"https:\/\/raicesandaluzas.com\/revista\/wp-json\/wp\/v2\/media?parent=2385"}],"wp:term":[{"taxonomy":"category","embeddable":true,"href":"https:\/\/raicesandaluzas.com\/revista\/wp-json\/wp\/v2\/categories?post=2385"},{"taxonomy":"post_tag","embeddable":true,"href":"https:\/\/raicesandaluzas.com\/revista\/wp-json\/wp\/v2\/tags?post=2385"}],"curies":[{"name":"wp","href":"https:\/\/api.w.org\/{rel}","templated":true}]}}