{"id":2381,"date":"2025-04-25T09:44:07","date_gmt":"2025-04-25T09:44:07","guid":{"rendered":"https:\/\/raicesandaluzas.com\/revista\/?p=2381"},"modified":"2025-04-25T09:45:21","modified_gmt":"2025-04-25T09:45:21","slug":"todo-preparado-para-que-arranque-la-52-feria-de-abril-de-catalunya","status":"publish","type":"post","link":"https:\/\/raicesandaluzas.com\/revista\/2025\/04\/25\/todo-preparado-para-que-arranque-la-52-feria-de-abril-de-catalunya\/","title":{"rendered":"Todo preparado para que arranque la 52 Feria de Abril de Catalunya"},"content":{"rendered":"\n<p>Faltan pocas horas para que arranque oficialmente la edici\u00f3n n\u00famero 52 de la Feria de Abril de Catalunya. Esta noche, a las 21 horas, las autoridades, con el president de la Generalitat, Salvador Illa, a la cabeza encender\u00e1n el alumbrado dando el pistoletazo a diez d\u00edas de fiesta en el recinto del F\u00f2rum, a caballo entre Barcelona y Sant Adri\u00e0 de Bes\u00f2s. El Real permanecer\u00e1 abierto hasta el pr\u00f3ximo 4 de mayo. <\/p>\n\n\n\n<p>La principal novedad de esta edici\u00f3n de la Feria es que, por primera vez, se cobrar\u00e1 entrada para acceder al recinto. Los organizadores lo justifican para garantizar la movilidad y la seguridad, y evitar as\u00ed situaciones vividas los dos \u00faltimos a\u00f1os en las que se super\u00f3 el aforo y se tuvo que cerrar el acceso a m\u00e1s p\u00fablico. La entrada de un d\u00eda tendr\u00e1 un coste de 3 euros, y habr\u00e1 un bono de 12 euros para los 10 d\u00edas de Feria. Los t\u00edckets se podr\u00e1n adquirir v\u00eda online, a trav\u00e9s de la p\u00e1gina www.feriadeabril.cat o en las taquillas instaladas en los accesos. Adem\u00e1s, el d\u00eda de la inauguraci\u00f3n, el 25 de abril, y el lunes y martes 28 y 29 la Feria ser\u00e1 de acceso libre. Adem\u00e1s del cobro de la entrada, se incrementar\u00e1 el aforo hasta las 40.000 personas (el a\u00f1o pasado era de 31.000) y se reforzar\u00e1 la seguridad con un 23% m\u00e1s de personal en el control de accesos y en la vigilancia, as\u00ed como la instalaci\u00f3n de c\u00e1maras de seguridad y el aumento de la iluminaci\u00f3n en todo el recinto.<\/p>\n\n\n\n<p>El \u00e9xito de la zona village, donde poder comer y beber m\u00e1s all\u00e1 de casetas y mesones, ha hecho que se vuelva a instalar este a\u00f1o. La empresa sevillana Garc\u00eda Mill\u00e1n repartir\u00e1 14.000 raciones de gazpacho el domingo 27 de abril. Y la emisora oficial, Radio Tele Taxi, tendr\u00e1 caseta en la que se llevar\u00e1n a cabo actuaciones y emisiones de sus programas en directo.<\/p>\n","protected":false},"excerpt":{"rendered":"<p>Faltan pocas horas para que arranque oficialmente la edici\u00f3n n\u00famero 52 de la Feria de Abril de Catalunya. Esta noche, a las 21 horas, las autoridades, con el president de la Generalitat, Salvador Illa, a la cabeza encender\u00e1n el alumbrado dando el pistoletazo a diez d\u00edas de fiesta en el recinto del F\u00f2rum, a caballo [&hellip;]<\/p>\n","protected":false},"author":1,"featured_media":2382,"comment_status":"closed","ping_status":"open","sticky":false,"template":"","format":"standard","meta":{"footnotes":""},"categories":[19],"tags":[],"class_list":{"0":"post-2381","1":"post","2":"type-post","3":"status-publish","4":"format-standard","5":"has-post-thumbnail","7":"category-actualidad"},"_links":{"self":[{"href":"https:\/\/raicesandaluzas.com\/revista\/wp-json\/wp\/v2\/posts\/2381","targetHints":{"allow":["GET"]}}],"collection":[{"href":"https:\/\/raicesandaluzas.com\/revista\/wp-json\/wp\/v2\/posts"}],"about":[{"href":"https:\/\/raicesandaluzas.com\/revista\/wp-json\/wp\/v2\/types\/post"}],"author":[{"embeddable":true,"href":"https:\/\/raicesandaluzas.com\/revista\/wp-json\/wp\/v2\/users\/1"}],"replies":[{"embeddable":true,"href":"https:\/\/raicesandaluzas.com\/revista\/wp-json\/wp\/v2\/comments?post=2381"}],"version-history":[{"count":2,"href":"https:\/\/raicesandaluzas.com\/revista\/wp-json\/wp\/v2\/posts\/2381\/revisions"}],"predecessor-version":[{"id":2384,"href":"https:\/\/raicesandaluzas.com\/revista\/wp-json\/wp\/v2\/posts\/2381\/revisions\/2384"}],"wp:featuredmedia":[{"embeddable":true,"href":"https:\/\/raicesandaluzas.com\/revista\/wp-json\/wp\/v2\/media\/2382"}],"wp:attachment":[{"href":"https:\/\/raicesandaluzas.com\/revista\/wp-json\/wp\/v2\/media?parent=2381"}],"wp:term":[{"taxonomy":"category","embeddable":true,"href":"https:\/\/raicesandaluzas.com\/revista\/wp-json\/wp\/v2\/categories?post=2381"},{"taxonomy":"post_tag","embeddable":true,"href":"https:\/\/raicesandaluzas.com\/revista\/wp-json\/wp\/v2\/tags?post=2381"}],"curies":[{"name":"wp","href":"https:\/\/api.w.org\/{rel}","templated":true}]}}