{"id":2377,"date":"2025-04-24T09:27:32","date_gmt":"2025-04-24T09:27:32","guid":{"rendered":"https:\/\/raicesandaluzas.com\/revista\/?p=2377"},"modified":"2025-04-24T09:27:33","modified_gmt":"2025-04-24T09:27:33","slug":"me-gustaria-que-se-mantuviera-la-singularidad-de-la-feria-de-abril","status":"publish","type":"post","link":"https:\/\/raicesandaluzas.com\/revista\/2025\/04\/24\/me-gustaria-que-se-mantuviera-la-singularidad-de-la-feria-de-abril\/","title":{"rendered":"\u201cMe gustar\u00eda que se mantuviera la singularidad de la Feria de Abril\u201d"},"content":{"rendered":"\n<p><strong>Entrevista con Filo Ca\u00f1ete, alcaldesa de Sant Adri\u00e0 de Bes\u00f2s<\/strong><\/p>\n\n\n\n<p><strong><span style=\"background-color:#b5dcaf\" class=\"td_text_highlight_marker\">RA\u00cdCES ANDALUZAS. Este a\u00f1o se cobrar\u00e1 la entrada a 3 euros. \u00bfQu\u00e9 le parece la medida?<\/span><\/strong><\/p>\n\n\n\n<p><strong><span style=\"background-color:#b5dcaf\" class=\"td_text_highlight_marker\">FILO CA\u00d1ETE. <\/span><\/strong>La verdad es que no he tenido la oportunidad de reflexionar mucho sobre este tema porque me ha llegado de manera no oficial. Es cierto que el a\u00f1o pasado hubo muchos problemas respecto al aforo de la Feria. Llevamos tiempo hablando con BSM, que es quien gestiona el F\u00f2rum, de c\u00f3mo se gestionan los eventos que se organizan en el F\u00f2rum para conseguir un equilibrio con la convivencia de los vecinos. Pero no te puedo decir mucho porque, a d\u00eda de hoy, no he hablado con FECAC de este tema. Entiendo que esto es porque BSM apretar\u00e1, a nivel de costes, y que ser\u00e1 tambi\u00e9n para tener un cierto control del aforo.\u00a0<\/p>\n\n\n\n<p><strong><span style=\"background-color:#b5dcaf\" class=\"td_text_highlight_marker\">R.A. \u00bfCambiar\u00eda algo de la organizaci\u00f3n, le gustar\u00eda que algo fuera diferente?<\/span><\/strong><\/p>\n\n\n\n<p><strong><span style=\"background-color:#b5dcaf\" class=\"td_text_highlight_marker\">F.C.<\/span> <\/strong>A m\u00ed me gustar\u00eda que se mantuviera la singularidad de la Feria. Que fuera m\u00e1s aut\u00e9ntica y genuina, como sigue siendo la parte de las casetas de las entidades. Por ejemplo, a la entrada de la Feria hay puestos, que pueden ser complementarios, con m\u00fasica de reggaeton que no me cuadran mucho. Luego hay otras casetas, como las de los partidos pol\u00edticos, que s\u00ed que mantienen la esencia de la Feria, con m\u00fasica de sevillanas, flamenco, coros, grupos de bailes. Eso s\u00ed es la esencia.<\/p>\n\n\n\n<p>Y otra cosa que tambi\u00e9n cambiar\u00eda es que el d\u00eda de la inauguraci\u00f3n no hubiera tantos parlamentos. Ya el pase\u00edllo es tensionador, y m\u00e1s cuando se aproximan periodos electorales. Pero no creo que sean necesarios tantos parlamentos, aunque entiendo que la FECAC quiera agradecer el soporte de las diferentes administraciones. Se hace un poco pesado, porque al final acabamos todos hablando de lo mismo. <strong><\/strong><\/p>\n\n\n\n<p><strong><span style=\"background-color:#b5dcaf\" class=\"td_text_highlight_marker\">R.A. El PSC gobierna en los dos ayuntamientos y en la Generalitat. \u00bfEso hace el ambiente m\u00e1s llevadero o la Feria es un buen lugar para reunirse con rivales pol\u00edticos?<\/span><\/strong><\/p>\n\n\n\n<p><strong><span style=\"background-color:#b5dcaf\" class=\"td_text_highlight_marker\">F.C.<\/span><\/strong> Siempre ha sido muy agradable el ambiente en la Feria, no ha habido ning\u00fan tipo de problema con nadie. Con el president Aragon\u00e9s coincidimos creo que dos veces, y todo fue muy bien.\u00a0\u00a0 <\/p>\n\n\n\n<p><strong><span style=\"background-color:#b5dcaf\" class=\"td_text_highlight_marker\">R.A. \u00bfC\u00f3mo est\u00e1n de salud las hermandades rocieras y entidades de cultura andaluza de la ciudad?<\/span><\/strong><\/p>\n\n\n\n<p><strong><span style=\"background-color:#b5dcaf\" class=\"td_text_highlight_marker\">F.C.<\/span> <\/strong>Ahora mismo la \u00fanica entidad adrianense que participa en la Feria es la Hermandad Virgen de Las Rocinas, y lo viven como una manera de conectar con la ciudadan\u00eda y mostrar lo importante que es para ellas no solo la Feria, sino sobre todo el Roc\u00edo. Eso lo vivo mucho con ellos, y con la Hermandad Pastora del Alba tambi\u00e9n, no ya en la Feria, sino en los cambios de vara y dem\u00e1s actividades. Y lo que viven es lo que pasa con otras entidades, que no hay un relevo generacional. Ahora en Rocinas los j\u00f3venes s\u00ed han dado un paso al frente con una junta renovada. En actividades como la Zambomb\u00e1 de Navidad s\u00ed ves cada vez m\u00e1s j\u00f3venes que mantienen viva la tradici\u00f3n. Ese es el camino. Se ve sobre todo en el Roc\u00edo, vives algo m\u00e1s, su manera de vivir, porque para las hermandades eso es el Roc\u00edo. Es algo muy bonito que he experimentado con las hermandades rocieras de Sant Adri\u00e0.<\/p>\n\n\n\n<p><strong><span style=\"background-color:#b5dcaf\" class=\"td_text_highlight_marker\">R.A. \u00bfHa ido al Roc\u00edo?<\/span><\/strong><\/p>\n\n\n\n<p><strong><span style=\"background-color:#b5dcaf\" class=\"td_text_highlight_marker\">F.C. <\/span><\/strong>S\u00ed, he ido. Lo que no he hecho es quedarme toda la noche, pero s\u00ed que he estado en diferentes momentos del Roc\u00edo. Y vives ese esp\u00edritu que comentaba antes, esa manera de vivir que es para ellos el Roc\u00edo.<\/p>\n\n\n\n<p><strong><span style=\"background-color:#b5dcaf\" class=\"td_text_highlight_marker\">R.A. \u00bfPiensa que la ciudadan\u00eda adrianense siente la Feria como algo propio? Porque el F\u00f2rum es mitad Sant Adri\u00e0 y mitad Barcelona.<\/span><\/strong><\/p>\n\n\n\n<p><strong><span style=\"background-color:#b5dcaf\" class=\"td_text_highlight_marker\">F.C. <\/span><\/strong>Creo que lo ven como algo que se hace en el F\u00f2rum, que el F\u00f2rum aglutina.<\/p>\n\n\n\n<p><strong><span style=\"background-color:#b5dcaf\" class=\"td_text_highlight_marker\">R.A. Cuando le entrevistamos para el especial de Feria de Abril 2022, que hac\u00eda un a\u00f1o que ocupaba la alcald\u00eda, nos coment\u00f3 que estaba un poco frustrada por la lentitud de la burocracia. \u00bfYa est\u00e1 m\u00e1s acostumbrada o sigue frustrada?<\/span><\/strong><\/p>\n\n\n\n<p><strong><span style=\"background-color:#b5dcaf\" class=\"td_text_highlight_marker\">F.C. <\/span><\/strong>Ya estaba acostumbrada como concejal, pero s\u00ed es verdad que cada vez es m\u00e1s dif\u00edcil porque se ponen m\u00e1s reglas, m\u00e1s normas, que es para garantizar el manejo del dinero p\u00fablico, y se tienen que garantizar todos los procedimientos, pero creo que deber\u00edamos trabajar a nivel supramunicipal por unos procesos que simplifiquen estos procesos, sobre todo de cara a los entes locales. Siempre digo que somos la primera trinchera, la primera respuesta al ciudadano. Es muy dif\u00edcil explicar a la ciudadan\u00eda que \u201cesto no es competencia del ayuntamiento\u201d. El ciudadano tiene un problema y quiere que se lo soluciones, porque t\u00fa eres mi primer referente. Y precisamente somos los ayuntamientos los que m\u00e1s dif\u00edcil lo tenemos para agilizar los procesos. Esto hace que los mandatos sean realmente tensionadores, porque se reduce pr\u00e1cticamente a tres a\u00f1os. En tres a\u00f1os, planificar y llevar a cabo una actuaci\u00f3n urban\u00edstica es casi imposible. No solo en grandes procesos, para el d\u00eda a d\u00eda a necesita una gesti\u00f3n m\u00e1s \u00e1gil. La ciudadan\u00eda no se merece estos tiempos y estos lastres. Sin hablar de las reglas fiscales a las que estamos sometidos los entes locales, en las que se trata de igual manera a quien lo hace bien y a quien no lo hace bien. Es frustrante porque t\u00fa trabajas para hacer las cosas bien y al final a todos nos ponen en el mismo saco. \u00a0<\/p>\n\n\n\n<p><strong><span style=\"background-color:#b5dcaf\" class=\"td_text_highlight_marker\">R.A. La lentitud burocr\u00e1tica la hemos vivido en el tema de la limpieza de la arena contaminada de la playa del Litoral. \u00bfHa habido momentos de desesperaci\u00f3n?<\/span><\/strong><\/p>\n\n\n\n<p><strong><span style=\"background-color:#b5dcaf\" class=\"td_text_highlight_marker\">F.C.<\/span> <\/strong>Y tanto. Primero al inicio, porque no \u00e9ramos conscientes de lo que pod\u00eda pasar, pens\u00e1bamos que solo iban a ser unos meses. Despu\u00e9s, cuando ves la realidad y todo lo que implicaba desde un punto de vista procedimental. Nos hemos tenido que poner de acuerdo muchas administraciones, desde el ministerio hasta la AMB, pasando por la ACA, etc. Y gracias que hemos tenido la colaboraci\u00f3n muy importante de la Delegaci\u00f3n de Gobierno, que nos facilit\u00f3 todas las interlocuciones con el ministerio. Y cuando ya se han hecho las obras y la Ag\u00e8ncia Catalana de Residus est\u00e1 elaborando el informe para te\u00f3ricamente dar el visto bueno a la reapertura de la playa, nos viene un temporal. Es curioso que la playa del Litoral no suele perder arena con los temporales, incluso con el Gloria, que se llev\u00f3 parte de la cubierta del polideportivo Marina Bes\u00f2s, no cambi\u00f3 pr\u00e1cticamente ni un grano de arena de la playa. Sin embargo, vinieron Ciar\u00e1n y Nelson, y nos cambiaron los orograf\u00eda de la playa, que conllev\u00f3 hacer m\u00e1s anal\u00edticas. Salieron tres pastilas afectadas que tuvieron que volver a limpiarse y hacer los an\u00e1lisis para demostrar que todo estaba listo. Por fin, ya tenemos la playa adecuada, se ha acondicionado una zona de calistenia, tenemos ya el contrato para los socorristas. En definitiva, volvemos a la normalidad. \u00a0<\/p>\n\n\n\n<p><strong><span style=\"background-color:#b5dcaf\" class=\"td_text_highlight_marker\">R.A. Antes nos comentaba que le daba rabia que se pusiera a todos los ayuntamientos en el mismo saco. Estos meses estamos viendo manifestaciones de ciudadanos, sobre todo en los barrios del Casc Antic y Sant Adri\u00e0 Nord para denunciar delincuencia, incivismo e inseguridad. \u00bfLe molesta que digan que desde el ayuntamiento no se est\u00e1 haciendo nada en estas zonas para evitar estos problemas?<\/span><\/strong><\/p>\n\n\n\n<p><strong><span style=\"background-color:#b5dcaf\" class=\"td_text_highlight_marker\">F.C.<\/span> <\/strong>Me molesta que determinadas actuaciones sean orquestadas. Cuando adem\u00e1s yo me he sentado con algunas personas que hab\u00edan liderado estas manifestaciones y les hab\u00eda dado explicaciones. Me molesta tambi\u00e9n que aunque algunos de estos problemas se hayan producido en las zonas lim\u00edtrofes, e incluso en territorio fuera de la ciudad como en Badalona, las manifestaciones se hagan aqu\u00ed en Sant Adri\u00e0. Me molesta que se utilice desde alg\u00fan partido pol\u00edtico, que no nombrar\u00e9 porque soy responsable.<\/p>\n\n\n\n<p><strong><span style=\"background-color:#b5dcaf\" class=\"td_text_highlight_marker\">R.A. \u00bfEl problema de seguridad de La Mina se soluciona solo con m\u00e1s efectivos policiales o se puede hacer algo socialmente?<\/span><\/strong><\/p>\n\n\n\n<p><strong><span style=\"background-color:#b5dcaf\" class=\"td_text_highlight_marker\">F.C. <\/span><\/strong>Todos tenemos claro que tratar el tema de La Mina debe hacerse de manera transversal. No se puede abocar todo a una cuesti\u00f3n de seguridad, pero s\u00ed es cierto que es una pieza importante porque tenemos que generar una percepci\u00f3n de seguridad a los ciudadanos. Si los vecinos y vecinas se sienten seguros a la hora de salir a la calle, van a ser participativos y colaborar en actividades que desarrollen tanto el ayuntamiento como las entidades, y habr\u00e1 dinamismo en la ciudad. Si no se sienten seguros no van a querer compartir el espacio p\u00fablico, que es una de mis obsesiones. La Mina tiene sus singularidades, que hay que tener en cuenta, pero tenemos que seguir trabajando en el terreno social. No solo en servicios sociales, sino a nivel educativo, asociativo, etc. Tenemos que trabajar para La Mina sea un barrio activo, vivo, y que est\u00e9 empoderado por sus vecinos y vecinas. Para eso tenemos que terminar el proceso de transformaci\u00f3n del barrio que traer\u00e1 nuevos equipamientos y servicios.\u00a0 \u00a0\u00a0\u00a0\u00a0\u00a0\u00a0<\/p>\n\n\n\n<p><strong><span style=\"background-color:#b5dcaf\" class=\"td_text_highlight_marker\">R.A. Hace unos d\u00edas se llev\u00f3 a cabo la presentaci\u00f3n del proyecto ganador de la rehabilitaci\u00f3n de la Nave de las Turbinas. Al frente estuvo el presidente Illa y la Generalitat dej\u00f3 muy claro que era el motor del hub audiovisual, del Media City de las tres chimeneas. \u00bfQu\u00e9 papel concreto tiene el ayuntamiento de Sant Adri\u00e0 en todo esto?<\/span><\/strong><\/p>\n\n\n\n<p><strong><span style=\"background-color:#b5dcaf\" class=\"td_text_highlight_marker\">F.C.<\/span> <\/strong>Es un papel fundamental. Esto lo dejamos claro en el momento en el que se aprob\u00f3 el Plan Director Urban\u00edstico de las 32 hect\u00e1reas de la zona de las tres chimeneas. Tambi\u00e9n dejamos claro que cuando el PDU incorporaba que la pieza fundamental para la llegada del Catalunya Media City, del hub del audiovisual y el videojuego, era la sala de turbinas y que ten\u00eda que dinamizarse, los ayuntamientos solos no pod\u00edamos. Era la Generalitat la que tiene que coger el liderazgo, pero no lo hace a espaldas de los ayuntamientos, lo pedimos nosotros porque tiene que ser el motor a nivel de recursos econ\u00f3micos, humanos y, sobre todo, de liderazgo pol\u00edtico. En la presentaci\u00f3n que comentas el president Illa habl\u00f3 de nuevo impulso porque quer\u00eda dejar claro que se respeta mucho todo lo trabajado anteriormente con el gobierno de Pere Aragon\u00e9s, la consellera Nat\u00e0lia Garriga y todo el equipo de la conselleria de Cultura. Tambi\u00e9n hablamos de nuevo impulso por el Consorci del Bes\u00f2s, con el nombramiento de una nueva direcci\u00f3n general, que es quien tiene el encargo de tirar adelante todo lo que tiene que ver con el hub. Es cierto que el liderazgo lo ejerce la Generalitat, pero los ayuntamientos estamos aqu\u00ed, conocemos todos los pasos que se est\u00e1n dando. El consistorio de Sant Adri\u00e0 ha participado en el tribunal que ha escogido el proyecto ganador de la rehabilitaci\u00f3n de la Nave de Turbinas. Somos protagonistas, pero solos no podemos hacerlo. \u00a0\u00a0\u00a0\u00a0\u00a0<\/p>\n","protected":false},"excerpt":{"rendered":"<p>Entrevista con Filo Ca\u00f1ete, alcaldesa de Sant Adri\u00e0 de Bes\u00f2s RA\u00cdCES ANDALUZAS. Este a\u00f1o se cobrar\u00e1 la entrada a 3 euros. \u00bfQu\u00e9 le parece la medida? FILO CA\u00d1ETE. La verdad es que no he tenido la oportunidad de reflexionar mucho sobre este tema porque me ha llegado de manera no oficial. Es cierto que el [&hellip;]<\/p>\n","protected":false},"author":1,"featured_media":819,"comment_status":"closed","ping_status":"open","sticky":false,"template":"","format":"standard","meta":{"footnotes":""},"categories":[20],"tags":[],"class_list":{"0":"post-2377","1":"post","2":"type-post","3":"status-publish","4":"format-standard","5":"has-post-thumbnail","7":"category-entrevistas"},"_links":{"self":[{"href":"https:\/\/raicesandaluzas.com\/revista\/wp-json\/wp\/v2\/posts\/2377","targetHints":{"allow":["GET"]}}],"collection":[{"href":"https:\/\/raicesandaluzas.com\/revista\/wp-json\/wp\/v2\/posts"}],"about":[{"href":"https:\/\/raicesandaluzas.com\/revista\/wp-json\/wp\/v2\/types\/post"}],"author":[{"embeddable":true,"href":"https:\/\/raicesandaluzas.com\/revista\/wp-json\/wp\/v2\/users\/1"}],"replies":[{"embeddable":true,"href":"https:\/\/raicesandaluzas.com\/revista\/wp-json\/wp\/v2\/comments?post=2377"}],"version-history":[{"count":1,"href":"https:\/\/raicesandaluzas.com\/revista\/wp-json\/wp\/v2\/posts\/2377\/revisions"}],"predecessor-version":[{"id":2378,"href":"https:\/\/raicesandaluzas.com\/revista\/wp-json\/wp\/v2\/posts\/2377\/revisions\/2378"}],"wp:featuredmedia":[{"embeddable":true,"href":"https:\/\/raicesandaluzas.com\/revista\/wp-json\/wp\/v2\/media\/819"}],"wp:attachment":[{"href":"https:\/\/raicesandaluzas.com\/revista\/wp-json\/wp\/v2\/media?parent=2377"}],"wp:term":[{"taxonomy":"category","embeddable":true,"href":"https:\/\/raicesandaluzas.com\/revista\/wp-json\/wp\/v2\/categories?post=2377"},{"taxonomy":"post_tag","embeddable":true,"href":"https:\/\/raicesandaluzas.com\/revista\/wp-json\/wp\/v2\/tags?post=2377"}],"curies":[{"name":"wp","href":"https:\/\/api.w.org\/{rel}","templated":true}]}}