{"id":2373,"date":"2025-04-24T09:14:23","date_gmt":"2025-04-24T09:14:23","guid":{"rendered":"https:\/\/raicesandaluzas.com\/revista\/?p=2373"},"modified":"2025-04-24T09:15:15","modified_gmt":"2025-04-24T09:15:15","slug":"la-feria-es-un-lugar-donde-el-crisol-la-tradicion-y-la-modernidad-se-dan-la-mano","status":"publish","type":"post","link":"https:\/\/raicesandaluzas.com\/revista\/2025\/04\/24\/la-feria-es-un-lugar-donde-el-crisol-la-tradicion-y-la-modernidad-se-dan-la-mano\/","title":{"rendered":"\u00abLa Feria es un lugar donde el crisol, la tradici\u00f3n y la modernidad se dan la mano\u00bb"},"content":{"rendered":"\n<p><strong>Entrevista a Jaume Collboni, alcalde de Barcelona<\/strong><\/p>\n\n\n\n<p><strong><span style=\"background-color:#b5dcaf\" class=\"td_text_highlight_marker\">RA\u00cdCES ANDALUZAS. La principal novedad de la edici\u00f3n de la Feria de Abril 2025 es el cobro de entrada para acceder al Real. \u00bfQu\u00e9 le parece esta medida?<\/span><\/strong><\/p>\n\n\n\n<p><strong><span style=\"background-color:#b5dcaf\" class=\"td_text_highlight_marker\">JAUME COLLBONI. <\/span><\/strong>En primer lugar, quiero dar las gracias a la FECAC por tirar adelante con una nueva edici\u00f3n de la Feria de Abril. Ya van 52 ediciones de un evento que aglutina a las asociaciones culturales andaluzas, a las pe\u00f1as y a las hermandades rocieras, y quiero reconocer el enorme esfuerzo que eso supone. La Barcelona de hoy no se podr\u00eda entender sin la aportaci\u00f3n de la cultura de origen andaluz y de todas las personas que tienen su origen en Andaluc\u00eda.<\/p>\n\n\n\n<p>Respecto a la Feria de este a\u00f1o, espero que esta nueva medida ayude a seguir mejorando la organizaci\u00f3n, en t\u00e9rminos de seguridad y movilidad.<\/p>\n\n\n\n<p><strong><span style=\"background-color:#b5dcaf\" class=\"td_text_highlight_marker\">R.A. \u00bfCambiar\u00eda algo de la organizaci\u00f3n de la Feria de Abril de Catalunya?<\/span><\/strong><\/p>\n\n\n\n<p><strong><span style=\"background-color:#b5dcaf\" class=\"td_text_highlight_marker\">J.C. <\/span><\/strong>La Feria de Abril, como todos los grandes eventos que se celebran en Barcelona, ha ido evolucionando y transform\u00e1ndose a lo largo de muchos a\u00f1os, siempre con la voluntad de mejorar y adaptarse a los nuevos tiempos.<\/p>\n\n\n\n<p>Como alcalde, lo m\u00e1s importante para m\u00ed es que la Feria sea un espacio de celebraci\u00f3n de la cultura andaluza en Catalunya y que, especialmente, sirva como un verdadero espacio de encuentro y fraternidad entre personas de distinta condici\u00f3n y or\u00edgenes. La Feria es un lugar donde el crisol, la tradici\u00f3n y la modernidad se dan la mano. <strong><\/strong><\/p>\n\n\n\n<p><strong><span style=\"background-color:#b5dcaf\" class=\"td_text_highlight_marker\">R.A. \u00bfQu\u00e9 imagen cree que transmite de Barcelona la celebraci\u00f3n de la Feria de Abril?&nbsp;<\/span><\/strong><\/p>\n\n\n\n<p><strong><span style=\"background-color:#b5dcaf\" class=\"td_text_highlight_marker\">J.C.<\/span><\/strong> Barcelona es una ciudad abierta al mundo y orgullosa de todos aquellos que formamos parte de ella, indistintamente de nuestros or\u00edgenes familiares: catalanes, andaluces, murcianos, extreme\u00f1os, castellanos, aragoneses\u2026 y de todos los rincones de Espa\u00f1a y el mundo entero.<\/p>\n\n\n\n<p>Yo entiendo la Feria de Abril como un reflejo y una expresi\u00f3n concreta de esos valores de respeto, igualdad, diversidad e inclusi\u00f3n que Barcelona defiende y que creo que hoy, en los tiempos que nos ha tocado vivir, son m\u00e1s necesarios que nunca.<\/p>\n\n\n\n<p><strong><span style=\"background-color:#b5dcaf\" class=\"td_text_highlight_marker\">R.A. La Feria de Abril est\u00e1 asentada en Barcelona desde principios de siglo XXI. \u00bfCree que los barceloneses la sienten como algo propio?<\/span><\/strong><\/p>\n\n\n\n<p><strong><span style=\"background-color:#b5dcaf\" class=\"td_text_highlight_marker\">J.C.<\/span> <\/strong>Cada a\u00f1o, miles y miles de barceloneses nos acercamos a la Feria de Abril para disfrutarla, vivirla y compartirla con nuestras amistades. Por tanto, es un hecho innegable que la Feria est\u00e1 bien asentada en el calendario festivo de nuestra ciudad, a un nivel similar al de muchos otros grandes eventos festivos, culturales o incluso empresariales.<\/p>\n\n\n\n<p><strong><span style=\"background-color:#b5dcaf\" class=\"td_text_highlight_marker\">R.A. Para algunas personas, la Feria de Abril est\u00e1 llena de t\u00f3picos que no tienen nada que ver con Catalunya. \u00bfQu\u00e9 les dir\u00eda?<\/span><\/strong><\/p>\n\n\n\n<p><strong><span style=\"background-color:#b5dcaf\" class=\"td_text_highlight_marker\">J.C. <\/span><\/strong>Les dir\u00eda que Catalunya es mucho m\u00e1s amplia y diversa de lo que algunos pretenden. Catalunya somos todos y todas los que vivimos en ella, los que constantemente trabajan por mejorar sus barrios y sus ciudades, los que levantan la persiana a diario, los que se esfuerzan por construir un futuro para sus hijos e hijas, los que se dedican a cuidar, potenciar y enriquecer su cultura\u2026 no entender todo eso es dar la espalda a una parte de lo que Catalunya representa en pleno siglo XXI. <\/p>\n\n\n\n<div><a href=\"https:\/\/raicesandaluzas.com\/revista\/wp-content\/uploads\/2025\/04\/jaumecollboni25-684x1024.jpg\" class=\"td-modal-image\"><figure class=\"wp-block-image size-large\"><img loading=\"lazy\" decoding=\"async\" width=\"684\" height=\"1024\" src=\"https:\/\/raicesandaluzas.com\/revista\/wp-content\/uploads\/2025\/04\/jaumecollboni25-684x1024.jpg\" alt=\"\" class=\"wp-image-2374\" srcset=\"https:\/\/raicesandaluzas.com\/revista\/wp-content\/uploads\/2025\/04\/jaumecollboni25-684x1024.jpg 684w, https:\/\/raicesandaluzas.com\/revista\/wp-content\/uploads\/2025\/04\/jaumecollboni25-201x300.jpg 201w, https:\/\/raicesandaluzas.com\/revista\/wp-content\/uploads\/2025\/04\/jaumecollboni25-768x1149.jpg 768w, https:\/\/raicesandaluzas.com\/revista\/wp-content\/uploads\/2025\/04\/jaumecollboni25-281x420.jpg 281w, https:\/\/raicesandaluzas.com\/revista\/wp-content\/uploads\/2025\/04\/jaumecollboni25-696x1041.jpg 696w, https:\/\/raicesandaluzas.com\/revista\/wp-content\/uploads\/2025\/04\/jaumecollboni25.jpg 802w\" sizes=\"auto, (max-width: 684px) 100vw, 684px\" \/><\/figure><\/a><\/div>\n\n\n\n<p><strong>\u00a0<\/strong><\/p>\n\n\n\n<p><strong><span style=\"background-color:#b5dcaf\" class=\"td_text_highlight_marker\">R.A. En el Real catal\u00e1n no solo est\u00e1 representada la cultura andaluza, tambi\u00e9n otras del resto de la geograf\u00eda espa\u00f1ola y de m\u00e1s all\u00e1 de nuestras fronteras. En pleno debate migratorio, \u00bfconsidera que la Feria de Abril marca un buen camino hacia la convivencia?<\/span><\/strong><\/p>\n\n\n\n<p><strong><span style=\"background-color:#b5dcaf\" class=\"td_text_highlight_marker\">J.C. <\/span><\/strong>Todos los espacios que fomenten el intercambio, el respeto, la diversidad, el encuentro, la solidaridad o la igualdad, son necesarios y fortalecen la convivencia. En ese sentido, no hay duda de que la Feria supone una oportunidad.<\/p>\n\n\n\n<p>Me gustar\u00eda destacar que Barcelona est\u00e1 formada por much\u00edsimas personas con or\u00edgenes muy diversos. Nuestra ciudad se ha construido, en buena parte, gracias a todos ellos y ellas. De hecho, hoy en d\u00eda m\u00e1s de la mitad de barceloneses han nacido fuera de la ciudad, y uno de cada tres, nacieron fuera de Espa\u00f1a. Hay que reconocer esa realidad, gestionarla y afrontarla en beneficio de todos y todas. Yo creo que no solo es posible hacerlo, si no que adem\u00e1s es necesario.<\/p>\n\n\n\n<p><strong><span style=\"background-color:#b5dcaf\" class=\"td_text_highlight_marker\">R.A. \u00bfQu\u00e9 le aportan, a nivel personal, sus visitas al Real catal\u00e1n?<\/span><\/strong><\/p>\n\n\n\n<p><strong><span style=\"background-color:#b5dcaf\" class=\"td_text_highlight_marker\">J.C.<\/span> <\/strong>Como barcelon\u00e9s, visitar la Feria es una buena ocasi\u00f3n para compartir cultura, alegr\u00eda y fraternidad con amigos y conocidos. Visitarla como alcalde, adem\u00e1s, supone tambi\u00e9n un orgullo y una oportunidad para reencontrarse con toda la gente de las asociaciones, las entidades y la comunidad de origen andaluz. Es un espacio de reencuentro, que valoro y disfruto mucho.<\/p>\n\n\n\n<p><strong><span style=\"background-color:#b5dcaf\" class=\"td_text_highlight_marker\">R.A. En sus visitas a la Feria puede descubrir de primera mano el estado de las asociaciones. \u00bfC\u00f3mo ve de salud las hermandades rocieras y entidades de cultura andaluza de Barcelona?<\/span><\/strong><\/p>\n\n\n\n<p><strong><span style=\"background-color:#b5dcaf\" class=\"td_text_highlight_marker\">J.C. <\/span><\/strong>La cultura de origen andaluz est\u00e1 muy viva y presente en Barcelona. Desde el Ayuntamiento contamos con las hermandades rocieras y las entidades andaluzas para seguir fortaleciendo la cultura y la convivencia en la ciudad.<\/p>\n\n\n\n<p>Las entidades han sido, son y espero que sigan siendo una parte esencial del tejido social de nuestros barrios, y tenemos que continuar trabajando juntos para hacer realidad una Barcelona mejor para todos y todas. Esa es mi voluntad y mi compromiso como alcalde. <strong><\/strong><\/p>\n","protected":false},"excerpt":{"rendered":"<p>Entrevista a Jaume Collboni, alcalde de Barcelona RA\u00cdCES ANDALUZAS. La principal novedad de la edici\u00f3n de la Feria de Abril 2025 es el cobro de entrada para acceder al Real. \u00bfQu\u00e9 le parece esta medida? JAUME COLLBONI. En primer lugar, quiero dar las gracias a la FECAC por tirar adelante con una nueva edici\u00f3n de [&hellip;]<\/p>\n","protected":false},"author":1,"featured_media":2374,"comment_status":"closed","ping_status":"open","sticky":false,"template":"","format":"standard","meta":{"footnotes":""},"categories":[20],"tags":[],"class_list":{"0":"post-2373","1":"post","2":"type-post","3":"status-publish","4":"format-standard","5":"has-post-thumbnail","7":"category-entrevistas"},"_links":{"self":[{"href":"https:\/\/raicesandaluzas.com\/revista\/wp-json\/wp\/v2\/posts\/2373","targetHints":{"allow":["GET"]}}],"collection":[{"href":"https:\/\/raicesandaluzas.com\/revista\/wp-json\/wp\/v2\/posts"}],"about":[{"href":"https:\/\/raicesandaluzas.com\/revista\/wp-json\/wp\/v2\/types\/post"}],"author":[{"embeddable":true,"href":"https:\/\/raicesandaluzas.com\/revista\/wp-json\/wp\/v2\/users\/1"}],"replies":[{"embeddable":true,"href":"https:\/\/raicesandaluzas.com\/revista\/wp-json\/wp\/v2\/comments?post=2373"}],"version-history":[{"count":2,"href":"https:\/\/raicesandaluzas.com\/revista\/wp-json\/wp\/v2\/posts\/2373\/revisions"}],"predecessor-version":[{"id":2376,"href":"https:\/\/raicesandaluzas.com\/revista\/wp-json\/wp\/v2\/posts\/2373\/revisions\/2376"}],"wp:featuredmedia":[{"embeddable":true,"href":"https:\/\/raicesandaluzas.com\/revista\/wp-json\/wp\/v2\/media\/2374"}],"wp:attachment":[{"href":"https:\/\/raicesandaluzas.com\/revista\/wp-json\/wp\/v2\/media?parent=2373"}],"wp:term":[{"taxonomy":"category","embeddable":true,"href":"https:\/\/raicesandaluzas.com\/revista\/wp-json\/wp\/v2\/categories?post=2373"},{"taxonomy":"post_tag","embeddable":true,"href":"https:\/\/raicesandaluzas.com\/revista\/wp-json\/wp\/v2\/tags?post=2373"}],"curies":[{"name":"wp","href":"https:\/\/api.w.org\/{rel}","templated":true}]}}