{"id":2370,"date":"2025-04-23T10:33:11","date_gmt":"2025-04-23T10:33:11","guid":{"rendered":"https:\/\/raicesandaluzas.com\/revista\/?p=2370"},"modified":"2025-04-23T10:33:12","modified_gmt":"2025-04-23T10:33:12","slug":"la-cataluna-de-hoy-no-se-entiende-sin-los-andaluces-que-llegaron-ayer-y-que-contribuyeron-a-su-crecimiento","status":"publish","type":"post","link":"https:\/\/raicesandaluzas.com\/revista\/2025\/04\/23\/la-cataluna-de-hoy-no-se-entiende-sin-los-andaluces-que-llegaron-ayer-y-que-contribuyeron-a-su-crecimiento\/","title":{"rendered":"\u00abLa Catalu\u00f1a de hoy no se entiende sin los andaluces que llegaron ayer y que contribuyeron a su crecimiento\u00bb"},"content":{"rendered":"\n<p><strong>Entrevista a Daniel Sirera, <em>presidente del grupo municipal del Partido Popular en el Ayuntamiento de Barcelona<\/em><\/strong><\/p>\n\n\n\n<p><strong><span style=\"background-color:#b5dcaf\" class=\"td_text_highlight_marker\">RA\u00cdCES ANDALUZAS. La principal novedad de la edici\u00f3n de la Feria de Abril 2025 es el cobro de entrada para acceder al Real. \u00bfQu\u00e9 le parece esta medida?<br>DANIEL SIRERA.<\/span><\/strong> La Feria de Abril es una fiesta popular que se ha caracterizado siempre por abrir las puertas a todo el mundo y esto entra en contradicci\u00f3n con esta nueva medida. En todo caso, espero que esta medida sirva realmente para mejorar la seguridad en el recinto.<br><strong><span style=\"background-color:#b5dcaf\" class=\"td_text_highlight_marker\">R.A. \u00bfCambiar\u00eda algo de la organizaci\u00f3n de la Feria de Abril de Catalunya?<br>D.S.<\/span><\/strong> Me gustar\u00eda que la Feria de Abril de Catalunya fuese realmente un reflejo de las ferias celebradas en Andaluc\u00eda. Un real por el que paseen carros de caballo y m\u00e1s trajes flamencos y donde sea la cultura andaluza la gran protagonista. Las casas regionales, centros culturales y cofrad\u00edas hacen un gran esfuerzo por mantener este esp\u00edritu y creo que merecen todo el reconocimiento y respeto a sus ra\u00edces.<br><strong><span style=\"background-color:#b5dcaf\" class=\"td_text_highlight_marker\">R.A. La Feria de Abril est\u00e1 asentada en Barcelona desde principios de siglo XXI. \u00bfCree que los barceloneses la sienten como algo propio?<br>D.S. <\/span><\/strong>Los barceloneses no se pierden cada a\u00f1o la cita con la Feria de Abril. El a\u00f1o pasado pasaron por el recinto m\u00e1s de un mill\u00f3n de personas, lo que demuestra que los barceloneses la sienten como propia y esperan su celebraci\u00f3n cada a\u00f1o, tengan origen andaluz o no.<br><strong><span style=\"background-color:#b5dcaf\" class=\"td_text_highlight_marker\">R.A. Para algunas personas, la Feria de Abril est\u00e1 llena de t\u00f3picos que no tienen nada que ver con Catalunya. \u00bfQu\u00e9 les dir\u00eda?<br>D.S.<\/span><\/strong> Les dir\u00eda que la Catalu\u00f1a de hoy no se entiende sin los andaluces que llegaron ayer y que contribuyeron a su crecimiento. Adem\u00e1s, Catalu\u00f1a y Andaluc\u00eda est\u00e1n muy unidas, no solo por esa gran comunidad de andaluces que viven en Catalu\u00f1a, sino por lazos culturales como la alegr\u00eda de la rumba o el legado de Picasso en Barcelona.<br><strong><span style=\"background-color:#b5dcaf\" class=\"td_text_highlight_marker\">R.A. En el Real catal\u00e1n no solo est\u00e1 representada la cultura andaluza, tambi\u00e9n otras del resto de la geograf\u00eda espa\u00f1ola y de m\u00e1s all\u00e1 de nuestras fronteras. En pleno debate migratorio, \u00bfconsidera que la Feria de Abril marca un buen camino hacia la convivencia?<br>D.S.<\/span><\/strong> Por supuesto la Feria de Abril es un ejemplo de convivencia e interculturalidad, es un rasgo que caracteriza tanto a Andaluc\u00eda como a Catalu\u00f1a, dos regiones de acogida; pero considero que no puede perderse la esencia andaluza y la calidad de la oferta cultural y gastron\u00f3mica que debe ofrecer la Feria.<br><strong><span style=\"background-color:#b5dcaf\" class=\"td_text_highlight_marker\">R.A. \u00bfQu\u00e9 le aportan, a nivel personal, sus visitas al Real catal\u00e1n?<br>D.S. <\/span><\/strong>Soy un enamorado de Andaluc\u00eda, de su cultura, de sus tradiciones, de su gastronom\u00eda y, sobre todo, del car\u00e1cter andaluz. Cuando visito el Real me siento m\u00e1s feliz, mejor persona.<br><strong><span style=\"background-color:#b5dcaf\" class=\"td_text_highlight_marker\">R.A. En sus visitas a la Feria puede descubrir de primera mano el estado de las asociaciones. \u00bfC\u00f3mo ve de salud las hermandades rocieras y entidades de cultura andaluza de Barcelona?<br>D.S.<\/span><\/strong> Las hermandades y entidades andaluzas tienen todo mi reconocimiento y desde las instituciones debemos contribuir y ayudar a que puedan desarrollar su trabajo. La labor que hacen por conservar y transmitir a las nuevas generaciones las tradiciones de su tierra, la cantidad de actividades que organizan, as\u00ed como el arraigo en los barrios a los que pertenecen, es envidiable.<\/p>\n","protected":false},"excerpt":{"rendered":"<p>Entrevista a Daniel Sirera, presidente del grupo municipal del Partido Popular en el Ayuntamiento de Barcelona RA\u00cdCES ANDALUZAS. La principal novedad de la edici\u00f3n de la Feria de Abril 2025 es el cobro de entrada para acceder al Real. \u00bfQu\u00e9 le parece esta medida?DANIEL SIRERA. La Feria de Abril es una fiesta popular que se [&hellip;]<\/p>\n","protected":false},"author":1,"featured_media":2371,"comment_status":"closed","ping_status":"open","sticky":false,"template":"","format":"standard","meta":{"footnotes":""},"categories":[20],"tags":[],"class_list":{"0":"post-2370","1":"post","2":"type-post","3":"status-publish","4":"format-standard","5":"has-post-thumbnail","7":"category-entrevistas"},"_links":{"self":[{"href":"https:\/\/raicesandaluzas.com\/revista\/wp-json\/wp\/v2\/posts\/2370","targetHints":{"allow":["GET"]}}],"collection":[{"href":"https:\/\/raicesandaluzas.com\/revista\/wp-json\/wp\/v2\/posts"}],"about":[{"href":"https:\/\/raicesandaluzas.com\/revista\/wp-json\/wp\/v2\/types\/post"}],"author":[{"embeddable":true,"href":"https:\/\/raicesandaluzas.com\/revista\/wp-json\/wp\/v2\/users\/1"}],"replies":[{"embeddable":true,"href":"https:\/\/raicesandaluzas.com\/revista\/wp-json\/wp\/v2\/comments?post=2370"}],"version-history":[{"count":1,"href":"https:\/\/raicesandaluzas.com\/revista\/wp-json\/wp\/v2\/posts\/2370\/revisions"}],"predecessor-version":[{"id":2372,"href":"https:\/\/raicesandaluzas.com\/revista\/wp-json\/wp\/v2\/posts\/2370\/revisions\/2372"}],"wp:featuredmedia":[{"embeddable":true,"href":"https:\/\/raicesandaluzas.com\/revista\/wp-json\/wp\/v2\/media\/2371"}],"wp:attachment":[{"href":"https:\/\/raicesandaluzas.com\/revista\/wp-json\/wp\/v2\/media?parent=2370"}],"wp:term":[{"taxonomy":"category","embeddable":true,"href":"https:\/\/raicesandaluzas.com\/revista\/wp-json\/wp\/v2\/categories?post=2370"},{"taxonomy":"post_tag","embeddable":true,"href":"https:\/\/raicesandaluzas.com\/revista\/wp-json\/wp\/v2\/tags?post=2370"}],"curies":[{"name":"wp","href":"https:\/\/api.w.org\/{rel}","templated":true}]}}