{"id":2360,"date":"2025-04-23T10:36:16","date_gmt":"2025-04-23T10:36:16","guid":{"rendered":"https:\/\/raicesandaluzas.com\/revista\/?p=2360"},"modified":"2025-04-23T10:36:17","modified_gmt":"2025-04-23T10:36:17","slug":"era-cobrar-entradao-quizas-no-hacer-mas-ferias-aqui-en-barcelona","status":"publish","type":"post","link":"https:\/\/raicesandaluzas.com\/revista\/2025\/04\/23\/era-cobrar-entradao-quizas-no-hacer-mas-ferias-aqui-en-barcelona\/","title":{"rendered":"\u201cEra cobrar entrada o quiz\u00e1s no hacer m\u00e1s ferias aqu\u00ed en Barcelona\u201d"},"content":{"rendered":"\n<p>Entrevista con Daniel Salinero, presidente de la Federaci\u00f3n de Entidades Culturales Andaluzas en Catalu\u00f1a (FECAC), organizadora de la Feria de Abril de Catalu\u00f1a<\/p>\n\n\n\n<p><strong><span style=\"background-color:#b5dcaf\" class=\"td_text_highlight_marker\">RA\u00cdCES ANDALUZAS. \u00bfCu\u00e1ndo surgi\u00f3 la idea de cobrar entrada en la Feria?<br>DANIEL SALINERO. <\/span><\/strong>Llevamos baraj\u00e1ndolo un par o tres de a\u00f1os. Los costes de montar aqu\u00ed en el F\u00f2rum han ido aumentando de manera importante y llevamos tiempo pensando en cambiar un poco el formato porque no llegamos como organizaci\u00f3n a cubrir gastos. Como este a\u00f1o hemos tenido que aumentar los aforos por responsabilidad para que no sucediera lo que ha pasado en ediciones despu\u00e9s de la pandemia en las que tuvimos que cerrar la Feria varias veces, pues a\u00fan ha aumentado m\u00e1s el coste. Era hacer esto, o quiz\u00e1s no hacer m\u00e1s ferias aqu\u00ed en Barcelona.<br><strong><span style=\"background-color:#b5dcaf\" class=\"td_text_highlight_marker\">R.A. \u00bfOs hab\u00edais llegado a plantear no montar en Barcelona si no pon\u00edais entrada de pago?<br>D.S. <\/span><\/strong>Es que es un tema de costes. Adem\u00e1s, es un precio simb\u00f3lico que no se hace por un tema lucrativo, sino simplemente para poder montar. Las entidades no pagan el montaje, pagan sus infraestructuras, que ya es mucho, pero no pagan la organizaci\u00f3n. Los ingresos que tenemos de feriantes y comerciales no dan para m\u00e1s. No podemos crecer en espacio, ni en n\u00famero de atracciones, por ejemplo, que ser\u00edan m\u00e1s ingresos. Est\u00e1 todo muy limitado y el hecho de tener que ir cada a\u00f1o aumentando en costes, y m\u00e1s este a\u00f1o que hemos subido el aforo\u2026<br><strong><span style=\"background-color:#b5dcaf\" class=\"td_text_highlight_marker\">R.A. A m\u00e1s aforo m\u00e1s gasto en seguridad, \u00bfno?<br>D.S. <\/span><\/strong>Claro. Este a\u00f1o hemos aumentado de 30.000 a 40.000 personas el aforo, y eso supone m\u00e1s seguridad, m\u00e1s personal de control de accesos, m\u00e1s limpieza, etc. Adem\u00e1s, hemos abierto este a\u00f1o unos espacios que en la edici\u00f3n anterior no estaban abiertos, y eso supone m\u00e1s iluminaci\u00f3n, m\u00e1s seguridad.<br><strong><span style=\"background-color:#b5dcaf\" class=\"td_text_highlight_marker\">R.A. \u00bfQu\u00e9 nuevos espacios?<br>D.S.<\/span><\/strong> Hemos hecho la conexi\u00f3n del Real a la zona de feriantes por encima, por la plaza del Auditorio. Se ha puesto m\u00e1s iluminaci\u00f3n y c\u00e1maras de seguridad. Adem\u00e1s, por las obras del espig\u00f3n nos hemos tenido que desplazar 20 metros y todos los remolques de los feriantes no pueden estar ah\u00ed, y les hemos tenido que buscar un aparcamiento fuera. Es todo un suma y sigue que no lo podemos asumir.<br>La entrada se hace por una mejora, para que haya m\u00e1s aforo y seguridad. El aumento del aforo lo ten\u00edamos que hacer s\u00ed o s\u00ed porque hemos pasado momentos complicados y de peligro estos \u00faltimos a\u00f1os. Mossos de Esquadra y Guardia Urbana est\u00e1n encantados con la idea de las entradas porque creen que va a ordenar un poco todo. La verdad es que nos ha desbordado la respuesta de la gente, las ganas que tiene la gente de venir a la Feria. Es mirar hacia el futuro: o hacemos esto, o aqu\u00ed no se puede montar m\u00e1s.<br><strong><span style=\"background-color:#b5dcaf\" class=\"td_text_highlight_marker\">R.A. \u00bfQu\u00e9 feedback hab\u00e9is recibido por ahora? \u00bfOs hab\u00e9is encontrado opiniones que solo es para recaudar y que no tiene nada que ver con la seguridad?<br>D.S. <\/span><\/strong>En general la respuesta ha sido muy buena. Ya te digo, hablando con Mossos, con polic\u00eda, con gente que ha dejado de venir a la Feria por los tumultos y el ambiente y nos ha dicho que este a\u00f1o volver\u00e1n. Pero esto es como todo, y m\u00e1s en las redes sociales que vete t\u00fa a saber quien hay detr\u00e1s, pues a algunos les gusta la idea, a otros no. Pero estoy convencido que incluso los que no la aplauden, vendr\u00e1n a la Feria.<br><strong><span style=\"background-color:#b5dcaf\" class=\"td_text_highlight_marker\">R.A. \u00bfPens\u00e1is que con el cobro de entrada se pueden evitar tambi\u00e9n esos tumultos y ese tipo de personas que generan mal ambiente?<br>D.S. <\/span><\/strong>Tambi\u00e9n forma parte de la idea. Mejorar la calidad y que la gente que venga sea la que de verdad quiere disfrutar de la Feria y no hacer otras cosas. Con esta medida tambi\u00e9n vamos a ganar en eso. El que sobra, no vendr\u00e1. Esa es una de las cosas que tambi\u00e9n nos han puesto en valor tanto Mossos d\u2019Esquadra, Protecci\u00f3n Civil y Guardia Urbana de Barcelona.<br>Tambi\u00e9n te digo que, sobre todo en redes sociales, vemos un desconocimiento con respecto a la la Feria. Hay mucha gente que se piensa que la Feria est\u00e1 aqu\u00ed porque la monta el Ayuntamiento de Barcelona y siempre ha estado aqu\u00ed. Pero en el F\u00f2rum este a\u00f1o cumplimos solo 20 a\u00f1os, hemos estado en otros sitios, y esta Feria la monta una federaci\u00f3n de entidades andaluzas, la montan las entidades andaluzas de Catalu\u00f1a. Y esto tiene unos costes, un trabajo, un esfuerzo, que hay que darle valor.<br><strong><span style=\"background-color:#b5dcaf\" class=\"td_text_highlight_marker\">R.A. \u00bfQu\u00e9 previsi\u00f3n de venta de entradas ten\u00e9is? No s\u00e9 si la empresa Focus, que es quien se encarga del tema habr\u00e1 hecho alguna previsi\u00f3n.<br>D.S.<\/span><\/strong> Ellos est\u00e1n muy ilusionados, porque han montado todo tipo de eventos pero nunca algo con tanta magnitud y de tantos d\u00edas como la Feria de Abril. Tienen una buena previsi\u00f3n, est\u00e1n haciendo una gran campa\u00f1a de publicidad. La previsi\u00f3n es buena. Pero yo personalmente no quiero ni saber los datos porque no me quiero obsesionar con eso.<br><strong><span style=\"background-color:#b5dcaf\" class=\"td_text_highlight_marker\">R.A. \u00bfHab\u00e9is tenido miedo de que la Feria se haga tan grande que se os vaya de las manos?<br>D.S.<\/span><\/strong> Llevamos dos a\u00f1os pasando miedo. No es una situaci\u00f3n agradable. La primera vez que tuvimos que cerrar por exceso de aforo incluso lo vendimos como un triunfo, pero cuando tuvimos que cerrar ese a\u00f1o dos o tres veces m\u00e1s, y el a\u00f1o pasado cuatro o cinco, en algunos momentos cuatro o cinco horas, con gente con reservas para cenar que no pudo entrar, grupos de baile que no pudieron acceder, incluso personal que ven\u00eda a trabajar o personas que ven\u00edan de muy lejos. Con la gente crispada y nerviosa, no es agradable.<br><strong><span style=\"background-color:#b5dcaf\" class=\"td_text_highlight_marker\">R.A. 20 a\u00f1os de Feria en el F\u00f2rum. El a\u00f1o pasado el cartel ten\u00eda reminiscencias gaudinianas, este a\u00f1o hace referencia a Mir\u00f3 y el 50 aniversario de su fundaci\u00f3n. \u00bfLa Feria de Abril cada vez se fusiona m\u00e1s con Barcelona?<br>D.S. <\/span><\/strong>Bueno, siempre hemos estado hermanados. Organizamos el mayor evento popular que se hace en Barcelona. Lo que s\u00ed es cierto es que la FECAC quiere poner en valor la ciudad de Barcelona y a sus grandes artistas. Creo que todo est\u00e1 muy relacionado. Si te lees un poco la historia de Joan Mir\u00f3, era un artista que valoraba los colores, la cultura popular, que es un poco lo que representamos nosotros. El cartel de este a\u00f1o es una maravilla, estamos muy contentos de la acogida y de que sea un nexo de uni\u00f3n entre Barcelona y la Feria de Abril.<br><strong><span style=\"background-color:#b5dcaf\" class=\"td_text_highlight_marker\">R.A. Adem\u00e1s los carteles se presentan en lugares culturalmente muy potentes de Barcelona, como este a\u00f1o la Fundaci\u00f3 Mir\u00f3.<br>D.S. <\/span><\/strong>S\u00ed, el a\u00f1o pasado en el Sal\u00f3 de Cent, el anterior en el Museo Picasso. Lo que te dec\u00eda antes, vamos buscando la excelencia de la calidad.<br><strong><span style=\"background-color:#b5dcaf\" class=\"td_text_highlight_marker\">R.A. Las entidades andaluzas son el alma de la Feria, este a\u00f1o \u00bfaument\u00e1is su presencia o la manten\u00e9is?<br>D.S. <\/span><\/strong>La mantenemos, hay dos entidades que no montan, por diferentes motivos y han vuelto dos que no montaban antes. Estamos ah\u00ed. Nuestra idea es, en el futuro, poder conseguir que las entidades vean m\u00e1s accesible el montar caseta en la Feria. Aqu\u00ed hay mucho trabajo y a las entidades les cuesta porque la gente tiene su vida, sus trabajos, sus familias, y cuesta. Pero en la \u00faltima asamblea que tuvimos, las entidades nos manifestaron que quer\u00edan venir a montar. As\u00ed que, queremos ponerles todas las facilidades del mundo para que as\u00ed sea.<br><strong><span style=\"background-color:#b5dcaf\" class=\"td_text_highlight_marker\">R.A. \u00bfAyuda el hecho que el PSC gobierne tanto en la Generalitat como en los ayuntamientos de Barcelona y Sant Adri\u00e0? Lo digo porque es el mismo partido, no porque sea espec\u00edficamente el PSC.<br>D.S. <\/span><\/strong>Que sea el mismo partido simplifica un poco las conversaciones. El PSC siempre ha cre\u00eddo mucho en la Feria y en las entidades andaluzas de Catalu\u00f1a y en la FECAC. No es que antes fuera dif\u00edcil, pero s\u00ed es cierto que ahora va todo m\u00e1s rodado.<br><strong><span style=\"background-color:#b5dcaf\" class=\"td_text_highlight_marker\">R.A. \u00bfQu\u00e9 le pides a la Feria de Abril de Catalu\u00f1a 2025?<br>D.S. <\/span><\/strong>Le pido que sea una Feria hist\u00f3rica, en lo positivo. Que no haya problemas graves, como no los ha ha habido los \u00faltimos a\u00f1os. Y que la gente venga, se lo pase bien, disfrute, est\u00e9n contentos. Y, nada m\u00e1s, que siga siendo la feria referencia de Catalu\u00f1a, y de Espa\u00f1a. n<\/p>\n","protected":false},"excerpt":{"rendered":"<p>Entrevista con Daniel Salinero, presidente de la Federaci\u00f3n de Entidades Culturales Andaluzas en Catalu\u00f1a (FECAC), organizadora de la Feria de Abril de Catalu\u00f1a RA\u00cdCES ANDALUZAS. \u00bfCu\u00e1ndo surgi\u00f3 la idea de cobrar entrada en la Feria?DANIEL SALINERO. Llevamos baraj\u00e1ndolo un par o tres de a\u00f1os. Los costes de montar aqu\u00ed en el F\u00f2rum han ido aumentando [&hellip;]<\/p>\n","protected":false},"author":1,"featured_media":2361,"comment_status":"closed","ping_status":"open","sticky":false,"template":"","format":"standard","meta":{"footnotes":""},"categories":[19,20],"tags":[],"class_list":{"0":"post-2360","1":"post","2":"type-post","3":"status-publish","4":"format-standard","5":"has-post-thumbnail","7":"category-actualidad","8":"category-entrevistas"},"_links":{"self":[{"href":"https:\/\/raicesandaluzas.com\/revista\/wp-json\/wp\/v2\/posts\/2360","targetHints":{"allow":["GET"]}}],"collection":[{"href":"https:\/\/raicesandaluzas.com\/revista\/wp-json\/wp\/v2\/posts"}],"about":[{"href":"https:\/\/raicesandaluzas.com\/revista\/wp-json\/wp\/v2\/types\/post"}],"author":[{"embeddable":true,"href":"https:\/\/raicesandaluzas.com\/revista\/wp-json\/wp\/v2\/users\/1"}],"replies":[{"embeddable":true,"href":"https:\/\/raicesandaluzas.com\/revista\/wp-json\/wp\/v2\/comments?post=2360"}],"version-history":[{"count":2,"href":"https:\/\/raicesandaluzas.com\/revista\/wp-json\/wp\/v2\/posts\/2360\/revisions"}],"predecessor-version":[{"id":2363,"href":"https:\/\/raicesandaluzas.com\/revista\/wp-json\/wp\/v2\/posts\/2360\/revisions\/2363"}],"wp:featuredmedia":[{"embeddable":true,"href":"https:\/\/raicesandaluzas.com\/revista\/wp-json\/wp\/v2\/media\/2361"}],"wp:attachment":[{"href":"https:\/\/raicesandaluzas.com\/revista\/wp-json\/wp\/v2\/media?parent=2360"}],"wp:term":[{"taxonomy":"category","embeddable":true,"href":"https:\/\/raicesandaluzas.com\/revista\/wp-json\/wp\/v2\/categories?post=2360"},{"taxonomy":"post_tag","embeddable":true,"href":"https:\/\/raicesandaluzas.com\/revista\/wp-json\/wp\/v2\/tags?post=2360"}],"curies":[{"name":"wp","href":"https:\/\/api.w.org\/{rel}","templated":true}]}}