{"id":2356,"date":"2025-04-23T10:22:00","date_gmt":"2025-04-23T10:22:00","guid":{"rendered":"https:\/\/raicesandaluzas.com\/revista\/?p=2356"},"modified":"2025-04-23T10:22:01","modified_gmt":"2025-04-23T10:22:01","slug":"propongo-seguir-cuidando-el-alma-de-la-feria-que-son-sus-entidades-y-sus-visitantes","status":"publish","type":"post","link":"https:\/\/raicesandaluzas.com\/revista\/2025\/04\/23\/propongo-seguir-cuidando-el-alma-de-la-feria-que-son-sus-entidades-y-sus-visitantes\/","title":{"rendered":"\u00abPropongo seguir cuidando el alma de la Feria, que son sus entidades y sus visitantes\u00bb"},"content":{"rendered":"\n<p><strong>Entrevista a David Bote, alcalde de Matar\u00f3<\/strong><\/p>\n\n\n\n<p><strong><span style=\"background-color:#b5dcaf\" class=\"td_text_highlight_marker\">R.A. La principal novedad de la edici\u00f3n de la Feria de Abril 2025 es el cobro de entrada para acceder al Real. \u00bfQu\u00e9 le parece esta medida?<br>DAVID BOTE. <\/span><\/strong>Entiendo perfectamente los motivos principales que tiene la organizaci\u00f3n para tomar esta decisi\u00f3n como son la sostenibilidad de este acontecimiento multitudinario y la seguridad que hay que ofrecer a todos los agentes implicados y a la ciudadan\u00eda. El precio de la entrada es ajustado y creo que esta nueva medida no cambiar\u00e1 la esencia la Feria de Abril, continuar\u00e1 siendo una fiesta popular, abierta, diversa, donde todo el mundo puede acercarse y sentirse parte de ella.<br><strong><span style=\"background-color:#b5dcaf\" class=\"td_text_highlight_marker\">R.A. \u00bfCambiar\u00eda algo de la organizaci\u00f3n de la Feria de Abril de Catalunya?<br>D.B. <\/span><\/strong>La Feria de Abril de Catalunya es un acontecimiento consolidado, que ha sabido mantenerse vivo durante m\u00e1s de cinco d\u00e9cadas. Siempre hay aspectos a mejorar \u2014infraestructuras, accesibilidad, programaci\u00f3n cultural, el aceite de los \u00faltimos dias\u2026 \u2014 pero lo importante es que no pierda su esencia: ser un punto de encuentro entre culturas, generaciones y territorios. Si algo propongo es seguir cuidando el alma de la Feria, que son sus entidades y sus visitantes.<br><strong><span style=\"background-color:#b5dcaf\" class=\"td_text_highlight_marker\">R.A. Para algunas personas, la Feria de Abril est\u00e1 llena de t\u00f3picos que no tienen nada que ver con Catalunya. \u00bfQu\u00e9 les dir\u00eda?<br>D.B. <\/span><\/strong>Les dir\u00eda que los t\u00f3picos se desmontan participando. Que la Feria de Abril es mucho m\u00e1s que una imagen folkl\u00f3rica: es identidad, es comunidad, es historia compartida. Y que Catalunya, por suerte, se ha construido tambi\u00e9n gracias a la diversidad cultural. Negar la Feria es negar una parte de lo que somos. En Matar\u00f3 lo vivimos con orgullo: lo andaluz y lo catal\u00e1n conviven con total naturalidad.<br><strong><span style=\"background-color:#b5dcaf\" class=\"td_text_highlight_marker\">R.A. En el Real catal\u00e1n no solo est\u00e1 representada la cultura andaluza, tambi\u00e9n otras del resto de la geograf\u00eda espa\u00f1ola y de m\u00e1s all\u00e1 de nuestras fronteras. En pleno debate migratorio, \u00bfconsidera que la Feria de Abril marca un buen camino hacia la convivencia?<br>D.B. <\/span><\/strong>Sin duda. La Feria de Abril nos recuerda que celebrar nuestras ra\u00edces no es incompatible con convivir, aprender y construir juntos. En un momento en que algunas voces quieren dividirnos, espacios como este demuestran lo contrario: que la cultura une, que la m\u00fasica une, que compartir una comida une. La convivencia no se impone, se cultiva, y la Feria es un ejemplo de ello.<br><strong><span style=\"background-color:#b5dcaf\" class=\"td_text_highlight_marker\">R.A. \u00bfQu\u00e9 le aportan, a nivel personal, sus visitas al Real catal\u00e1n?<br>D.B. <\/span><\/strong>Cada a\u00f1o, cuando visito el Real, siento emoci\u00f3n y agradecimiento. Emoci\u00f3n al ver a tantas personas disfrutando de una cultura tan viva. Y agradecimiento hacia las entidades y personas que lo hacen posible con su trabajo, su compromiso y su alegr\u00eda. Siempre vuelvo con energ\u00eda renovada, con la sensaci\u00f3n de que vale la pena seguir construyendo la ciudad desde el respeto y la diversidad.<br><strong><span style=\"background-color:#b5dcaf\" class=\"td_text_highlight_marker\">R.A. En mayo, Matar\u00f3 celebra una nueva edici\u00f3n de su Romer\u00eda rociera. En la edici\u00f3n del a\u00f1o pasado, se cambi\u00f3 la ubicaci\u00f3n traslad\u00e1ndola del Parque Forestal al Central para evitar incendios forestales. \u00bfC\u00f3mo recibi\u00f3 la poblaci\u00f3n este cambio? \u00bfAument\u00f3 el n\u00famero de visitantes?<br>D.B. <\/span><\/strong>El cambio fue muy bien recibido, la verdad. Es cierto que al principio hab\u00eda dudas, porque el Parque Forestal tiene un encanto especial. Pero trasladarla al Parque Central facilit\u00f3 el acceso, especialmente para personas mayores o con movilidad reducida. Y, efectivamente, aument\u00f3 la participaci\u00f3n. La Romer\u00eda se abri\u00f3 a\u00fan m\u00e1s a la ciudad, y muchas personas que quiz\u00e1 nunca hab\u00edan subido al Parque Forestal se animaron a acercarse y disfrutarla.<br><strong><span style=\"background-color:#b5dcaf\" class=\"td_text_highlight_marker\">R.A. \u00bfC\u00f3mo ve de salud a las entidades de cultura andaluza y las hermandades rocieras de Matar\u00f3?<br>D.B.<\/span><\/strong> Las veo fuertes, comprometidas y con una gran capacidad de adaptaci\u00f3n. Son entidades que, a pesar de las dificultades, siguen trabajando d\u00eda a d\u00eda para mantener viva una cultura rica y generosa. En Matar\u00f3 son parte esencial del tejido asociativo y social. Y desde el Ayuntamiento de Matar\u00f3 seguiremos apoy\u00e1ndolas, porque creemos en una ciudad plural, orgullosa de su diversidad y capaz de celebrar todas sus ra\u00edces.n<\/p>\n","protected":false},"excerpt":{"rendered":"<p>Entrevista a David Bote, alcalde de Matar\u00f3 R.A. La principal novedad de la edici\u00f3n de la Feria de Abril 2025 es el cobro de entrada para acceder al Real. \u00bfQu\u00e9 le parece esta medida?DAVID BOTE. Entiendo perfectamente los motivos principales que tiene la organizaci\u00f3n para tomar esta decisi\u00f3n como son la sostenibilidad de este acontecimiento [&hellip;]<\/p>\n","protected":false},"author":1,"featured_media":2357,"comment_status":"closed","ping_status":"open","sticky":false,"template":"","format":"standard","meta":{"footnotes":""},"categories":[20],"tags":[],"class_list":{"0":"post-2356","1":"post","2":"type-post","3":"status-publish","4":"format-standard","5":"has-post-thumbnail","7":"category-entrevistas"},"_links":{"self":[{"href":"https:\/\/raicesandaluzas.com\/revista\/wp-json\/wp\/v2\/posts\/2356","targetHints":{"allow":["GET"]}}],"collection":[{"href":"https:\/\/raicesandaluzas.com\/revista\/wp-json\/wp\/v2\/posts"}],"about":[{"href":"https:\/\/raicesandaluzas.com\/revista\/wp-json\/wp\/v2\/types\/post"}],"author":[{"embeddable":true,"href":"https:\/\/raicesandaluzas.com\/revista\/wp-json\/wp\/v2\/users\/1"}],"replies":[{"embeddable":true,"href":"https:\/\/raicesandaluzas.com\/revista\/wp-json\/wp\/v2\/comments?post=2356"}],"version-history":[{"count":2,"href":"https:\/\/raicesandaluzas.com\/revista\/wp-json\/wp\/v2\/posts\/2356\/revisions"}],"predecessor-version":[{"id":2359,"href":"https:\/\/raicesandaluzas.com\/revista\/wp-json\/wp\/v2\/posts\/2356\/revisions\/2359"}],"wp:featuredmedia":[{"embeddable":true,"href":"https:\/\/raicesandaluzas.com\/revista\/wp-json\/wp\/v2\/media\/2357"}],"wp:attachment":[{"href":"https:\/\/raicesandaluzas.com\/revista\/wp-json\/wp\/v2\/media?parent=2356"}],"wp:term":[{"taxonomy":"category","embeddable":true,"href":"https:\/\/raicesandaluzas.com\/revista\/wp-json\/wp\/v2\/categories?post=2356"},{"taxonomy":"post_tag","embeddable":true,"href":"https:\/\/raicesandaluzas.com\/revista\/wp-json\/wp\/v2\/tags?post=2356"}],"curies":[{"name":"wp","href":"https:\/\/api.w.org\/{rel}","templated":true}]}}