{"id":2350,"date":"2025-04-23T10:34:06","date_gmt":"2025-04-23T10:34:06","guid":{"rendered":"https:\/\/raicesandaluzas.com\/revista\/?p=2350"},"modified":"2025-04-23T10:34:07","modified_gmt":"2025-04-23T10:34:07","slug":"2350","status":"publish","type":"post","link":"https:\/\/raicesandaluzas.com\/revista\/2025\/04\/23\/2350\/","title":{"rendered":"\u00abConocer diferentes culturas nos enriquece y nos hace m\u00e1s abiertos\u00bb"},"content":{"rendered":"\n<p><strong>Entrevista con David Quir\u00f3s, alcalde de L&#8217;Hospitalet de Llobregat<\/strong><\/p>\n\n\n\n<p><strong><span style=\"background-color:#b5dcaf\" class=\"td_text_highlight_marker\">RA\u00cdCES ANDALUZAS. Est\u00e1 ser\u00e1 su primera Feria de Abril como alcalde de L\u2019Hospitalet de Llobregat. \u00bfCree que su experiencia ser\u00e1 diferente a como la viv\u00eda como concejal de cultura?<\/span><\/strong><\/p>\n\n\n\n<p><strong><span style=\"background-color:#b5dcaf\" class=\"td_text_highlight_marker\">DAVID QUIR\u00d3S. <\/span><\/strong>La responsabilidad es diferente, pero no creo que vaya a cambiar mi relaci\u00f3n con una Feria que visito y con la que tengo una estrecha vinculaci\u00f3n desde hace a\u00f1os.<\/p>\n\n\n\n<p><strong><span style=\"background-color:#b5dcaf\" class=\"td_text_highlight_marker\">R.A. A nivel personal, \u00bfqu\u00e9 le han aportado sus visites a la Feria de Abril?<\/span><\/strong><\/p>\n\n\n\n<p><strong><span style=\"background-color:#b5dcaf\" class=\"td_text_highlight_marker\">D.Q.<\/span> <\/strong>Siempre he visto el recinto de la Feria de Abril (parque del F\u00f2rum) como un espacio de convivencia. Los visitantes buscamos participar en la celebraci\u00f3n y vivir el ambiente tan especial que se respira y que nos acerca a la luz, los colores y la esencia de Andaluc\u00eda.<\/p>\n\n\n\n<p><strong><span style=\"background-color:#b5dcaf\" class=\"td_text_highlight_marker\">R.A. L\u2019Hospitalet de Llobregat es una de las ciudades m\u00e1s representadas, a trav\u00e9s de sus entidades y hermandades, en la Feria de Abril catalana. \u00bfPor qu\u00e9 cree que es importante para el municipio ser parte destacada de esta cita cultural?<\/span><\/strong><\/p>\n\n\n\n<p><strong><span style=\"background-color:#b5dcaf\" class=\"td_text_highlight_marker\">D.Q.<\/span> <\/strong>La riqueza de L\u2019Hospitalet son su gente y sus entidades. La Feria de Abril es un buen momento para presentar el trabajo que realizan a lo largo de todo el a\u00f1o unas entidades que contribuyen a difundir la cultura y las tradiciones andaluzas en la ciudad y que son parte importante de la identidad de L\u2019Hospitalet. Porque conocer diferentes culturas nos ayuda a comprender mejor a nuestros vecinos y vecinas, nos enriquece y nos hace m\u00e1s abiertos.<\/p>\n\n\n\n<p><strong><span style=\"background-color:#b5dcaf\" class=\"td_text_highlight_marker\">R.A. \u00bfQu\u00e9 piensa que transmite la sociedad catalana con la celebraci\u00f3n de eventos culturales tan heterog\u00e9neos como la Feria de Abril?<\/span><\/strong><\/p>\n\n\n\n<p><strong><span style=\"background-color:#b5dcaf\" class=\"td_text_highlight_marker\">D.Q.<\/span> <\/strong>La feria se ha consolidado como una de las tradiciones m\u00e1s arraigadas y es lugar de encuentro y de difusi\u00f3n de la cultura andaluza en Catalunya. Un espacio para reivindicar la convivencia y el di\u00e1logo entre las diferentes comunidades que forman la sociedad catalana, ya que refleja su esencia plural e inclusiva.<\/p>\n\n\n\n<p><strong><span style=\"background-color:#b5dcaf\" class=\"td_text_highlight_marker\">R.A. Como concejal supongo que estuvo muy en contacto con las hermandades rocieras y las entidades de cultura andaluza de L\u2019Hospitalet. \u00bfCu\u00e1les fueron las necesidades e inquietudes que le trasladaron durante estos encuentros?<\/span><\/strong><\/p>\n\n\n\n<p><strong><span style=\"background-color:#b5dcaf\" class=\"td_text_highlight_marker\">D.Q. <\/span><\/strong>Las necesidades e inquietudes de las entidades andaluzas son muy similares a las del resto de entidades de la ciudad. Mi compromiso es que, desde el Ayuntamiento, las continuemos acompa\u00f1ando, ayudando a crear sinergias entre ellas, generando proyectos colectivos, porque una ciudad con un tejido asociativo vivo y diverso es garant\u00eda de una comunidad cohesionada, que conecta personas y crea espacios de convivencia.<\/p>\n\n\n\n<p><strong><span style=\"background-color:#b5dcaf\" class=\"td_text_highlight_marker\">R.A. Tanto las entidades andaluzas y hermandades rocieras como la propia Feria de Abril han ido evolucionando a lo largo de estos \u00faltimos a\u00f1os. \u00bfHacia d\u00f3nde cree que deber\u00edan encaminarse para no sufrir el riesgo de desaparecer?<\/span><\/strong><\/p>\n\n\n\n<p><strong><span style=\"background-color:#b5dcaf\" class=\"td_text_highlight_marker\">D.Q. <\/span><\/strong>Vaya por delante mi reconocimiento a las entidades andaluzas y hermandades rocieras porque son una parte muy importante de la riqueza cultural de L\u2019Hospitalet y del pa\u00eds. Son miles de personas que, desinteresadamente, trabajan en los barrios para dinamizarlos y cohesionarlos, y para acercar la cultura andaluza al resto de vecinos y vecinas.<\/p>\n\n\n\n<p>Dicho esto, estamos en un momento en el que las nuevas generaciones han de coger el relevo para dar continuidad a estas entidades y para que fomenten el di\u00e1logo entre tradici\u00f3n y, porque no, innovaci\u00f3n y cambio. <strong><\/strong><\/p>\n\n\n\n<div><a href=\"https:\/\/raicesandaluzas.com\/revista\/wp-content\/uploads\/2025\/04\/quiros02-1024x683.jpg\" class=\"td-modal-image\"><figure class=\"wp-block-image size-large\"><img loading=\"lazy\" decoding=\"async\" width=\"1024\" height=\"683\" src=\"https:\/\/raicesandaluzas.com\/revista\/wp-content\/uploads\/2025\/04\/quiros02-1024x683.jpg\" alt=\"\" class=\"wp-image-2351\" srcset=\"https:\/\/raicesandaluzas.com\/revista\/wp-content\/uploads\/2025\/04\/quiros02-1024x683.jpg 1024w, https:\/\/raicesandaluzas.com\/revista\/wp-content\/uploads\/2025\/04\/quiros02-300x200.jpg 300w, https:\/\/raicesandaluzas.com\/revista\/wp-content\/uploads\/2025\/04\/quiros02-768x512.jpg 768w, https:\/\/raicesandaluzas.com\/revista\/wp-content\/uploads\/2025\/04\/quiros02-630x420.jpg 630w, https:\/\/raicesandaluzas.com\/revista\/wp-content\/uploads\/2025\/04\/quiros02-696x464.jpg 696w, https:\/\/raicesandaluzas.com\/revista\/wp-content\/uploads\/2025\/04\/quiros02-1068x712.jpg 1068w, https:\/\/raicesandaluzas.com\/revista\/wp-content\/uploads\/2025\/04\/quiros02.jpg 1200w\" sizes=\"auto, (max-width: 1024px) 100vw, 1024px\" \/><\/figure><\/a><\/div>\n\n\n\n<p><strong><span style=\"background-color:#b5dcaf\" class=\"td_text_highlight_marker\">R.A. Es alcalde de L\u2019Hospitalet de Llobregat desde junio del a\u00f1o pasado. \u00bfC\u00f3mo valora su trabajo realizado al frente de la alcald\u00eda todos estos meses?<\/span><\/strong><\/p>\n\n\n\n<p><strong><span style=\"background-color:#b5dcaf\" class=\"td_text_highlight_marker\">D.Q. <\/span><\/strong>Intenso y muy gratificante. L\u2019Hospitalet es una ciudad compleja que presenta retos que debemos trabajar con una nueva mirada. Uno de estos proyectos es el plan de regeneraci\u00f3n del Samont\u00e0, un \u00e1rea de dos quil\u00f3metros cuadrados en el que vive la mitad de la poblaci\u00f3n del municipio.&nbsp; Una iniciativa que va m\u00e1s all\u00e1 de la planificaci\u00f3n urban\u00edstica: queremos recuperar y mejorar los espacios p\u00fablicos; mejorar e incrementar las zonas verdes y los equipamientos; intervenir en un parque de viviendas envejecido a trav\u00e9s del Plan local de la vivienda; pero tambi\u00e9n actuar sobre la formaci\u00f3n y el desarrollo econ\u00f3mico porque nuestro objetivo es la transformaci\u00f3n econ\u00f3mica y social de esta zona de la ciudad.<\/p>\n\n\n\n<p><strong><span style=\"background-color:#b5dcaf\" class=\"td_text_highlight_marker\">R.A. Relev\u00f3 en el cargo a una pol\u00edtica muy carism\u00e1tica. \u00bfLe dio alg\u00fan consejo N\u00faria Mar\u00edn?<\/span><\/strong><\/p>\n\n\n\n<p><strong><span style=\"background-color:#b5dcaf\" class=\"td_text_highlight_marker\">D.Q.<\/span> <\/strong>Sin duda, la alcaldesa Mar\u00edn ha dejado una huella importante a trav\u00e9s de una extensa trayectoria vinculada al municipalismo. Durante este tiempo, siempre prioriz\u00f3 los intereses de L\u2019Hospitalet y eso es algo con lo que me siento plenamente identificado.<\/p>\n\n\n\n<p><strong><span style=\"background-color:#b5dcaf\" class=\"td_text_highlight_marker\">R.A. \u00bfCu\u00e1les son los principales retos de futuro para la ciudad?<\/span><\/strong><\/p>\n\n\n\n<p><strong><span style=\"background-color:#b5dcaf\" class=\"td_text_highlight_marker\">D.Q. <\/span><\/strong>Son muchos. Para m\u00ed es una prioridad hacer de la ciudad un lugar m\u00e1s amable, en el que cualquier ciudadano tenga a menos de 5 minutos de su casa un espacio verde. Estamos apostando por renaturalizar la ciudad a trav\u00e9s de la plantaci\u00f3n de \u00e1rboles y de hacer de nuestras calles y plazas espacios m\u00e1s humanos. Tambi\u00e9n estamos impulsando la digitalizaci\u00f3n de la poblaci\u00f3n para que ninguna persona se sienta excluida y diferentes proyectos para mejorar la formaci\u00f3n y la empleabilidad, tan necesarios para generar oportunidades para nuestros j\u00f3venes.<\/p>\n","protected":false},"excerpt":{"rendered":"<p>Entrevista con David Quir\u00f3s, alcalde de L&#8217;Hospitalet de Llobregat RA\u00cdCES ANDALUZAS. Est\u00e1 ser\u00e1 su primera Feria de Abril como alcalde de L\u2019Hospitalet de Llobregat. \u00bfCree que su experiencia ser\u00e1 diferente a como la viv\u00eda como concejal de cultura? DAVID QUIR\u00d3S. La responsabilidad es diferente, pero no creo que vaya a cambiar mi relaci\u00f3n con una [&hellip;]<\/p>\n","protected":false},"author":1,"featured_media":2352,"comment_status":"closed","ping_status":"open","sticky":false,"template":"","format":"standard","meta":{"footnotes":""},"categories":[20],"tags":[],"class_list":{"0":"post-2350","1":"post","2":"type-post","3":"status-publish","4":"format-standard","5":"has-post-thumbnail","7":"category-entrevistas"},"_links":{"self":[{"href":"https:\/\/raicesandaluzas.com\/revista\/wp-json\/wp\/v2\/posts\/2350","targetHints":{"allow":["GET"]}}],"collection":[{"href":"https:\/\/raicesandaluzas.com\/revista\/wp-json\/wp\/v2\/posts"}],"about":[{"href":"https:\/\/raicesandaluzas.com\/revista\/wp-json\/wp\/v2\/types\/post"}],"author":[{"embeddable":true,"href":"https:\/\/raicesandaluzas.com\/revista\/wp-json\/wp\/v2\/users\/1"}],"replies":[{"embeddable":true,"href":"https:\/\/raicesandaluzas.com\/revista\/wp-json\/wp\/v2\/comments?post=2350"}],"version-history":[{"count":2,"href":"https:\/\/raicesandaluzas.com\/revista\/wp-json\/wp\/v2\/posts\/2350\/revisions"}],"predecessor-version":[{"id":2355,"href":"https:\/\/raicesandaluzas.com\/revista\/wp-json\/wp\/v2\/posts\/2350\/revisions\/2355"}],"wp:featuredmedia":[{"embeddable":true,"href":"https:\/\/raicesandaluzas.com\/revista\/wp-json\/wp\/v2\/media\/2352"}],"wp:attachment":[{"href":"https:\/\/raicesandaluzas.com\/revista\/wp-json\/wp\/v2\/media?parent=2350"}],"wp:term":[{"taxonomy":"category","embeddable":true,"href":"https:\/\/raicesandaluzas.com\/revista\/wp-json\/wp\/v2\/categories?post=2350"},{"taxonomy":"post_tag","embeddable":true,"href":"https:\/\/raicesandaluzas.com\/revista\/wp-json\/wp\/v2\/tags?post=2350"}],"curies":[{"name":"wp","href":"https:\/\/api.w.org\/{rel}","templated":true}]}}