{"id":2333,"date":"2025-04-07T09:46:40","date_gmt":"2025-04-07T09:46:40","guid":{"rendered":"https:\/\/raicesandaluzas.com\/revista\/?p=2333"},"modified":"2025-04-24T09:33:54","modified_gmt":"2025-04-24T09:33:54","slug":"la-feria-de-abril-aumenta-el-aforo-y-cobrara-entrada-para-evitar-aglomeraciones","status":"publish","type":"post","link":"https:\/\/raicesandaluzas.com\/revista\/2025\/04\/07\/la-feria-de-abril-aumenta-el-aforo-y-cobrara-entrada-para-evitar-aglomeraciones\/","title":{"rendered":"La Feria de Abril aumenta el aforo y cobrar\u00e1 entrada para evitar aglomeraciones"},"content":{"rendered":"\n<p>El pr\u00f3ximo viernes, 25 de abril, el Real de la Feria de Abril se iluminar\u00e1 y dar\u00e1n comienzo as\u00ed 10 d\u00edas de baile y diversi\u00f3n dentro y fuera de las casetas instaladas en el Parc del F\u00f2rum, a caballo entre Sant Adri\u00e0 de Bes\u00f2s y Barcelona. La principal novedad de la edici\u00f3n n\u00famero 52 de la Feria es que, por primera vez, se cobrar\u00e1 entrada para acceder al recinto. Los organizadores lo justifican para garantizar la movilidad y la seguridad, y evitar as\u00ed situaciones vividas los dos \u00faltimos a\u00f1os en las que se super\u00f3 el aforo y se tuvo que cerrar el acceso a m\u00e1s p\u00fablico. La entrada de un d\u00eda tendr\u00e1 un coste de 3 euros, y habr\u00e1 un bono de 12 euros para los 10 d\u00edas de Feria. Los t\u00edckets se podr\u00e1n adquirir v\u00eda online, a trav\u00e9s de la p\u00e1gina www.feriadeabril.cat o en las taquillas instaladas en los accesos. Adem\u00e1s, el d\u00eda de la inauguraci\u00f3n, el 25 de abril, y el lunes y martes 28 y 29 la Feria ser\u00e1 de acceso libre. Adem\u00e1s del cobro de la entrada, se incrementar\u00e1 el aforo hasta las 40.000 personas (el a\u00f1o pasado era de 31.000) y se reforzar\u00e1 la seguridad con un 23% m\u00e1s de personal en el control de accesos y en la vigilancia, as\u00ed como la instalaci\u00f3n de c\u00e1maras de seguridad y el aumento de la iluminaci\u00f3n en todo el recinto.<\/p>\n\n\n\n<p>El \u00e9xito de la zona village, donde poder comer y beber m\u00e1s all\u00e1 de casetas y mesones, ha hecho que se vuelva a instalar este a\u00f1o. La empresa sevillana Garc\u00eda Mill\u00e1n repartir\u00e1 14.000 raciones de gazpacho el domiengo 27 de abril. Y la emisora oficial, Radio Tele Taxi, tendr\u00e1 caseta en la que se llevar\u00e1n a cabo actuaciones y emisiones de sus programas en directo. <\/p>\n\n\n\n<div><a href=\"https:\/\/raicesandaluzas.com\/revista\/wp-content\/uploads\/2025\/04\/presentacioncartelFeria2025_01-1024x668.jpg\" class=\"td-modal-image\"><figure class=\"wp-block-image size-large\"><img loading=\"lazy\" decoding=\"async\" width=\"1024\" height=\"668\" src=\"https:\/\/raicesandaluzas.com\/revista\/wp-content\/uploads\/2025\/04\/presentacioncartelFeria2025_01-1024x668.jpg\" alt=\"\" class=\"wp-image-2337\" srcset=\"https:\/\/raicesandaluzas.com\/revista\/wp-content\/uploads\/2025\/04\/presentacioncartelFeria2025_01-1024x668.jpg 1024w, https:\/\/raicesandaluzas.com\/revista\/wp-content\/uploads\/2025\/04\/presentacioncartelFeria2025_01-300x196.jpg 300w, https:\/\/raicesandaluzas.com\/revista\/wp-content\/uploads\/2025\/04\/presentacioncartelFeria2025_01-768x501.jpg 768w, https:\/\/raicesandaluzas.com\/revista\/wp-content\/uploads\/2025\/04\/presentacioncartelFeria2025_01-644x420.jpg 644w, https:\/\/raicesandaluzas.com\/revista\/wp-content\/uploads\/2025\/04\/presentacioncartelFeria2025_01-696x454.jpg 696w, https:\/\/raicesandaluzas.com\/revista\/wp-content\/uploads\/2025\/04\/presentacioncartelFeria2025_01-1068x697.jpg 1068w, https:\/\/raicesandaluzas.com\/revista\/wp-content\/uploads\/2025\/04\/presentacioncartelFeria2025_01.jpg 1200w\" sizes=\"auto, (max-width: 1024px) 100vw, 1024px\" \/><figcaption class=\"wp-element-caption\">Fotograf\u00eda: Manuel Arce<\/figcaption><\/figure><\/a><\/div>\n\n\n\n<p><strong>Un cartel con ra\u00edces mironianas<\/strong><\/p>\n\n\n\n<p>La presentaci\u00f3n del cartel de la Feria, obra de Christian Fern\u00e1ndez, se llev\u00f3 a cabo este s\u00e1bado en la Fundaci\u00f3 Mir\u00f3, y rinde homenaje al pintor por el 50 aniversario de la entidad. Para el autor, \u201cen el proceso creativo, me sumerg\u00ed en la fuerza visual, en la libertad compositiva y en la vibrante paleta crom\u00e1tica de Mir\u00f3. Explor\u00e9 profundamente su obra, sus formas abstractas, su audaz uso de colores<br>primarios, su simbolog\u00eda sencilla y poderosa. Busqu\u00e9 integrar estos elementos en un lenguaje visual propio, creando as\u00ed un encuentro armonioso entre dos mundos aparentemente diferentes.<br>T\u00e9cnicamente, el cartel fusiona lo figurativo con lo abstracto. La figura femenina, vestida con ecos del tradicional traje flamenco, cobra vida en formas sinuosas y libres que evocan la esencia creativa mironiana. El rojo, el amarillo y el azul rinden homenaje directo al legado crom\u00e1tico del artista, simbolizando pasi\u00f3n, alegr\u00eda y la esencia del Mediterr\u00e1neo. El contraste con l\u00edneas negras a\u00f1ade movimiento y fuerza visual, atrapando nuestra atenci\u00f3n en un instante m\u00e1gico.<br>El conjunto compositivo habla tambi\u00e9n de fiesta y convivencia: las estrellas, elemento recurrente<br>en la obra de Mir\u00f3, evocan sue\u00f1os, ilusiones y la uni\u00f3n cultural que la Feria de Abril inspira a\u00f1o<br>tras a\u00f1o. La flor roja no solo representa el flamenco; es tambi\u00e9n un estallido de vida, un gui\u00f1o<br>vibrante a la pasi\u00f3n tan presente en la obra del maestro. En definitiva, este cartel es mi manera po\u00e9tica y sincera de expresar c\u00f3mo dos culturas, aparentemente lejanas, se encuentran y se enriquecen mutuamente. Es mi tributo personal a Andaluc\u00eda, la tierra de mis padres y de mi alma, y a Catalu\u00f1a, mi cuna y mi hogar.\u00bb<\/p>\n\n\n\n<p>En la presentaci\u00f3n intervinieron el director de la Fundaci\u00f3 Joan Mir\u00f3, Marko Daniel, el presidente de la Federaci\u00f3n de Entidades Culturales Andaluzas en Catalu\u00f1a (FECAC), Daniel Salinero, el concejal de cultura del Ayuntamiento de Barcelona, Xavier Marc\u00e8, y la subdelegada del Gobierno en Barcelona, Mar\u00eda del Carmen Garc\u00eda Calvillo.<\/p>\n\n\n\n<figure class=\"wp-block-gallery has-nested-images columns-default is-cropped td-modal-on-gallery wp-block-gallery-1 is-layout-flex wp-block-gallery-is-layout-flex\">\n<figure class=\"wp-block-image size-large\"><img loading=\"lazy\" decoding=\"async\" width=\"1024\" height=\"771\" data-id=\"2335\" src=\"https:\/\/raicesandaluzas.com\/revista\/wp-content\/uploads\/2025\/04\/presentacioncartelFeria2025_03-1024x771.jpg\" alt=\"\" class=\"wp-image-2335\" srcset=\"https:\/\/raicesandaluzas.com\/revista\/wp-content\/uploads\/2025\/04\/presentacioncartelFeria2025_03-1024x771.jpg 1024w, https:\/\/raicesandaluzas.com\/revista\/wp-content\/uploads\/2025\/04\/presentacioncartelFeria2025_03-300x226.jpg 300w, https:\/\/raicesandaluzas.com\/revista\/wp-content\/uploads\/2025\/04\/presentacioncartelFeria2025_03-768x579.jpg 768w, https:\/\/raicesandaluzas.com\/revista\/wp-content\/uploads\/2025\/04\/presentacioncartelFeria2025_03-558x420.jpg 558w, https:\/\/raicesandaluzas.com\/revista\/wp-content\/uploads\/2025\/04\/presentacioncartelFeria2025_03-80x60.jpg 80w, https:\/\/raicesandaluzas.com\/revista\/wp-content\/uploads\/2025\/04\/presentacioncartelFeria2025_03-696x524.jpg 696w, https:\/\/raicesandaluzas.com\/revista\/wp-content\/uploads\/2025\/04\/presentacioncartelFeria2025_03-1068x805.jpg 1068w, https:\/\/raicesandaluzas.com\/revista\/wp-content\/uploads\/2025\/04\/presentacioncartelFeria2025_03.jpg 1200w\" sizes=\"auto, (max-width: 1024px) 100vw, 1024px\" \/><\/figure>\n\n\n\n<figure class=\"wp-block-image size-large\"><img loading=\"lazy\" decoding=\"async\" width=\"1024\" height=\"892\" data-id=\"2336\" src=\"https:\/\/raicesandaluzas.com\/revista\/wp-content\/uploads\/2025\/04\/presentacioncartelFeria2025_02-1024x892.jpg\" alt=\"\" class=\"wp-image-2336\" srcset=\"https:\/\/raicesandaluzas.com\/revista\/wp-content\/uploads\/2025\/04\/presentacioncartelFeria2025_02-1024x892.jpg 1024w, https:\/\/raicesandaluzas.com\/revista\/wp-content\/uploads\/2025\/04\/presentacioncartelFeria2025_02-300x261.jpg 300w, https:\/\/raicesandaluzas.com\/revista\/wp-content\/uploads\/2025\/04\/presentacioncartelFeria2025_02-768x669.jpg 768w, https:\/\/raicesandaluzas.com\/revista\/wp-content\/uploads\/2025\/04\/presentacioncartelFeria2025_02-482x420.jpg 482w, https:\/\/raicesandaluzas.com\/revista\/wp-content\/uploads\/2025\/04\/presentacioncartelFeria2025_02-696x606.jpg 696w, https:\/\/raicesandaluzas.com\/revista\/wp-content\/uploads\/2025\/04\/presentacioncartelFeria2025_02-1068x930.jpg 1068w, https:\/\/raicesandaluzas.com\/revista\/wp-content\/uploads\/2025\/04\/presentacioncartelFeria2025_02.jpg 1200w\" sizes=\"auto, (max-width: 1024px) 100vw, 1024px\" \/><\/figure>\n<\/figure>\n\n\n\n<p><strong>Fotograf\u00edas: Manuel Arce<\/strong><\/p>\n","protected":false},"excerpt":{"rendered":"<p>El pr\u00f3ximo viernes, 25 de abril, el Real de la Feria de Abril se iluminar\u00e1 y dar\u00e1n comienzo as\u00ed 10 d\u00edas de baile y diversi\u00f3n dentro y fuera de las casetas instaladas en el Parc del F\u00f2rum, a caballo entre Sant Adri\u00e0 de Bes\u00f2s y Barcelona. La principal novedad de la edici\u00f3n n\u00famero 52 de [&hellip;]<\/p>\n","protected":false},"author":1,"featured_media":2334,"comment_status":"closed","ping_status":"open","sticky":false,"template":"","format":"standard","meta":{"footnotes":""},"categories":[19],"tags":[],"class_list":{"0":"post-2333","1":"post","2":"type-post","3":"status-publish","4":"format-standard","5":"has-post-thumbnail","7":"category-actualidad"},"_links":{"self":[{"href":"https:\/\/raicesandaluzas.com\/revista\/wp-json\/wp\/v2\/posts\/2333","targetHints":{"allow":["GET"]}}],"collection":[{"href":"https:\/\/raicesandaluzas.com\/revista\/wp-json\/wp\/v2\/posts"}],"about":[{"href":"https:\/\/raicesandaluzas.com\/revista\/wp-json\/wp\/v2\/types\/post"}],"author":[{"embeddable":true,"href":"https:\/\/raicesandaluzas.com\/revista\/wp-json\/wp\/v2\/users\/1"}],"replies":[{"embeddable":true,"href":"https:\/\/raicesandaluzas.com\/revista\/wp-json\/wp\/v2\/comments?post=2333"}],"version-history":[{"count":4,"href":"https:\/\/raicesandaluzas.com\/revista\/wp-json\/wp\/v2\/posts\/2333\/revisions"}],"predecessor-version":[{"id":2379,"href":"https:\/\/raicesandaluzas.com\/revista\/wp-json\/wp\/v2\/posts\/2333\/revisions\/2379"}],"wp:featuredmedia":[{"embeddable":true,"href":"https:\/\/raicesandaluzas.com\/revista\/wp-json\/wp\/v2\/media\/2334"}],"wp:attachment":[{"href":"https:\/\/raicesandaluzas.com\/revista\/wp-json\/wp\/v2\/media?parent=2333"}],"wp:term":[{"taxonomy":"category","embeddable":true,"href":"https:\/\/raicesandaluzas.com\/revista\/wp-json\/wp\/v2\/categories?post=2333"},{"taxonomy":"post_tag","embeddable":true,"href":"https:\/\/raicesandaluzas.com\/revista\/wp-json\/wp\/v2\/tags?post=2333"}],"curies":[{"name":"wp","href":"https:\/\/api.w.org\/{rel}","templated":true}]}}