{"id":2328,"date":"2025-04-03T11:27:09","date_gmt":"2025-04-03T11:27:09","guid":{"rendered":"https:\/\/raicesandaluzas.com\/revista\/?p=2328"},"modified":"2025-04-07T11:38:04","modified_gmt":"2025-04-07T11:38:04","slug":"el-cante-de-las-minas-hace-historia-en-barcelona-con-una-gala-inolvidable-en-el-liceu","status":"publish","type":"post","link":"https:\/\/raicesandaluzas.com\/revista\/2025\/04\/03\/el-cante-de-las-minas-hace-historia-en-barcelona-con-una-gala-inolvidable-en-el-liceu\/","title":{"rendered":"El Cante de Las Minas hace historia en Barcelona con una gala inolvidable en el Liceu"},"content":{"rendered":"\n<p>El Gran Teatro del Liceo vivi\u00f3 anoche una velada hist\u00f3rica con la celebraci\u00f3n de la 1\u00aa Gala del Festival Internacional del Cante de las Minas, un evento sin precedentes que trajo hasta el templo l\u00edrico de Barcelona la fuerza, la emoci\u00f3n y la verdad del flamenco. Una gala que no solo llen\u00f3 el teatro de arte y comp\u00e1s, sino que dej\u00f3 al p\u00fablico entregado, emocionado y con ganas de m\u00e1s.<\/p>\n\n\n\n<p>Desde el primer instante, el espect\u00e1culo se adue\u00f1\u00f3 del escenario con una poderosa presentaci\u00f3n coral: las voces de Jes\u00fas Corbacho, Juan Jos\u00e9 Amador, Juanjo de Nahieli y Antonio Fern\u00e1ndez emergieron entre luces cenitales, como columnas sonoras que evocaban la profundidad del cante. El ambiente, envuelto en humo y misterio, abr\u00eda el camino para una noche m\u00e1gica.<\/p>\n\n\n\n<p>Uno a uno, los artistas lo dieron todo sobre el escenario. El violonchelista Jos\u00e9 &#8216;El Marqu\u00e9s\u2019 abri\u00f3 paso en solitario, al que se unieron el baile de \u2018La Yunko&#8217; y la guitarra de Joni Jim\u00e9nez en una coreograf\u00eda \u00edntima y poderosa. Jim\u00e9nez tom\u00f3 luego el escenario para una interpretaci\u00f3n en solitario que mezcl\u00f3 sole\u00e1 y taranta con absoluta solvencia t\u00e9cnica.<\/p>\n\n\n\n<p>El p\u00fablico se mantuvo en vilo con cada n\u00famero. La Yunko volvi\u00f3 a escena con taranta y alegr\u00edas, desplegando un baile limpio, preciso y lleno de emoci\u00f3n. A continuaci\u00f3n, Jes\u00fas Corbacho hizo vibrar al Liceu con su cante profundo y desgarrado por fandangos, en un momento de m\u00e1xima conexi\u00f3n con el p\u00fablico.<\/p>\n\n\n\n<figure class=\"wp-block-gallery has-nested-images columns-default is-cropped td-modal-on-gallery wp-block-gallery-1 is-layout-flex wp-block-gallery-is-layout-flex\">\n<figure class=\"wp-block-image size-large\"><img loading=\"lazy\" decoding=\"async\" width=\"1024\" height=\"683\" data-id=\"2346\" src=\"https:\/\/raicesandaluzas.com\/revista\/wp-content\/uploads\/2025\/04\/minasarceliceu_01-1024x683.jpg\" alt=\"\" class=\"wp-image-2346\" srcset=\"https:\/\/raicesandaluzas.com\/revista\/wp-content\/uploads\/2025\/04\/minasarceliceu_01-1024x683.jpg 1024w, https:\/\/raicesandaluzas.com\/revista\/wp-content\/uploads\/2025\/04\/minasarceliceu_01-300x200.jpg 300w, https:\/\/raicesandaluzas.com\/revista\/wp-content\/uploads\/2025\/04\/minasarceliceu_01-768x512.jpg 768w, https:\/\/raicesandaluzas.com\/revista\/wp-content\/uploads\/2025\/04\/minasarceliceu_01-630x420.jpg 630w, https:\/\/raicesandaluzas.com\/revista\/wp-content\/uploads\/2025\/04\/minasarceliceu_01-696x464.jpg 696w, https:\/\/raicesandaluzas.com\/revista\/wp-content\/uploads\/2025\/04\/minasarceliceu_01-1068x712.jpg 1068w, https:\/\/raicesandaluzas.com\/revista\/wp-content\/uploads\/2025\/04\/minasarceliceu_01.jpg 1200w\" sizes=\"auto, (max-width: 1024px) 100vw, 1024px\" \/><\/figure>\n\n\n\n<figure class=\"wp-block-image size-large\"><img loading=\"lazy\" decoding=\"async\" width=\"1024\" height=\"683\" data-id=\"2344\" src=\"https:\/\/raicesandaluzas.com\/revista\/wp-content\/uploads\/2025\/04\/minasarceliceu_03-1024x683.jpg\" alt=\"\" class=\"wp-image-2344\" srcset=\"https:\/\/raicesandaluzas.com\/revista\/wp-content\/uploads\/2025\/04\/minasarceliceu_03-1024x683.jpg 1024w, https:\/\/raicesandaluzas.com\/revista\/wp-content\/uploads\/2025\/04\/minasarceliceu_03-300x200.jpg 300w, https:\/\/raicesandaluzas.com\/revista\/wp-content\/uploads\/2025\/04\/minasarceliceu_03-768x512.jpg 768w, https:\/\/raicesandaluzas.com\/revista\/wp-content\/uploads\/2025\/04\/minasarceliceu_03-630x420.jpg 630w, https:\/\/raicesandaluzas.com\/revista\/wp-content\/uploads\/2025\/04\/minasarceliceu_03-696x464.jpg 696w, https:\/\/raicesandaluzas.com\/revista\/wp-content\/uploads\/2025\/04\/minasarceliceu_03-1068x712.jpg 1068w, https:\/\/raicesandaluzas.com\/revista\/wp-content\/uploads\/2025\/04\/minasarceliceu_03.jpg 1200w\" sizes=\"auto, (max-width: 1024px) 100vw, 1024px\" \/><\/figure>\n\n\n\n<figure class=\"wp-block-image size-large\"><img loading=\"lazy\" decoding=\"async\" width=\"1024\" height=\"1024\" data-id=\"2342\" src=\"https:\/\/raicesandaluzas.com\/revista\/wp-content\/uploads\/2025\/04\/minasarceliceu_05-1024x1024.jpg\" alt=\"\" class=\"wp-image-2342\" srcset=\"https:\/\/raicesandaluzas.com\/revista\/wp-content\/uploads\/2025\/04\/minasarceliceu_05-1024x1024.jpg 1024w, https:\/\/raicesandaluzas.com\/revista\/wp-content\/uploads\/2025\/04\/minasarceliceu_05-300x300.jpg 300w, https:\/\/raicesandaluzas.com\/revista\/wp-content\/uploads\/2025\/04\/minasarceliceu_05-150x150.jpg 150w, https:\/\/raicesandaluzas.com\/revista\/wp-content\/uploads\/2025\/04\/minasarceliceu_05-768x768.jpg 768w, https:\/\/raicesandaluzas.com\/revista\/wp-content\/uploads\/2025\/04\/minasarceliceu_05-420x420.jpg 420w, https:\/\/raicesandaluzas.com\/revista\/wp-content\/uploads\/2025\/04\/minasarceliceu_05-696x696.jpg 696w, https:\/\/raicesandaluzas.com\/revista\/wp-content\/uploads\/2025\/04\/minasarceliceu_05-1068x1068.jpg 1068w, https:\/\/raicesandaluzas.com\/revista\/wp-content\/uploads\/2025\/04\/minasarceliceu_05.jpg 1200w\" sizes=\"auto, (max-width: 1024px) 100vw, 1024px\" \/><\/figure>\n\n\n\n<figure class=\"wp-block-image size-large\"><img loading=\"lazy\" decoding=\"async\" width=\"1024\" height=\"683\" data-id=\"2345\" src=\"https:\/\/raicesandaluzas.com\/revista\/wp-content\/uploads\/2025\/04\/minasarceliceu_02-1024x683.jpg\" alt=\"\" class=\"wp-image-2345\" srcset=\"https:\/\/raicesandaluzas.com\/revista\/wp-content\/uploads\/2025\/04\/minasarceliceu_02-1024x683.jpg 1024w, https:\/\/raicesandaluzas.com\/revista\/wp-content\/uploads\/2025\/04\/minasarceliceu_02-300x200.jpg 300w, https:\/\/raicesandaluzas.com\/revista\/wp-content\/uploads\/2025\/04\/minasarceliceu_02-768x512.jpg 768w, https:\/\/raicesandaluzas.com\/revista\/wp-content\/uploads\/2025\/04\/minasarceliceu_02-630x420.jpg 630w, https:\/\/raicesandaluzas.com\/revista\/wp-content\/uploads\/2025\/04\/minasarceliceu_02-696x464.jpg 696w, https:\/\/raicesandaluzas.com\/revista\/wp-content\/uploads\/2025\/04\/minasarceliceu_02-1068x712.jpg 1068w, https:\/\/raicesandaluzas.com\/revista\/wp-content\/uploads\/2025\/04\/minasarceliceu_02.jpg 1200w\" sizes=\"auto, (max-width: 1024px) 100vw, 1024px\" \/><\/figure>\n\n\n\n<figure class=\"wp-block-image size-large\"><img loading=\"lazy\" decoding=\"async\" width=\"1024\" height=\"683\" data-id=\"2341\" src=\"https:\/\/raicesandaluzas.com\/revista\/wp-content\/uploads\/2025\/04\/minasarceliceu_06-1024x683.jpg\" alt=\"\" class=\"wp-image-2341\" srcset=\"https:\/\/raicesandaluzas.com\/revista\/wp-content\/uploads\/2025\/04\/minasarceliceu_06-1024x683.jpg 1024w, https:\/\/raicesandaluzas.com\/revista\/wp-content\/uploads\/2025\/04\/minasarceliceu_06-300x200.jpg 300w, https:\/\/raicesandaluzas.com\/revista\/wp-content\/uploads\/2025\/04\/minasarceliceu_06-768x512.jpg 768w, https:\/\/raicesandaluzas.com\/revista\/wp-content\/uploads\/2025\/04\/minasarceliceu_06-630x420.jpg 630w, https:\/\/raicesandaluzas.com\/revista\/wp-content\/uploads\/2025\/04\/minasarceliceu_06-696x464.jpg 696w, https:\/\/raicesandaluzas.com\/revista\/wp-content\/uploads\/2025\/04\/minasarceliceu_06-1068x712.jpg 1068w, https:\/\/raicesandaluzas.com\/revista\/wp-content\/uploads\/2025\/04\/minasarceliceu_06.jpg 1200w\" sizes=\"auto, (max-width: 1024px) 100vw, 1024px\" \/><\/figure>\n<\/figure>\n\n\n\n<p>Ya en la segunda parte, Daniel Casares llen\u00f3 de sutileza el teatro con su guitarra, seguido por el arrollador \u2018El Yiyo\u2019, que desat\u00f3 ovaciones con su fuerza esc\u00e9nica y magnetismo. Ambos artistas se unieron despu\u00e9s en un emocionante duelo de guitarras con Joni Jim\u00e9nez, que culmin\u00f3 con una ovaci\u00f3n cerrada.<\/p>\n\n\n\n<p>El fin de fiesta lleg\u00f3 con todos los m\u00fasicos y bailaores sobre el escenario. Tangos, buler\u00edas, palmas y alegr\u00eda: La Yunko y El Yiyo bailaron juntos en un cierre vibrante, celebratorio, que puso en pie a todo el teatro. El tel\u00f3n baj\u00f3 lentamente mientras el arte segu\u00eda fluyendo, en una despedida que fue puro gozo.<\/p>\n\n\n\n<p>Todo lo vivido en el escenario tuvo como parte protagonista la escenograf\u00eda ideada por el artista unionense Esteban Bernal, que luci\u00f3 como si de la Catedral del Cante se tratara y su esencia se hubiera trasladado al escenario del Liceu. Sobria, simb\u00f3lica y monumental, envolvi\u00f3 cada actuaci\u00f3n con una atm\u00f3sfera de solemnidad y profundidad que elev\u00f3 a\u00fan m\u00e1s la experiencia art\u00edstica.<\/p>\n\n\n\n<p>Entre el p\u00fablico se encontraban figuras institucionales como Salvador Illa, Fernando L\u00f3pez Miras, Marcos Ortu\u00f1o, Jaume Collboni y Joaqu\u00edn Zapata, quienes respaldaron con su presencia un evento que une culturas, territorios y tradiciones. En su intervenci\u00f3n, el alcalde de La Uni\u00f3n, Joaqu\u00edn Zapata, afirm\u00f3: \u201cEl Cante de las Minas llega al Liceu con la misma emoci\u00f3n y autenticidad con la que naci\u00f3 en las entra\u00f1as de nuestra tierra\u201d.<\/p>\n\n\n\n<p>Organizada por la Casa de Murcia en Barcelona, presentada por la Fundaci\u00f3n Cante de las Minas y producida por Solana Entertainment, esta gala marca un antes y un despu\u00e9s en la historia del festival, al proyectar su esencia m\u00e1s all\u00e1 de las fronteras de La Uni\u00f3n.<\/p>\n\n\n\n<p>Una noche para el recuerdo, que confirma que el flamenco, cuando se entrega con verdad, no entiende de l\u00edmites ni de geograf\u00edas. Por eso, el Festival Internacional del Cante de las Minas sigue consolid\u00e1ndose como el certamen flamenco m\u00e1s importante del mundo.<\/p>\n\n\n\n<p><strong>Fotograf\u00edas: Manuel Arce<\/strong><\/p>\n","protected":false},"excerpt":{"rendered":"<p>El Gran Teatro del Liceo vivi\u00f3 anoche una velada hist\u00f3rica con la celebraci\u00f3n de la 1\u00aa Gala del Festival Internacional del Cante de las Minas, un evento sin precedentes que trajo hasta el templo l\u00edrico de Barcelona la fuerza, la emoci\u00f3n y la verdad del flamenco. Una gala que no solo llen\u00f3 el teatro de [&hellip;]<\/p>\n","protected":false},"author":2,"featured_media":2343,"comment_status":"closed","ping_status":"open","sticky":false,"template":"","format":"standard","meta":{"footnotes":""},"categories":[19,22],"tags":[],"class_list":{"0":"post-2328","1":"post","2":"type-post","3":"status-publish","4":"format-standard","5":"has-post-thumbnail","7":"category-actualidad","8":"category-flamenco"},"_links":{"self":[{"href":"https:\/\/raicesandaluzas.com\/revista\/wp-json\/wp\/v2\/posts\/2328","targetHints":{"allow":["GET"]}}],"collection":[{"href":"https:\/\/raicesandaluzas.com\/revista\/wp-json\/wp\/v2\/posts"}],"about":[{"href":"https:\/\/raicesandaluzas.com\/revista\/wp-json\/wp\/v2\/types\/post"}],"author":[{"embeddable":true,"href":"https:\/\/raicesandaluzas.com\/revista\/wp-json\/wp\/v2\/users\/2"}],"replies":[{"embeddable":true,"href":"https:\/\/raicesandaluzas.com\/revista\/wp-json\/wp\/v2\/comments?post=2328"}],"version-history":[{"count":2,"href":"https:\/\/raicesandaluzas.com\/revista\/wp-json\/wp\/v2\/posts\/2328\/revisions"}],"predecessor-version":[{"id":2348,"href":"https:\/\/raicesandaluzas.com\/revista\/wp-json\/wp\/v2\/posts\/2328\/revisions\/2348"}],"wp:featuredmedia":[{"embeddable":true,"href":"https:\/\/raicesandaluzas.com\/revista\/wp-json\/wp\/v2\/media\/2343"}],"wp:attachment":[{"href":"https:\/\/raicesandaluzas.com\/revista\/wp-json\/wp\/v2\/media?parent=2328"}],"wp:term":[{"taxonomy":"category","embeddable":true,"href":"https:\/\/raicesandaluzas.com\/revista\/wp-json\/wp\/v2\/categories?post=2328"},{"taxonomy":"post_tag","embeddable":true,"href":"https:\/\/raicesandaluzas.com\/revista\/wp-json\/wp\/v2\/tags?post=2328"}],"curies":[{"name":"wp","href":"https:\/\/api.w.org\/{rel}","templated":true}]}}