{"id":2325,"date":"2025-04-02T10:51:50","date_gmt":"2025-04-02T10:51:50","guid":{"rendered":"https:\/\/raicesandaluzas.com\/revista\/?p=2325"},"modified":"2025-04-02T10:51:50","modified_gmt":"2025-04-02T10:51:50","slug":"la-cofradia-de-nuestra-senora-de-las-angustias-procesionara-el-proximo-viernessanto-por-las-calles-del-barrio-gotico-de-barcelona","status":"publish","type":"post","link":"https:\/\/raicesandaluzas.com\/revista\/2025\/04\/02\/la-cofradia-de-nuestra-senora-de-las-angustias-procesionara-el-proximo-viernessanto-por-las-calles-del-barrio-gotico-de-barcelona\/","title":{"rendered":"La Cofrad\u00eda de Nuestra Se\u00f1ora de las Angustias procesionar\u00e1 el pr\u00f3ximo ViernesSanto por las calles del Barrio G\u00f3tico de Barcelona"},"content":{"rendered":"\n<p>El pr\u00f3ximo viernes 18 de abril, Viernes Santo, la Cofrad\u00eda de Nuestra Se\u00f1ora de las Angustias realizar\u00e1 su estaci\u00f3n de penitencia procesionando por las calles del Barrio G\u00f3tico de Barcelona, con la talla que da nombre a la corporaci\u00f3n.<\/p>\n\n\n\n<p>Como novedades de este a\u00f1o, cabe destacar el estreno de la tercera fase del paso procesional, y una nueva cruz y ciriales gu\u00eda, obra del imaginero sevillano Enrique Calero, y el retorno de la Agrupaci\u00f3n Musical Nuestra Se\u00f1ora de la Sierra como acompa\u00f1amiento para el acto. Asimismo, y debido a las obras de la Rambla, la Cofrad\u00eda cambiar\u00e1 su recorrido.<\/p>\n\n\n\n<p>La Hermandad ha estado trabajando desde principios de a\u00f1o en la preparaci\u00f3n del Viernes Santo y present\u00f3 el pasado 15 de marzo el cartel anunciador de la Semana Santa, realizado por el malague\u00f1o Francisco Quintero.<\/p>\n\n\n\n<p>La procesi\u00f3n se enmarca en las celebraciones cat\u00f3licas de la Semana Santa, y constituye una fecha clave en el calendario cultural barcelon\u00e9s, pues es la \u00fanica fecha en la que ordinariamente desfila la talla de la Virgen de las Angustias, obra an\u00f3nima del siglo XVIII, y todo el patrimonio art\u00edstico de la Cofrad\u00eda.<\/p>\n\n\n\n<p>Previsiblemente, a partir del pr\u00f3ximo mi\u00e9rcoles 16 de abril se colocar\u00e1 el exorno floral del paso. La Iglesia de San Jaime restar\u00e1 abierta todo el Viernes Santo para su visita.<\/p>\n\n\n\n<p>El itinerario y horario es el siguiente: salida a las 18:30 horas de la Iglesia de San Jaime, y procesi\u00f3n por Ferran, Pla\u00e7a de Sant Jaume, Bisbe, Santa Ll\u00facia, Pla de la Seu, Pla\u00e7a Nova, Boters, Pi, Palla, Pla\u00e7a Nova, Bisbe, Sant Sever, Sant Honorat, Pla\u00e7a de Sant Jaume, Ferran.<\/p>\n\n\n\n<p>Hacia las 20:30 horas est\u00e1 prevista la recepci\u00f3n del Cardenal Juan Jos\u00e9 Omella a las<br>puertas de la Catedral.<\/p>\n","protected":false},"excerpt":{"rendered":"<p>El pr\u00f3ximo viernes 18 de abril, Viernes Santo, la Cofrad\u00eda de Nuestra Se\u00f1ora de las Angustias realizar\u00e1 su estaci\u00f3n de penitencia procesionando por las calles del Barrio G\u00f3tico de Barcelona, con la talla que da nombre a la corporaci\u00f3n. Como novedades de este a\u00f1o, cabe destacar el estreno de la tercera fase del paso procesional, [&hellip;]<\/p>\n","protected":false},"author":1,"featured_media":2326,"comment_status":"closed","ping_status":"open","sticky":false,"template":"","format":"standard","meta":{"footnotes":""},"categories":[19],"tags":[],"class_list":{"0":"post-2325","1":"post","2":"type-post","3":"status-publish","4":"format-standard","5":"has-post-thumbnail","7":"category-actualidad"},"_links":{"self":[{"href":"https:\/\/raicesandaluzas.com\/revista\/wp-json\/wp\/v2\/posts\/2325","targetHints":{"allow":["GET"]}}],"collection":[{"href":"https:\/\/raicesandaluzas.com\/revista\/wp-json\/wp\/v2\/posts"}],"about":[{"href":"https:\/\/raicesandaluzas.com\/revista\/wp-json\/wp\/v2\/types\/post"}],"author":[{"embeddable":true,"href":"https:\/\/raicesandaluzas.com\/revista\/wp-json\/wp\/v2\/users\/1"}],"replies":[{"embeddable":true,"href":"https:\/\/raicesandaluzas.com\/revista\/wp-json\/wp\/v2\/comments?post=2325"}],"version-history":[{"count":1,"href":"https:\/\/raicesandaluzas.com\/revista\/wp-json\/wp\/v2\/posts\/2325\/revisions"}],"predecessor-version":[{"id":2327,"href":"https:\/\/raicesandaluzas.com\/revista\/wp-json\/wp\/v2\/posts\/2325\/revisions\/2327"}],"wp:featuredmedia":[{"embeddable":true,"href":"https:\/\/raicesandaluzas.com\/revista\/wp-json\/wp\/v2\/media\/2326"}],"wp:attachment":[{"href":"https:\/\/raicesandaluzas.com\/revista\/wp-json\/wp\/v2\/media?parent=2325"}],"wp:term":[{"taxonomy":"category","embeddable":true,"href":"https:\/\/raicesandaluzas.com\/revista\/wp-json\/wp\/v2\/categories?post=2325"},{"taxonomy":"post_tag","embeddable":true,"href":"https:\/\/raicesandaluzas.com\/revista\/wp-json\/wp\/v2\/tags?post=2325"}],"curies":[{"name":"wp","href":"https:\/\/api.w.org\/{rel}","templated":true}]}}