{"id":2321,"date":"2025-03-17T11:58:33","date_gmt":"2025-03-17T11:58:33","guid":{"rendered":"https:\/\/raicesandaluzas.com\/revista\/?p=2321"},"modified":"2025-03-17T11:58:34","modified_gmt":"2025-03-17T11:58:34","slug":"la-periodista-esther-ortega-sera-la-encargada-del-pregon-de-semana-santa-de-barcelona-2025","status":"publish","type":"post","link":"https:\/\/raicesandaluzas.com\/revista\/2025\/03\/17\/la-periodista-esther-ortega-sera-la-encargada-del-pregon-de-semana-santa-de-barcelona-2025\/","title":{"rendered":"La periodista Esther Ortega ser\u00e1 la encargada del Preg\u00f3n de Semana Santa de Barcelona 2025"},"content":{"rendered":"\n<p>Este pr\u00f3ximo s\u00e1bado, 22 de marzo, la Iglesia de Sant Agust\u00ed (pla\u00e7a Sant Agust\u00ed, 2) acoger\u00e1 a las 17 horas el Preg\u00f3n de Semana Santa de Barcelona 2025, que ser\u00e1 a cargo de Esther Ortega, periodista sevillana y antiguo miembro del Consejo de Cofrad\u00edas. Adem\u00e1s, se llevar\u00e1 a cabo el tradicional concierto de Marchas Procesionales, interpretado por la Unidad de M\u00fasica de la Inspecci\u00f3n General del Ej\u00e9rcito, bajo la direcci\u00f3n del\u00a0Teniente Juan Bautista Tortosa Lara.<\/p>\n\n\n\n<p>El evento est\u00e1 organizado por el\u00a0Consejo General de Hermandades y Cofrad\u00edas de la Archidi\u00f3cesis de Barcelona\u00a0y la\u00a0Pontificia y Real Hermandad del Gran Poder y Esperanza Macarena de Barcelona, con el apoyo del\u00a0Ayuntamiento de Barcelona. <\/p>\n","protected":false},"excerpt":{"rendered":"<p>Este pr\u00f3ximo s\u00e1bado, 22 de marzo, la Iglesia de Sant Agust\u00ed (pla\u00e7a Sant Agust\u00ed, 2) acoger\u00e1 a las 17 horas el Preg\u00f3n de Semana Santa de Barcelona 2025, que ser\u00e1 a cargo de Esther Ortega, periodista sevillana y antiguo miembro del Consejo de Cofrad\u00edas. Adem\u00e1s, se llevar\u00e1 a cabo el tradicional concierto de Marchas Procesionales, [&hellip;]<\/p>\n","protected":false},"author":1,"featured_media":2322,"comment_status":"closed","ping_status":"open","sticky":false,"template":"","format":"standard","meta":{"footnotes":""},"categories":[19],"tags":[],"class_list":{"0":"post-2321","1":"post","2":"type-post","3":"status-publish","4":"format-standard","5":"has-post-thumbnail","7":"category-actualidad"},"_links":{"self":[{"href":"https:\/\/raicesandaluzas.com\/revista\/wp-json\/wp\/v2\/posts\/2321","targetHints":{"allow":["GET"]}}],"collection":[{"href":"https:\/\/raicesandaluzas.com\/revista\/wp-json\/wp\/v2\/posts"}],"about":[{"href":"https:\/\/raicesandaluzas.com\/revista\/wp-json\/wp\/v2\/types\/post"}],"author":[{"embeddable":true,"href":"https:\/\/raicesandaluzas.com\/revista\/wp-json\/wp\/v2\/users\/1"}],"replies":[{"embeddable":true,"href":"https:\/\/raicesandaluzas.com\/revista\/wp-json\/wp\/v2\/comments?post=2321"}],"version-history":[{"count":1,"href":"https:\/\/raicesandaluzas.com\/revista\/wp-json\/wp\/v2\/posts\/2321\/revisions"}],"predecessor-version":[{"id":2323,"href":"https:\/\/raicesandaluzas.com\/revista\/wp-json\/wp\/v2\/posts\/2321\/revisions\/2323"}],"wp:featuredmedia":[{"embeddable":true,"href":"https:\/\/raicesandaluzas.com\/revista\/wp-json\/wp\/v2\/media\/2322"}],"wp:attachment":[{"href":"https:\/\/raicesandaluzas.com\/revista\/wp-json\/wp\/v2\/media?parent=2321"}],"wp:term":[{"taxonomy":"category","embeddable":true,"href":"https:\/\/raicesandaluzas.com\/revista\/wp-json\/wp\/v2\/categories?post=2321"},{"taxonomy":"post_tag","embeddable":true,"href":"https:\/\/raicesandaluzas.com\/revista\/wp-json\/wp\/v2\/tags?post=2321"}],"curies":[{"name":"wp","href":"https:\/\/api.w.org\/{rel}","templated":true}]}}