{"id":2318,"date":"2025-03-17T11:42:20","date_gmt":"2025-03-17T11:42:20","guid":{"rendered":"https:\/\/raicesandaluzas.com\/revista\/?p=2318"},"modified":"2025-03-17T11:42:21","modified_gmt":"2025-03-17T11:42:21","slug":"las-angustias-presentan-el-cartel-del-viernes-santo","status":"publish","type":"post","link":"https:\/\/raicesandaluzas.com\/revista\/2025\/03\/17\/las-angustias-presentan-el-cartel-del-viernes-santo\/","title":{"rendered":"Las Angustias presentan el cartel del Viernes Santo"},"content":{"rendered":"\n<p>Al finalizar la Funci\u00f3n Principal del pasado S\u00e1bado 15 de Marzo, la Hermandad de las Angustias de Barcelona present\u00f3 el cartel del Viernes Santo 2025. Obra del joven malague\u00f1o Francisco Quintero (V\u00e9lez-M\u00e1laga 1998), el cartel est\u00e1 realizado al \u00f3leo sobre lienzo, con unas medidas de 80X40.<\/p>\n\n\n\n<p>La idea principal de este cartel ha sido complementar al ya realizado el a\u00f1o pasado por lo que se ha usado una gama crom\u00e1tica muy similar tanto para el fondo como para la imagen principal.<\/p>\n\n\n\n<p>Como imagen principal, aparece el Sant\u00edsimo Cristo de la Misericordia sostenido por la mano de la Virgen de las Angustias. Todo ello perfilado con una l\u00ednea amarilla a modo de halo.<\/p>\n\n\n\n<p>El fondo es un degradado desde un color tierra siena tostada, hasta un color amarillo pasando por unas tonalidades anaranjadas. Sobre el fondo apreciamos una celos\u00eda basada en las nervaduras de unas b\u00f3vedas g\u00f3ticas. Mientras que en la parte superior en color negro vemos la inscripci\u00f3n Angustias.<\/p>\n","protected":false},"excerpt":{"rendered":"<p>Al finalizar la Funci\u00f3n Principal del pasado S\u00e1bado 15 de Marzo, la Hermandad de las Angustias de Barcelona present\u00f3 el cartel del Viernes Santo 2025. Obra del joven malague\u00f1o Francisco Quintero (V\u00e9lez-M\u00e1laga 1998), el cartel est\u00e1 realizado al \u00f3leo sobre lienzo, con unas medidas de 80X40. La idea principal de este cartel ha sido complementar [&hellip;]<\/p>\n","protected":false},"author":2,"featured_media":2319,"comment_status":"closed","ping_status":"open","sticky":false,"template":"","format":"standard","meta":{"footnotes":""},"categories":[19],"tags":[],"class_list":{"0":"post-2318","1":"post","2":"type-post","3":"status-publish","4":"format-standard","5":"has-post-thumbnail","7":"category-actualidad"},"_links":{"self":[{"href":"https:\/\/raicesandaluzas.com\/revista\/wp-json\/wp\/v2\/posts\/2318","targetHints":{"allow":["GET"]}}],"collection":[{"href":"https:\/\/raicesandaluzas.com\/revista\/wp-json\/wp\/v2\/posts"}],"about":[{"href":"https:\/\/raicesandaluzas.com\/revista\/wp-json\/wp\/v2\/types\/post"}],"author":[{"embeddable":true,"href":"https:\/\/raicesandaluzas.com\/revista\/wp-json\/wp\/v2\/users\/2"}],"replies":[{"embeddable":true,"href":"https:\/\/raicesandaluzas.com\/revista\/wp-json\/wp\/v2\/comments?post=2318"}],"version-history":[{"count":1,"href":"https:\/\/raicesandaluzas.com\/revista\/wp-json\/wp\/v2\/posts\/2318\/revisions"}],"predecessor-version":[{"id":2320,"href":"https:\/\/raicesandaluzas.com\/revista\/wp-json\/wp\/v2\/posts\/2318\/revisions\/2320"}],"wp:featuredmedia":[{"embeddable":true,"href":"https:\/\/raicesandaluzas.com\/revista\/wp-json\/wp\/v2\/media\/2319"}],"wp:attachment":[{"href":"https:\/\/raicesandaluzas.com\/revista\/wp-json\/wp\/v2\/media?parent=2318"}],"wp:term":[{"taxonomy":"category","embeddable":true,"href":"https:\/\/raicesandaluzas.com\/revista\/wp-json\/wp\/v2\/categories?post=2318"},{"taxonomy":"post_tag","embeddable":true,"href":"https:\/\/raicesandaluzas.com\/revista\/wp-json\/wp\/v2\/tags?post=2318"}],"curies":[{"name":"wp","href":"https:\/\/api.w.org\/{rel}","templated":true}]}}