{"id":2315,"date":"2025-03-09T09:11:52","date_gmt":"2025-03-09T09:11:52","guid":{"rendered":"https:\/\/raicesandaluzas.com\/revista\/?p=2315"},"modified":"2025-03-10T09:13:08","modified_gmt":"2025-03-10T09:13:08","slug":"la-fecac-ha-hecho-la-ofrenda-a-blas-infanteen-conmemoracion-del-dia-de-andalucia","status":"publish","type":"post","link":"https:\/\/raicesandaluzas.com\/revista\/2025\/03\/09\/la-fecac-ha-hecho-la-ofrenda-a-blas-infanteen-conmemoracion-del-dia-de-andalucia\/","title":{"rendered":"La FECAC ha hecho la ofrenda a Blas Infanteen conmemoraci\u00f3n del D\u00eda de Andaluc\u00eda"},"content":{"rendered":"\n<p>La junta directiva de la FECAC y las entidades asociadas, junto con las autoridades, han realizado a las nueve de esta ma\u00f1ana la ofrenda floral en el monolito de Blas Infante, considerado el padre de la patria andaluza, en el parque de la Guineueta, en Barcelona.<br>Este acto ha servido como colof\u00f3n de las Jornadas Conmemorativas del D\u00eda de Andaluc\u00eda ya que la Jornada de Convivencia que se deb\u00eda celebrar al mediod\u00eda en Terrassa se ha suspendido debido a la previsi\u00f3n de mal tiempo.<br>A la ofrenda han asistido la alcaldesa de Mollet del Vall\u00e8s, Mireia Dionisio, el concejal de Santa Coloma de Gramenet Miguel Jurado, el consejero del distrito barcelon\u00e9s de Nou Barris David Frontela i el exsenador Josep Maria Sala.<br>El presidente de la FECAC, Daniel Salinero, ha agradecido la presencia de las entidades a pesar de las<br>inclemencias del tiempo.<br>El acto ha acabado con la interpretaci\u00f3n de los himnos de Andaluc\u00eda y de Catalu\u00f1a a cargo de la banda de m\u00fasica de la Casa de Granada en Barcelona.<\/p>\n","protected":false},"excerpt":{"rendered":"<p>La junta directiva de la FECAC y las entidades asociadas, junto con las autoridades, han realizado a las nueve de esta ma\u00f1ana la ofrenda floral en el monolito de Blas Infante, considerado el padre de la patria andaluza, en el parque de la Guineueta, en Barcelona.Este acto ha servido como colof\u00f3n de las Jornadas Conmemorativas [&hellip;]<\/p>\n","protected":false},"author":2,"featured_media":2316,"comment_status":"closed","ping_status":"open","sticky":false,"template":"","format":"standard","meta":{"footnotes":""},"categories":[19],"tags":[],"class_list":{"0":"post-2315","1":"post","2":"type-post","3":"status-publish","4":"format-standard","5":"has-post-thumbnail","7":"category-actualidad"},"_links":{"self":[{"href":"https:\/\/raicesandaluzas.com\/revista\/wp-json\/wp\/v2\/posts\/2315","targetHints":{"allow":["GET"]}}],"collection":[{"href":"https:\/\/raicesandaluzas.com\/revista\/wp-json\/wp\/v2\/posts"}],"about":[{"href":"https:\/\/raicesandaluzas.com\/revista\/wp-json\/wp\/v2\/types\/post"}],"author":[{"embeddable":true,"href":"https:\/\/raicesandaluzas.com\/revista\/wp-json\/wp\/v2\/users\/2"}],"replies":[{"embeddable":true,"href":"https:\/\/raicesandaluzas.com\/revista\/wp-json\/wp\/v2\/comments?post=2315"}],"version-history":[{"count":1,"href":"https:\/\/raicesandaluzas.com\/revista\/wp-json\/wp\/v2\/posts\/2315\/revisions"}],"predecessor-version":[{"id":2317,"href":"https:\/\/raicesandaluzas.com\/revista\/wp-json\/wp\/v2\/posts\/2315\/revisions\/2317"}],"wp:featuredmedia":[{"embeddable":true,"href":"https:\/\/raicesandaluzas.com\/revista\/wp-json\/wp\/v2\/media\/2316"}],"wp:attachment":[{"href":"https:\/\/raicesandaluzas.com\/revista\/wp-json\/wp\/v2\/media?parent=2315"}],"wp:term":[{"taxonomy":"category","embeddable":true,"href":"https:\/\/raicesandaluzas.com\/revista\/wp-json\/wp\/v2\/categories?post=2315"},{"taxonomy":"post_tag","embeddable":true,"href":"https:\/\/raicesandaluzas.com\/revista\/wp-json\/wp\/v2\/tags?post=2315"}],"curies":[{"name":"wp","href":"https:\/\/api.w.org\/{rel}","templated":true}]}}