{"id":2309,"date":"2025-03-08T09:06:31","date_gmt":"2025-03-08T09:06:31","guid":{"rendered":"https:\/\/raicesandaluzas.com\/revista\/?p=2309"},"modified":"2025-03-10T09:10:48","modified_gmt":"2025-03-10T09:10:48","slug":"jose-mayo-recoge-en-su-libro-yunque-flamenco-la-historiay-anecdotario-del-concurso-de-cante-flamenco-de-fecac","status":"publish","type":"post","link":"https:\/\/raicesandaluzas.com\/revista\/2025\/03\/08\/jose-mayo-recoge-en-su-libro-yunque-flamenco-la-historiay-anecdotario-del-concurso-de-cante-flamenco-de-fecac\/","title":{"rendered":"Jos\u00e9 Mayo recoge en su libro Yunque Flamenco la historia y anecdotario del Concurso de Cante Flamenco de FECAC"},"content":{"rendered":"\n<p>\u201cEl libro &#8216;Yunque flamenco&#8217; es la Biblia del flamenco en Catalu\u00f1a\u201d coment\u00f3 anoche Daniel Salinero,<br>presidente de la Federaci\u00f3n de Entidades Culturales Andaluzas en Catalunya (FECAC) en la presentaci\u00f3n del libro \u201cYunque Flamenco\u201d, de Jos\u00e9 Mayo (Punto Rojo Editorial) celebrada en la Casa de Andaluc\u00eda de Cerdanyola del Vall\u00e8s.<br>Se trata de un volumen muy documentado con la intrahistoria y el anecdotario del Concurso Nacional de Cante Yunque Flamenco que organiza la FECAC con car\u00e1cter bianual y que, tras veinticuatro ediciones, se ha situado en el &#8216;top 5&#8217; de los festivales de este g\u00e9nero en Espa\u00f1a.<br>El autor, una de las m\u00e1ximas autoridades en el estudio del flamenco, Patrimonio Inmaterial de la<br>Humanidad de la UNESCO, y alma de la Tertulia Flamenca de Badalona, corrobora el prestigio del certamen en el hecho de que se han editado 17 discos y que este nuevo libro constituye una novedad en un campo en el que \u00fanicamente hay precedentes en los festivales de C\u00f3rdoba y de La Uni\u00f3n. \u201cEl Yunque Flamenco -asegur\u00f3- es la perla de la Federaci\u00f3n\u201d.<br>El libro incluye la biograf\u00eda y la fotograf\u00eda de todos los ganadores de las sucesivas ediciones del Concurso, los guitarristas que han acompa\u00f1ado a los concursantes y todos los miembros del jurado, del que Jos\u00e9 Mayo siempre ha formado parte desde la primera edici\u00f3n en 1983 en Santa Coloma de Gramenet. Tambi\u00e9n menciona festivales flamencos celebrados en Catalu\u00f1a previamente y de los que salieron &#8216;cantaores&#8217; que despu\u00e9s han triunfado en el Yunque.<br>La FECAC asumi\u00f3 la organizaci\u00f3n del Festival desde 1988 in\u00edcialmente con Rafael Morales Montes &#8216;el Ni\u00f1o Montes&#8217; en la direcci\u00f3n, hasta 2003, y en los \u00faltimo a\u00f1os Paco Bernal.<\/p>\n\n\n\n<figure class=\"wp-block-gallery has-nested-images columns-default is-cropped td-modal-on-gallery wp-block-gallery-1 is-layout-flex wp-block-gallery-is-layout-flex\">\n<figure class=\"wp-block-image size-large\"><img loading=\"lazy\" decoding=\"async\" width=\"1024\" height=\"768\" data-id=\"2311\" src=\"https:\/\/raicesandaluzas.com\/revista\/wp-content\/uploads\/2025\/03\/Jose-Mayo-1024x768.jpg\" alt=\"\" class=\"wp-image-2311\" srcset=\"https:\/\/raicesandaluzas.com\/revista\/wp-content\/uploads\/2025\/03\/Jose-Mayo-1024x768.jpg 1024w, https:\/\/raicesandaluzas.com\/revista\/wp-content\/uploads\/2025\/03\/Jose-Mayo-300x225.jpg 300w, https:\/\/raicesandaluzas.com\/revista\/wp-content\/uploads\/2025\/03\/Jose-Mayo-768x576.jpg 768w, https:\/\/raicesandaluzas.com\/revista\/wp-content\/uploads\/2025\/03\/Jose-Mayo-560x420.jpg 560w, https:\/\/raicesandaluzas.com\/revista\/wp-content\/uploads\/2025\/03\/Jose-Mayo-80x60.jpg 80w, https:\/\/raicesandaluzas.com\/revista\/wp-content\/uploads\/2025\/03\/Jose-Mayo-696x522.jpg 696w, https:\/\/raicesandaluzas.com\/revista\/wp-content\/uploads\/2025\/03\/Jose-Mayo-1068x801.jpg 1068w, https:\/\/raicesandaluzas.com\/revista\/wp-content\/uploads\/2025\/03\/Jose-Mayo.jpg 1200w\" sizes=\"auto, (max-width: 1024px) 100vw, 1024px\" \/><\/figure>\n\n\n\n<figure class=\"wp-block-image size-large\"><img loading=\"lazy\" decoding=\"async\" width=\"567\" height=\"800\" data-id=\"2310\" src=\"https:\/\/raicesandaluzas.com\/revista\/wp-content\/uploads\/2025\/03\/Libro-Yunque-Portada.jpg\" alt=\"\" class=\"wp-image-2310\" srcset=\"https:\/\/raicesandaluzas.com\/revista\/wp-content\/uploads\/2025\/03\/Libro-Yunque-Portada.jpg 567w, https:\/\/raicesandaluzas.com\/revista\/wp-content\/uploads\/2025\/03\/Libro-Yunque-Portada-213x300.jpg 213w, https:\/\/raicesandaluzas.com\/revista\/wp-content\/uploads\/2025\/03\/Libro-Yunque-Portada-298x420.jpg 298w\" sizes=\"auto, (max-width: 567px) 100vw, 567px\" \/><\/figure>\n<\/figure>\n\n\n\n<p><strong>Los 24 ganadores<\/strong><\/p>\n\n\n\n<p>Los sucesivos ganadores del Yunque de Plata, trofeo que se otorga al primer premio de cada edici\u00f3n, han sido Nene de Gran\u00e1, Joqu\u00edn Garrido, Rubito de Par\u00e1, Rafael Mu\u00f1oz, Nene de Gran\u00e1, Diego Garrido, Juan Casillas, Jos\u00e9 Parra, Juan Delgado, Paqui Corpas, Canela de San Roque, Manuel Calder\u00f3n, Ezequiel Ben\u00edtez, Felipe Scapachini, Raquel Ben\u00edtez, Miguel Ortega, Elena de Carmen, Juan Fuentes, Jos\u00e9 Antonio &#8216;el Salao&#8217;, Ra\u00fal Alc\u00e1ntara &#8216;el Troya&#8217;, Jes\u00fas Le\u00f3n, Jos\u00e9 Manuel Segovia &#8216;Canela hijo&#8217; y Antonio Jos\u00e9 Nieto.<br>De entre todos ellos, Paqui Corpas y Ra\u00fal Alc\u00e1ntara &#8216;el Troya&#8217; han ganado, por su parte, el Yunque de Oro, trofeo al que optan los ganadores del Yunque de Plata.<br>El acto de anoche, conducido por Manuel Calder\u00f3n, ganador del Concurso en 1997, cont\u00f3 con las<br>intervenciones del anfitri\u00f3n, el presidente de la Casa de Andaluc\u00eda de Cerdanyola del Vall\u00e8s, Antonio Morillas; el presidente de la FECAC, Daniel Salinero, y la concejala de Cultura del ayuntamiento, Andrea Borrego. Salinero elogi\u00f3 el trabajo minucioso del autor desde la gestaci\u00f3n del Concurso y agradeci\u00f3 la contribuci\u00f3n de Paco Bernal y a partir de ahora de Samuel L\u00f3pez.<br>La concejala, por su parte, asegur\u00f3 el apoyo del consistorio a las actividades de la Casa de Andaluc\u00eda de esa poblaci\u00f3n \u201cpara que siga difundiendo el arte y la cultura que es patrimonio de la humanidad\u201d.<br>Manuel Alfambra, Conseulo de M\u00e1laga, Juan de \u00dabeda y Pepi L\u00f3pez, con Justo Fern\u00e1ndez a la guitarra, pusieron la nota musical flamenca.<\/p>\n\n\n\n<p><br><strong>Ma\u00f1ana, colof\u00f3n a las Jornadas Conmemorativas del D\u00eda de Andaluc\u00eda<br><\/strong>La junta directiva de la FECAC y las entidades asociadas, junto con las autoridades, har\u00e1n la ofrenda floral en el monolito de Blas Infante, considerado el padre de la patria andaluza, en el parque de la Guineueta, en Barcelona, ma\u00f1ana domingo 9 de marzo a las nueve de la ma\u00f1ana. En cambio, debido a la previsi\u00f3n de lluvias torrenciales se ha suspendido la Jornada de Convivencia que deb\u00eda celebrarse en el parque Els<br>Bellots de Terrassa, actividad festiva que tradicionalmente constituye el colof\u00f3n de estas jornadas<br>conmemorativas.<\/p>\n","protected":false},"excerpt":{"rendered":"<p>\u201cEl libro &#8216;Yunque flamenco&#8217; es la Biblia del flamenco en Catalu\u00f1a\u201d coment\u00f3 anoche Daniel Salinero,presidente de la Federaci\u00f3n de Entidades Culturales Andaluzas en Catalunya (FECAC) en la presentaci\u00f3n del libro \u201cYunque Flamenco\u201d, de Jos\u00e9 Mayo (Punto Rojo Editorial) celebrada en la Casa de Andaluc\u00eda de Cerdanyola del Vall\u00e8s.Se trata de un volumen muy documentado con [&hellip;]<\/p>\n","protected":false},"author":2,"featured_media":2312,"comment_status":"closed","ping_status":"open","sticky":false,"template":"","format":"standard","meta":{"footnotes":""},"categories":[19,22],"tags":[],"class_list":{"0":"post-2309","1":"post","2":"type-post","3":"status-publish","4":"format-standard","5":"has-post-thumbnail","7":"category-actualidad","8":"category-flamenco"},"_links":{"self":[{"href":"https:\/\/raicesandaluzas.com\/revista\/wp-json\/wp\/v2\/posts\/2309","targetHints":{"allow":["GET"]}}],"collection":[{"href":"https:\/\/raicesandaluzas.com\/revista\/wp-json\/wp\/v2\/posts"}],"about":[{"href":"https:\/\/raicesandaluzas.com\/revista\/wp-json\/wp\/v2\/types\/post"}],"author":[{"embeddable":true,"href":"https:\/\/raicesandaluzas.com\/revista\/wp-json\/wp\/v2\/users\/2"}],"replies":[{"embeddable":true,"href":"https:\/\/raicesandaluzas.com\/revista\/wp-json\/wp\/v2\/comments?post=2309"}],"version-history":[{"count":2,"href":"https:\/\/raicesandaluzas.com\/revista\/wp-json\/wp\/v2\/posts\/2309\/revisions"}],"predecessor-version":[{"id":2314,"href":"https:\/\/raicesandaluzas.com\/revista\/wp-json\/wp\/v2\/posts\/2309\/revisions\/2314"}],"wp:featuredmedia":[{"embeddable":true,"href":"https:\/\/raicesandaluzas.com\/revista\/wp-json\/wp\/v2\/media\/2312"}],"wp:attachment":[{"href":"https:\/\/raicesandaluzas.com\/revista\/wp-json\/wp\/v2\/media?parent=2309"}],"wp:term":[{"taxonomy":"category","embeddable":true,"href":"https:\/\/raicesandaluzas.com\/revista\/wp-json\/wp\/v2\/categories?post=2309"},{"taxonomy":"post_tag","embeddable":true,"href":"https:\/\/raicesandaluzas.com\/revista\/wp-json\/wp\/v2\/tags?post=2309"}],"curies":[{"name":"wp","href":"https:\/\/api.w.org\/{rel}","templated":true}]}}