{"id":2297,"date":"2025-02-28T10:51:02","date_gmt":"2025-02-28T10:51:02","guid":{"rendered":"https:\/\/raicesandaluzas.com\/revista\/?p=2297"},"modified":"2025-02-28T10:51:03","modified_gmt":"2025-02-28T10:51:03","slug":"el-concurso-del-cante-de-las-minas-llega-por-primera-vez-al-gran-teatre-del-liceu","status":"publish","type":"post","link":"https:\/\/raicesandaluzas.com\/revista\/2025\/02\/28\/el-concurso-del-cante-de-las-minas-llega-por-primera-vez-al-gran-teatre-del-liceu\/","title":{"rendered":"El Concurso del Cante de Las Minas llega por primera vez al Gran Teatre del Liceu"},"content":{"rendered":"\n<p>Barcelona ha sido testigo de un momento hist\u00f3rico para el flamenco con la presentaci\u00f3n oficial de la Gala de Ganadores del Cante de las Minas 2024 en el Ayuntamiento de Barcelona y el anuncio de la llegada del festival al emblem\u00e1tico Gran Teatro del Liceo.<br>Hoy, mi\u00e9rcoles, 26 de febrero, el Sal\u00f3n de Cr\u00f3nicas del Ayuntamiento de Barcelona ha acogido la rueda de prensa que marca un antes y un despu\u00e9s en la difusi\u00f3n del arte jondo en Catalu\u00f1a. La 1\u00ba Gala de Ganadores del Festival Cante de las Minas, que tendr\u00e1 lugar el 2 de abril de 2025 en el Gran Teatro del Liceo de Barcelona, es un hito sin precedentes que refuerza el papel del flamenco en el panorama cultural de la Ciudad Condal. La direcci\u00f3n art\u00edstica de la Gala correr\u00e1 a cargo de Amador Rojas, director art\u00edstico de SOLA-NA Entertainment.<\/p>\n\n\n\n<p><br><strong>Una presentaci\u00f3n institucional de alto nivel<br><\/strong>El acto cont\u00f3 con la participaci\u00f3n de destacadas figuras institucionales y culturales, entre ellas la segunda teniente de alcalde del Ayuntamiento de Barcelona y responsable del \u00e1rea de Derechos Sociales, Cultura, Educaci\u00f3n y Ciclos de Vida, Mar\u00eda Eug\u00e8nia Gay, destac\u00f3 la importancia de este evento afirmando: \u201cEl flamenco es una expresi\u00f3n art\u00edstica universal y Barcelona es un punto de encuentro cultural. La llegada del Cante de las Minas al Liceo refuerza nuestro compromiso con el arte y la diversidad.\u201d<\/p>\n\n\n\n<p>Por su parte, el presidente de la Casa de Murcia en Barcelona, Emiliano Berm\u00fadez, como organizadores de la Gala, puso en valor la relaci\u00f3n entre Catalu\u00f1a y la cultura<br>murciana: \u201cEsto es una muestra de c\u00f3mo dos \u00edconos principales de estas dos comunidades, de estas dos sociedades hermanadas, el Festival Internacional del Cante de las Minas de la Uni\u00f3n y el Gran Teatro del Liceo de Barcelona, pueden confluir y pueden ser un claro exponente de ese puente de culturas que la Casa de Murcia ha utilizado siempre en aras a un objetivo fundamental, que es conseguir la convivencia, la concordia y el entendimiento entre la comunidad y la poblaci\u00f3n de Murcia y Catalu\u00f1a como elementos constitutivos de un denominador com\u00fan que es el Estado espa\u00f1ol\u201d.<br>Aurelio Solana, CEO de SO-LA-NA Entertainment, como productores de la Gala, destac\u00f3 la importancia del festival a nivel internacional: \u201cEl Cante de las Minas sigue creciendo y conquistando nuevos escenarios. Su entrada en el Liceo es solo el comienzo de un gran proyecto internacional.\u201d<br>Finalmente, el alcalde de La Uni\u00f3n y presidente de la Fundaci\u00f3n Cante de las Minas, Joaqu\u00edn Zapata, destac\u00f3 la importancia de este acontecimiento para la expansi\u00f3n del festival y la proyecci\u00f3n del flamenco a nivel internacional: \u201cEste es un d\u00eda hist\u00f3rico para el Festival Internacional del Cante de las Minas. Llevar nuestro arte a una ciudad con tanta tradici\u00f3n cultural como Barcelona y, adem\u00e1s, al Gran Teatro del Liceo, es un reconocimiento al flamenco como patrimonio universal. La Uni\u00f3n es cuna del flamenco, y queremos que el flamenco siga conquistando nuevos escenarios y que m\u00e1s personas descubran su fuerza y profundidad. La conexi\u00f3n entre Murcia y Catalu\u00f1a es muy fuerte, y traer el Cante de las Minas a Barcelona refuerza esos lazos culturales. Este es solo el comienzo de un proyecto m\u00e1s ambicioso, y Barcelona ser\u00e1 clave en el futuro del festival.\u201d<br>Durante la presentaci\u00f3n, los ponentes resaltaron la importancia de la presencia del Cante de las Minas en Barcelona como un paso clave en la expansi\u00f3n y consolidaci\u00f3n del flamenco como un arte universal. Asimismo, se destac\u00f3 la profunda vinculaci\u00f3n de Catalu\u00f1a con la tradici\u00f3n flamenca y la oportunidad que supone esta gala para proyectar el festival a nivel internacional.<\/p>\n\n\n\n<div><a href=\"https:\/\/raicesandaluzas.com\/revista\/wp-content\/uploads\/2025\/02\/canteminasliceu02-1024x768.jpg\" class=\"td-modal-image\"><figure class=\"wp-block-image size-large\"><img loading=\"lazy\" decoding=\"async\" width=\"1024\" height=\"768\" src=\"https:\/\/raicesandaluzas.com\/revista\/wp-content\/uploads\/2025\/02\/canteminasliceu02-1024x768.jpg\" alt=\"\" class=\"wp-image-2298\" srcset=\"https:\/\/raicesandaluzas.com\/revista\/wp-content\/uploads\/2025\/02\/canteminasliceu02-1024x768.jpg 1024w, https:\/\/raicesandaluzas.com\/revista\/wp-content\/uploads\/2025\/02\/canteminasliceu02-300x225.jpg 300w, https:\/\/raicesandaluzas.com\/revista\/wp-content\/uploads\/2025\/02\/canteminasliceu02-768x576.jpg 768w, https:\/\/raicesandaluzas.com\/revista\/wp-content\/uploads\/2025\/02\/canteminasliceu02-560x420.jpg 560w, https:\/\/raicesandaluzas.com\/revista\/wp-content\/uploads\/2025\/02\/canteminasliceu02-80x60.jpg 80w, https:\/\/raicesandaluzas.com\/revista\/wp-content\/uploads\/2025\/02\/canteminasliceu02-696x522.jpg 696w, https:\/\/raicesandaluzas.com\/revista\/wp-content\/uploads\/2025\/02\/canteminasliceu02-1068x801.jpg 1068w, https:\/\/raicesandaluzas.com\/revista\/wp-content\/uploads\/2025\/02\/canteminasliceu02.jpg 1200w\" sizes=\"auto, (max-width: 1024px) 100vw, 1024px\" \/><\/figure><\/a><\/div>\n\n\n\n<p><br><strong>El Yiyo deslumbra con su baile en el Ayuntamiento de Barcelona<br><\/strong>Para cerrar el evento con un broche de oro, el prestigioso bailaor El Yiyo, acompa\u00f1ado por el maestro percusionista Juan Amaya, ofreci\u00f3 una actuaci\u00f3n magistral que emocion\u00f3 a los asistentes. Su arte y expresividad dejaron claro por qu\u00e9 el flamenco sigue siendo una de las manifestaciones culturales m\u00e1s impactantes del mundo.<br>El Cante de las Minas, m\u00e1s fuerte que nunca ahora tambi\u00e9n Barcelona Con este acto, el Festival Internacional del Cante de las Minas reafirma su posici\u00f3n como uno de los principales referentes del flamenco a nivel mundial. En menos de una semana, el festival ha dejado su huella en dos de las capitales m\u00e1s emblem\u00e1ticas de Espa\u00f1a, Madrid y Barcelona, sumando logros que consolidan su expansi\u00f3n internacional. <\/p>\n\n\n\n<p>Desde su origen en La Uni\u00f3n, el festival contin\u00faa su crecimiento imparable, llevando el flamenco a los escenarios m\u00e1s prestigiosos del mundo. La llegada del Cante de las Minas al Gran Teatro del Liceo es solo el inicio de un ambicioso proyecto de cara a la temporada 2025-2026, que promete seguir engrandeciendo el legado de este arte.<br>La presencia del flamenco en un templo de la \u00f3pera como el Liceo no es solo un reconocimiento a su grandeza, sino tambi\u00e9n una muestra del creciente inter\u00e9s y respeto por una manifestaci\u00f3n art\u00edstica que sigue conquistando corazones y fronteras. <br>Este evento marca un punto de inflexi\u00f3n en la historia del flamenco en Catalu\u00f1a y refuerza<br>su papel como un patrimonio cultural universal.<\/p>\n","protected":false},"excerpt":{"rendered":"<p>Barcelona ha sido testigo de un momento hist\u00f3rico para el flamenco con la presentaci\u00f3n oficial de la Gala de Ganadores del Cante de las Minas 2024 en el Ayuntamiento de Barcelona y el anuncio de la llegada del festival al emblem\u00e1tico Gran Teatro del Liceo.Hoy, mi\u00e9rcoles, 26 de febrero, el Sal\u00f3n de Cr\u00f3nicas del Ayuntamiento [&hellip;]<\/p>\n","protected":false},"author":2,"featured_media":2299,"comment_status":"closed","ping_status":"open","sticky":false,"template":"","format":"standard","meta":{"footnotes":""},"categories":[19,22],"tags":[],"class_list":{"0":"post-2297","1":"post","2":"type-post","3":"status-publish","4":"format-standard","5":"has-post-thumbnail","7":"category-actualidad","8":"category-flamenco"},"_links":{"self":[{"href":"https:\/\/raicesandaluzas.com\/revista\/wp-json\/wp\/v2\/posts\/2297","targetHints":{"allow":["GET"]}}],"collection":[{"href":"https:\/\/raicesandaluzas.com\/revista\/wp-json\/wp\/v2\/posts"}],"about":[{"href":"https:\/\/raicesandaluzas.com\/revista\/wp-json\/wp\/v2\/types\/post"}],"author":[{"embeddable":true,"href":"https:\/\/raicesandaluzas.com\/revista\/wp-json\/wp\/v2\/users\/2"}],"replies":[{"embeddable":true,"href":"https:\/\/raicesandaluzas.com\/revista\/wp-json\/wp\/v2\/comments?post=2297"}],"version-history":[{"count":1,"href":"https:\/\/raicesandaluzas.com\/revista\/wp-json\/wp\/v2\/posts\/2297\/revisions"}],"predecessor-version":[{"id":2300,"href":"https:\/\/raicesandaluzas.com\/revista\/wp-json\/wp\/v2\/posts\/2297\/revisions\/2300"}],"wp:featuredmedia":[{"embeddable":true,"href":"https:\/\/raicesandaluzas.com\/revista\/wp-json\/wp\/v2\/media\/2299"}],"wp:attachment":[{"href":"https:\/\/raicesandaluzas.com\/revista\/wp-json\/wp\/v2\/media?parent=2297"}],"wp:term":[{"taxonomy":"category","embeddable":true,"href":"https:\/\/raicesandaluzas.com\/revista\/wp-json\/wp\/v2\/categories?post=2297"},{"taxonomy":"post_tag","embeddable":true,"href":"https:\/\/raicesandaluzas.com\/revista\/wp-json\/wp\/v2\/tags?post=2297"}],"curies":[{"name":"wp","href":"https:\/\/api.w.org\/{rel}","templated":true}]}}