{"id":2295,"date":"2025-02-25T10:01:11","date_gmt":"2025-02-25T10:01:11","guid":{"rendered":"https:\/\/raicesandaluzas.com\/revista\/?p=2295"},"modified":"2025-02-25T10:01:12","modified_gmt":"2025-02-25T10:01:12","slug":"carmen-calvo-presidenta-del-consejo-de-estado-pronunciara-la-conferencia-del-dia-de-andalucia-de-fecac","status":"publish","type":"post","link":"https:\/\/raicesandaluzas.com\/revista\/2025\/02\/25\/carmen-calvo-presidenta-del-consejo-de-estado-pronunciara-la-conferencia-del-dia-de-andalucia-de-fecac\/","title":{"rendered":"Carmen Calvo, presidenta del Consejo de Estado, pronunciar\u00e1 la conferencia del D\u00eda de Andaluc\u00eda de FECAC"},"content":{"rendered":"\n<p>La tradicional <strong>conferencia institucional<\/strong> del D\u00eda de Andaluc\u00eda, organizada por la Federaci\u00f3n de Entidades Culturales Andaluzas en Catalunya (FECAC) tendr\u00e1 como protagonista este a\u00f1o a la presidenta del Consejo de Estado y exministra Carmen Calvo. El t\u00edtulo de su intervenci\u00f3n es \u201cLas identidades en igualdad: andaluz en catal\u00e1n\u201d. El acto, con invitaci\u00f3n, se celebrar\u00e1 como es habitual en el Sal\u00f3 de Cent del Ayuntamiento de Barcelona este mi\u00e9rcoles, 26 de febrero, a las 19:30 horas.<\/p>\n\n\n\n<p>La conferencia forma parte de los actos de la edici\u00f3n n\u00famero 41 de las <strong>Jornadas Conmemorativas del D\u00eda de Andaluc\u00eda<\/strong> en Catalu\u00f1a, cuyo cartel ha sido dise\u00f1ado por Bel\u00e9n Valenzuela, presidenta de la Hermandad Nuestra Se\u00f1ora del Roc\u00edo de Terrassa.<\/p>\n\n\n\n<p>Por otra parte, este fin de semana ha tenido lugar el <strong>Seminario<\/strong> anual de la FECAC que ha reunido en Santa Susanna (Maresme) a directivos y representantes de las entidades afiliadas. El encuentro fue inaugurado el s\u00e1bado por el delegado del Gobierno en Catalu\u00f1a, Carlos Prieto; la presidenta de la Diputaci\u00f3n de Barcelona, Maria Llu\u00efsa Moret, el director general de Andaluc\u00eda Global, Jorge V\u00e1zquez, y el presidente de la FECAC, Daniel Salinero.<\/p>\n\n\n\n<p>En sus discursos, Prieto y Moret coincidieron en valorar la aportaci\u00f3n de la cultura andaluza, que ya forma parte de la cultura catalana. El delegado del Gobierno, que hizo una advertencia sobre el peligro de demonizar la inmigraci\u00f3n, se puso como ejemplo de hijo de la inmigraci\u00f3n, en su caso vasca y gallega: \u201cNo vienen por gusto, vienen por lo mismo que vinieron nuestros padres, sin nada\u201d, en busca de un mundo mejor. Al destacar la labor de la FECAC, de su junta y de su presidenta, reconoci\u00f3 que trabajar\u00e1 para que \u00e9sta tenga alg\u00fan tipo de reconocimiento oficial.<\/p>\n\n\n\n<p>La presidenta de la Diputaci\u00f3n, por su parte, agradeci\u00f3 a las entidades la labor cultural y social que desarrollan en sus poblaciones y barrios. En este mismo punto incidi\u00f3 el presidente de la FECAC para quien parece que no se quiere reconocer esta labor. Salinero destac\u00f3 que todas las modalidades de cultura son respetables, pero advirti\u00f3 del riesgo de que se quiera marginar las manifestaciones de ra\u00edz andaluza. El director general de Andaluc\u00eda Global elogi\u00f3 que Catalu\u00f1a es la comunidad con mayor n\u00famero de entidades culturales andaluzas, muy incardinadas adem\u00e1s en la sociedad: \u201cEs un trabajo de proximidad y de cohesi\u00f3n social, poniendo en valor la diversidad\u201d.<\/p>\n\n\n\n<p>Los actos del D\u00eda de Andaluc\u00eda continuar\u00e1n el viernes 7 de marzo con la <strong>presentaci\u00f3n del libro \u201cYunque Flamenco\u201d<\/strong> de Jos\u00e9 Mayo, una historia del Concurso Nacional de Cante Yunque Flamenco que organiza la FECAC con car\u00e1cter bianual. Ser\u00e1 en Casa de Andaluc\u00eda de Cerdanyola del Vall\u00e8s a las 19:30 horas.<\/p>\n\n\n\n<p>Finalmente, la junta directiva de la FECAC y las entidades asociadas, junto con las autoridades, har\u00e1n la <strong>ofrenda floral<\/strong> en el monolito de Blas Infante, considerado el padre de la patria andaluza, en el parque de la Guineueta, en Barcelona, el domingo 9 de marzo a las nueve de la ma\u00f1ana. Seguidamente se celebrar\u00e1 la <strong>Jornada de Convivencia<\/strong> en el parque Els Bellots de Terrassa, actividad festiva que tradicionalmente constituye el colof\u00f3n de estas jornadas conmemorativas.<\/p>\n","protected":false},"excerpt":{"rendered":"<p>La tradicional conferencia institucional del D\u00eda de Andaluc\u00eda, organizada por la Federaci\u00f3n de Entidades Culturales Andaluzas en Catalunya (FECAC) tendr\u00e1 como protagonista este a\u00f1o a la presidenta del Consejo de Estado y exministra Carmen Calvo. El t\u00edtulo de su intervenci\u00f3n es \u201cLas identidades en igualdad: andaluz en catal\u00e1n\u201d. El acto, con invitaci\u00f3n, se celebrar\u00e1 como [&hellip;]<\/p>\n","protected":false},"author":2,"featured_media":2290,"comment_status":"closed","ping_status":"open","sticky":false,"template":"","format":"standard","meta":{"footnotes":""},"categories":[19],"tags":[],"class_list":{"0":"post-2295","1":"post","2":"type-post","3":"status-publish","4":"format-standard","5":"has-post-thumbnail","7":"category-actualidad"},"_links":{"self":[{"href":"https:\/\/raicesandaluzas.com\/revista\/wp-json\/wp\/v2\/posts\/2295","targetHints":{"allow":["GET"]}}],"collection":[{"href":"https:\/\/raicesandaluzas.com\/revista\/wp-json\/wp\/v2\/posts"}],"about":[{"href":"https:\/\/raicesandaluzas.com\/revista\/wp-json\/wp\/v2\/types\/post"}],"author":[{"embeddable":true,"href":"https:\/\/raicesandaluzas.com\/revista\/wp-json\/wp\/v2\/users\/2"}],"replies":[{"embeddable":true,"href":"https:\/\/raicesandaluzas.com\/revista\/wp-json\/wp\/v2\/comments?post=2295"}],"version-history":[{"count":1,"href":"https:\/\/raicesandaluzas.com\/revista\/wp-json\/wp\/v2\/posts\/2295\/revisions"}],"predecessor-version":[{"id":2296,"href":"https:\/\/raicesandaluzas.com\/revista\/wp-json\/wp\/v2\/posts\/2295\/revisions\/2296"}],"wp:featuredmedia":[{"embeddable":true,"href":"https:\/\/raicesandaluzas.com\/revista\/wp-json\/wp\/v2\/media\/2290"}],"wp:attachment":[{"href":"https:\/\/raicesandaluzas.com\/revista\/wp-json\/wp\/v2\/media?parent=2295"}],"wp:term":[{"taxonomy":"category","embeddable":true,"href":"https:\/\/raicesandaluzas.com\/revista\/wp-json\/wp\/v2\/categories?post=2295"},{"taxonomy":"post_tag","embeddable":true,"href":"https:\/\/raicesandaluzas.com\/revista\/wp-json\/wp\/v2\/tags?post=2295"}],"curies":[{"name":"wp","href":"https:\/\/api.w.org\/{rel}","templated":true}]}}