{"id":2289,"date":"2025-02-17T09:55:59","date_gmt":"2025-02-17T09:55:59","guid":{"rendered":"https:\/\/raicesandaluzas.com\/revista\/?p=2289"},"modified":"2025-02-17T09:56:01","modified_gmt":"2025-02-17T09:56:01","slug":"la-fecac-presenta-los-actos-por-el-dia-de-andalucia-2025","status":"publish","type":"post","link":"https:\/\/raicesandaluzas.com\/revista\/2025\/02\/17\/la-fecac-presenta-los-actos-por-el-dia-de-andalucia-2025\/","title":{"rendered":"La FECAC presenta los actos por el D\u00eda de Andaluc\u00eda 2025"},"content":{"rendered":"\n<p>La Federaci\u00f3n de Entidades Culturales Andaluzas en Catalu\u00f1a (FECAC) acaba de presentar el cartel de la edici\u00f3n n\u00famero 41 de las\u00a0<strong>Jornadas Conmemorativas del D\u00eda de Andaluc\u00eda<\/strong>\u00a0en Catalu\u00f1a. Los diversos actos institucionales, culturales y recreativos se iniciaron el pasado fin de semana y se prolongar\u00e1n hasta el domingo 9 de marzo.<\/p>\n\n\n\n<p>La\u00a0<strong>presentaci\u00f3n del programa de actos\u00a0<\/strong>y del<strong>\u00a0cartel<\/strong>\u00a0se llev\u00f3 a cabo este pasado fin de semana de manera telem\u00e1tica. El primero de los actos ser\u00e1 el seminario de la federaci\u00f3n que llega a su edici\u00f3n n\u00famero 36 y que se celebrar\u00e1 el pr\u00f3ximo fin de semana en Santa Susanna. En cuanto a la tradicional\u00a0<strong>conferencia institucional<\/strong>\u00a0del D\u00eda de Andaluc\u00eda tendr\u00e1 como protagonista este a\u00f1o a Carmen Calvo, presidenta del Consejo de Estado. El acto, con invitaci\u00f3n, se celebrar\u00e1 como es habitual en el Sal\u00f3 de Cent del Ayuntamiento de Barcelona el mi\u00e9rcoles, 26 de febrero, a las 19 horas. <\/p>\n\n\n\n<p>El 7 de marzo tendr\u00e1 lugar la presentaci\u00f3n del libro \u00abYunque Flamenco\u00bb, de Jos\u00e9 Mayo, en la sede de la Casa de Andaluc\u00eda de Cerdanyola del Vall\u00e8s. La junta directiva de la FECAC y las entidades asociadas, junto con las autoridades, har\u00e1n la\u00a0<strong>ofrenda floral<\/strong>\u00a0en el monolito de Blas Infante, considerado el padre de la patria andaluza, en el parque de la Guineueta, en Barcelona, el domingo 9 de marzo a las 9 horas. Una hora despu\u00e9s, se celebrar\u00e1 la\u00a0<strong>Jornada de Convivencia<\/strong>\u00a0en Terrassa, en el parque Els Bellots, actividad festiva que tradicionalmente constituye el colof\u00f3n de estas jornadas conmemorativas.<\/p>\n\n\n\n<div><a href=\"https:\/\/raicesandaluzas.com\/revista\/wp-content\/uploads\/2025\/02\/DiaAndaluciaFECAC2025_02-1024x724.jpg\" class=\"td-modal-image\"><figure class=\"wp-block-image size-large\"><img loading=\"lazy\" decoding=\"async\" width=\"1024\" height=\"724\" src=\"https:\/\/raicesandaluzas.com\/revista\/wp-content\/uploads\/2025\/02\/DiaAndaluciaFECAC2025_02-1024x724.jpg\" alt=\"\" class=\"wp-image-2291\" srcset=\"https:\/\/raicesandaluzas.com\/revista\/wp-content\/uploads\/2025\/02\/DiaAndaluciaFECAC2025_02-1024x724.jpg 1024w, https:\/\/raicesandaluzas.com\/revista\/wp-content\/uploads\/2025\/02\/DiaAndaluciaFECAC2025_02-300x212.jpg 300w, https:\/\/raicesandaluzas.com\/revista\/wp-content\/uploads\/2025\/02\/DiaAndaluciaFECAC2025_02-768x543.jpg 768w, https:\/\/raicesandaluzas.com\/revista\/wp-content\/uploads\/2025\/02\/DiaAndaluciaFECAC2025_02-594x420.jpg 594w, https:\/\/raicesandaluzas.com\/revista\/wp-content\/uploads\/2025\/02\/DiaAndaluciaFECAC2025_02-696x492.jpg 696w, https:\/\/raicesandaluzas.com\/revista\/wp-content\/uploads\/2025\/02\/DiaAndaluciaFECAC2025_02-1068x755.jpg 1068w, https:\/\/raicesandaluzas.com\/revista\/wp-content\/uploads\/2025\/02\/DiaAndaluciaFECAC2025_02.jpg 1200w\" sizes=\"auto, (max-width: 1024px) 100vw, 1024px\" \/><\/figure><\/a><\/div>\n","protected":false},"excerpt":{"rendered":"<p>La Federaci\u00f3n de Entidades Culturales Andaluzas en Catalu\u00f1a (FECAC) acaba de presentar el cartel de la edici\u00f3n n\u00famero 41 de las\u00a0Jornadas Conmemorativas del D\u00eda de Andaluc\u00eda\u00a0en Catalu\u00f1a. Los diversos actos institucionales, culturales y recreativos se iniciaron el pasado fin de semana y se prolongar\u00e1n hasta el domingo 9 de marzo. La\u00a0presentaci\u00f3n del programa de actos\u00a0y [&hellip;]<\/p>\n","protected":false},"author":1,"featured_media":2290,"comment_status":"closed","ping_status":"open","sticky":false,"template":"","format":"standard","meta":{"footnotes":""},"categories":[19],"tags":[],"class_list":{"0":"post-2289","1":"post","2":"type-post","3":"status-publish","4":"format-standard","5":"has-post-thumbnail","7":"category-actualidad"},"_links":{"self":[{"href":"https:\/\/raicesandaluzas.com\/revista\/wp-json\/wp\/v2\/posts\/2289","targetHints":{"allow":["GET"]}}],"collection":[{"href":"https:\/\/raicesandaluzas.com\/revista\/wp-json\/wp\/v2\/posts"}],"about":[{"href":"https:\/\/raicesandaluzas.com\/revista\/wp-json\/wp\/v2\/types\/post"}],"author":[{"embeddable":true,"href":"https:\/\/raicesandaluzas.com\/revista\/wp-json\/wp\/v2\/users\/1"}],"replies":[{"embeddable":true,"href":"https:\/\/raicesandaluzas.com\/revista\/wp-json\/wp\/v2\/comments?post=2289"}],"version-history":[{"count":1,"href":"https:\/\/raicesandaluzas.com\/revista\/wp-json\/wp\/v2\/posts\/2289\/revisions"}],"predecessor-version":[{"id":2292,"href":"https:\/\/raicesandaluzas.com\/revista\/wp-json\/wp\/v2\/posts\/2289\/revisions\/2292"}],"wp:featuredmedia":[{"embeddable":true,"href":"https:\/\/raicesandaluzas.com\/revista\/wp-json\/wp\/v2\/media\/2290"}],"wp:attachment":[{"href":"https:\/\/raicesandaluzas.com\/revista\/wp-json\/wp\/v2\/media?parent=2289"}],"wp:term":[{"taxonomy":"category","embeddable":true,"href":"https:\/\/raicesandaluzas.com\/revista\/wp-json\/wp\/v2\/categories?post=2289"},{"taxonomy":"post_tag","embeddable":true,"href":"https:\/\/raicesandaluzas.com\/revista\/wp-json\/wp\/v2\/tags?post=2289"}],"curies":[{"name":"wp","href":"https:\/\/api.w.org\/{rel}","templated":true}]}}