{"id":2276,"date":"2025-02-05T10:43:19","date_gmt":"2025-02-05T10:43:19","guid":{"rendered":"https:\/\/raicesandaluzas.com\/revista\/?p=2276"},"modified":"2025-02-07T10:48:36","modified_gmt":"2025-02-07T10:48:36","slug":"emotiva-festividad-de-santa-agueda","status":"publish","type":"post","link":"https:\/\/raicesandaluzas.com\/revista\/2025\/02\/05\/emotiva-festividad-de-santa-agueda\/","title":{"rendered":"Emotiva festividad de Santa \u00c1gueda"},"content":{"rendered":"\n<p>El s\u00e1bado 1 de febrero tuvo lugar la Celebraci\u00f3n de Santa \u00c1gueda, patrona de la Asociaci\u00f3n de Mujeres Cofrades de Barcelona, que este a\u00f1o tuvo como anfitriona a la Hermandad del Cristo de la Paz de Castelldefels que celebra este a\u00f1o su 40 aniversario.<\/p>\n\n\n\n<figure class=\"wp-block-gallery has-nested-images columns-default is-cropped td-modal-on-gallery wp-block-gallery-1 is-layout-flex wp-block-gallery-is-layout-flex\">\n<figure class=\"wp-block-image size-large\"><img loading=\"lazy\" decoding=\"async\" width=\"1024\" height=\"771\" data-id=\"2277\" src=\"https:\/\/raicesandaluzas.com\/revista\/wp-content\/uploads\/2025\/02\/santaagueda2025_01-1024x771.jpg\" alt=\"\" class=\"wp-image-2277\" srcset=\"https:\/\/raicesandaluzas.com\/revista\/wp-content\/uploads\/2025\/02\/santaagueda2025_01-1024x771.jpg 1024w, https:\/\/raicesandaluzas.com\/revista\/wp-content\/uploads\/2025\/02\/santaagueda2025_01-300x226.jpg 300w, https:\/\/raicesandaluzas.com\/revista\/wp-content\/uploads\/2025\/02\/santaagueda2025_01-768x578.jpg 768w, https:\/\/raicesandaluzas.com\/revista\/wp-content\/uploads\/2025\/02\/santaagueda2025_01-1536x1156.jpg 1536w, https:\/\/raicesandaluzas.com\/revista\/wp-content\/uploads\/2025\/02\/santaagueda2025_01-558x420.jpg 558w, https:\/\/raicesandaluzas.com\/revista\/wp-content\/uploads\/2025\/02\/santaagueda2025_01-80x60.jpg 80w, https:\/\/raicesandaluzas.com\/revista\/wp-content\/uploads\/2025\/02\/santaagueda2025_01-696x524.jpg 696w, https:\/\/raicesandaluzas.com\/revista\/wp-content\/uploads\/2025\/02\/santaagueda2025_01-1068x804.jpg 1068w, https:\/\/raicesandaluzas.com\/revista\/wp-content\/uploads\/2025\/02\/santaagueda2025_01.jpg 1600w\" sizes=\"auto, (max-width: 1024px) 100vw, 1024px\" \/><\/figure>\n\n\n\n<figure class=\"wp-block-image size-large\"><img loading=\"lazy\" decoding=\"async\" width=\"1024\" height=\"591\" data-id=\"2278\" src=\"https:\/\/raicesandaluzas.com\/revista\/wp-content\/uploads\/2025\/02\/santaagueda2025_02-1024x591.jpg\" alt=\"\" class=\"wp-image-2278\" srcset=\"https:\/\/raicesandaluzas.com\/revista\/wp-content\/uploads\/2025\/02\/santaagueda2025_02-1024x591.jpg 1024w, https:\/\/raicesandaluzas.com\/revista\/wp-content\/uploads\/2025\/02\/santaagueda2025_02-300x173.jpg 300w, https:\/\/raicesandaluzas.com\/revista\/wp-content\/uploads\/2025\/02\/santaagueda2025_02-768x444.jpg 768w, https:\/\/raicesandaluzas.com\/revista\/wp-content\/uploads\/2025\/02\/santaagueda2025_02-727x420.jpg 727w, https:\/\/raicesandaluzas.com\/revista\/wp-content\/uploads\/2025\/02\/santaagueda2025_02-696x402.jpg 696w, https:\/\/raicesandaluzas.com\/revista\/wp-content\/uploads\/2025\/02\/santaagueda2025_02-1068x617.jpg 1068w, https:\/\/raicesandaluzas.com\/revista\/wp-content\/uploads\/2025\/02\/santaagueda2025_02.jpg 1200w\" sizes=\"auto, (max-width: 1024px) 100vw, 1024px\" \/><\/figure>\n<\/figure>\n\n\n\n<p>El acto dio comienzo con una charla de Montserrat Puigdell\u00edvol, directora del Secretariado Diocesano de Ecumenismo del Arzobispado de Barcelona, la cual disert\u00f3 de forma amena, tejiendo un puente entre las figuras de Santa \u00c1gueda, la Virgen las L\u00e1grimas y el Cristo de la Paz con testimonios de mujeres contempor\u00e1neas muestra todas ellas de una confianza plena en Dios, como por ejemplo Chiara Corbella, que ofreci\u00f3 su vida para que naciera su hijo. Testimonios de dolor, pero llenos siempre de Esperanza.<\/p>\n\n\n\n<div><a href=\"https:\/\/raicesandaluzas.com\/revista\/wp-content\/uploads\/2025\/02\/santaagueda2025_03-768x1024.jpg\" class=\"td-modal-image\"><figure class=\"wp-block-image size-large\"><img loading=\"lazy\" decoding=\"async\" width=\"768\" height=\"1024\" src=\"https:\/\/raicesandaluzas.com\/revista\/wp-content\/uploads\/2025\/02\/santaagueda2025_03-768x1024.jpg\" alt=\"\" class=\"wp-image-2280\" srcset=\"https:\/\/raicesandaluzas.com\/revista\/wp-content\/uploads\/2025\/02\/santaagueda2025_03-768x1024.jpg 768w, https:\/\/raicesandaluzas.com\/revista\/wp-content\/uploads\/2025\/02\/santaagueda2025_03-225x300.jpg 225w, https:\/\/raicesandaluzas.com\/revista\/wp-content\/uploads\/2025\/02\/santaagueda2025_03-315x420.jpg 315w, https:\/\/raicesandaluzas.com\/revista\/wp-content\/uploads\/2025\/02\/santaagueda2025_03-696x928.jpg 696w, https:\/\/raicesandaluzas.com\/revista\/wp-content\/uploads\/2025\/02\/santaagueda2025_03.jpg 900w\" sizes=\"auto, (max-width: 768px) 100vw, 768px\" \/><\/figure><\/a><\/div>\n\n\n\n<p>A las aplaudidas palabras de Montserrat Piugdell\u00edvol, le sigui\u00f3 el reconocimiento por su ejemplar trayectoria cofrade a cinco mujeres. El acto fue guiado por Isama Rodr\u00edguez y se homenaje\u00f3 a cuatro mujeres de la Hermandad del Cristo de la Paz de Castelldefels: Aurelia Recio, Ludi Fraile, Justi Soriano y Mar\u00eda Dur\u00e1n y una de la Hermandad del Sant\u00edsimo Cristo Redentor y Nuestra Se\u00f1ora de la Soledad de Badalona : Amalia Moreno.<\/p>\n\n\n\n<figure class=\"wp-block-gallery has-nested-images columns-default is-cropped td-modal-on-gallery wp-block-gallery-2 is-layout-flex wp-block-gallery-is-layout-flex\">\n<figure class=\"wp-block-image size-large\"><img loading=\"lazy\" decoding=\"async\" width=\"768\" height=\"1024\" data-id=\"2286\" src=\"https:\/\/raicesandaluzas.com\/revista\/wp-content\/uploads\/2025\/02\/santaagueda2025_05-768x1024.jpg\" alt=\"\" class=\"wp-image-2286\" srcset=\"https:\/\/raicesandaluzas.com\/revista\/wp-content\/uploads\/2025\/02\/santaagueda2025_05-768x1024.jpg 768w, https:\/\/raicesandaluzas.com\/revista\/wp-content\/uploads\/2025\/02\/santaagueda2025_05-225x300.jpg 225w, https:\/\/raicesandaluzas.com\/revista\/wp-content\/uploads\/2025\/02\/santaagueda2025_05-315x420.jpg 315w, https:\/\/raicesandaluzas.com\/revista\/wp-content\/uploads\/2025\/02\/santaagueda2025_05-696x928.jpg 696w, https:\/\/raicesandaluzas.com\/revista\/wp-content\/uploads\/2025\/02\/santaagueda2025_05.jpg 900w\" sizes=\"auto, (max-width: 768px) 100vw, 768px\" \/><\/figure>\n\n\n\n<figure class=\"wp-block-image size-large\"><img loading=\"lazy\" decoding=\"async\" width=\"1024\" height=\"768\" data-id=\"2279\" src=\"https:\/\/raicesandaluzas.com\/revista\/wp-content\/uploads\/2025\/02\/santaagueda2025_06-1024x768.jpg\" alt=\"\" class=\"wp-image-2279\" srcset=\"https:\/\/raicesandaluzas.com\/revista\/wp-content\/uploads\/2025\/02\/santaagueda2025_06-1024x768.jpg 1024w, https:\/\/raicesandaluzas.com\/revista\/wp-content\/uploads\/2025\/02\/santaagueda2025_06-300x225.jpg 300w, https:\/\/raicesandaluzas.com\/revista\/wp-content\/uploads\/2025\/02\/santaagueda2025_06-768x576.jpg 768w, https:\/\/raicesandaluzas.com\/revista\/wp-content\/uploads\/2025\/02\/santaagueda2025_06-560x420.jpg 560w, https:\/\/raicesandaluzas.com\/revista\/wp-content\/uploads\/2025\/02\/santaagueda2025_06-80x60.jpg 80w, https:\/\/raicesandaluzas.com\/revista\/wp-content\/uploads\/2025\/02\/santaagueda2025_06-696x522.jpg 696w, https:\/\/raicesandaluzas.com\/revista\/wp-content\/uploads\/2025\/02\/santaagueda2025_06-1068x801.jpg 1068w, https:\/\/raicesandaluzas.com\/revista\/wp-content\/uploads\/2025\/02\/santaagueda2025_06.jpg 1200w\" sizes=\"auto, (max-width: 1024px) 100vw, 1024px\" \/><\/figure>\n<\/figure>\n\n\n\n<p>Trayectoria ejemplar tanto como cofrades como cristianas, implicadas en la vida de hermandad y parroquial.<\/p>\n\n\n\n<p>Sigui\u00f3 la tarde con el intercambio de las tapas del Preg\u00f3n de la Juventud, acto que present\u00f3 el director del Secretariado Diocesano de Hermandades y Cofrad\u00edas del Arzobispado de Barcelona y en el cual el Presidente de la Cofrad\u00eda 15+1 de L\u2019Hospitalet de Llobregat, Sr. Felipe Navarro en representaci\u00f3n de la pregonera del a\u00f1o anterior, Nerea P\u00e1quez que no pudo asistir, entreg\u00f3 las tapas a la pregonera de este a\u00f1o Roc\u00edo Andrade que pronunciar\u00e1 el preg\u00f3n (D.m.) el pr\u00f3ximo 9 de marzo en el teatro Blas Infante de Badalona.&nbsp;&nbsp;&nbsp;&nbsp;<\/p>\n\n\n\n<div><a href=\"https:\/\/raicesandaluzas.com\/revista\/wp-content\/uploads\/2025\/02\/santaagueda2025_07-803x1024.jpg\" class=\"td-modal-image\"><figure class=\"wp-block-image size-large\"><img loading=\"lazy\" decoding=\"async\" width=\"803\" height=\"1024\" src=\"https:\/\/raicesandaluzas.com\/revista\/wp-content\/uploads\/2025\/02\/santaagueda2025_07-803x1024.jpg\" alt=\"\" class=\"wp-image-2281\" srcset=\"https:\/\/raicesandaluzas.com\/revista\/wp-content\/uploads\/2025\/02\/santaagueda2025_07-803x1024.jpg 803w, https:\/\/raicesandaluzas.com\/revista\/wp-content\/uploads\/2025\/02\/santaagueda2025_07-235x300.jpg 235w, https:\/\/raicesandaluzas.com\/revista\/wp-content\/uploads\/2025\/02\/santaagueda2025_07-768x979.jpg 768w, https:\/\/raicesandaluzas.com\/revista\/wp-content\/uploads\/2025\/02\/santaagueda2025_07-329x420.jpg 329w, https:\/\/raicesandaluzas.com\/revista\/wp-content\/uploads\/2025\/02\/santaagueda2025_07-696x888.jpg 696w, https:\/\/raicesandaluzas.com\/revista\/wp-content\/uploads\/2025\/02\/santaagueda2025_07.jpg 941w\" sizes=\"auto, (max-width: 803px) 100vw, 803px\" \/><\/figure><\/a><\/div>\n\n\n\n<p>Seguidamente, la capataz \u00c1ngeles Cantos junto con una de las costaleras explicaron sus vivencias llevando a la Virgen de las L\u00e1grimas por las calles de Castelldefels y Sonia Lozano quiso compartir con todos una poes\u00eda dedicada a la mujer cofrade y costalera.<\/p>\n\n\n\n<figure class=\"wp-block-gallery has-nested-images columns-default is-cropped td-modal-on-gallery wp-block-gallery-3 is-layout-flex wp-block-gallery-is-layout-flex\">\n<figure class=\"wp-block-image size-large\"><img loading=\"lazy\" decoding=\"async\" width=\"1024\" height=\"768\" data-id=\"2284\" src=\"https:\/\/raicesandaluzas.com\/revista\/wp-content\/uploads\/2025\/02\/santaagueda2025_09-1024x768.jpg\" alt=\"\" class=\"wp-image-2284\" srcset=\"https:\/\/raicesandaluzas.com\/revista\/wp-content\/uploads\/2025\/02\/santaagueda2025_09-1024x768.jpg 1024w, https:\/\/raicesandaluzas.com\/revista\/wp-content\/uploads\/2025\/02\/santaagueda2025_09-300x225.jpg 300w, https:\/\/raicesandaluzas.com\/revista\/wp-content\/uploads\/2025\/02\/santaagueda2025_09-768x576.jpg 768w, https:\/\/raicesandaluzas.com\/revista\/wp-content\/uploads\/2025\/02\/santaagueda2025_09-1536x1152.jpg 1536w, https:\/\/raicesandaluzas.com\/revista\/wp-content\/uploads\/2025\/02\/santaagueda2025_09-560x420.jpg 560w, https:\/\/raicesandaluzas.com\/revista\/wp-content\/uploads\/2025\/02\/santaagueda2025_09-80x60.jpg 80w, https:\/\/raicesandaluzas.com\/revista\/wp-content\/uploads\/2025\/02\/santaagueda2025_09-696x522.jpg 696w, https:\/\/raicesandaluzas.com\/revista\/wp-content\/uploads\/2025\/02\/santaagueda2025_09-1068x801.jpg 1068w, https:\/\/raicesandaluzas.com\/revista\/wp-content\/uploads\/2025\/02\/santaagueda2025_09.jpg 1600w\" sizes=\"auto, (max-width: 1024px) 100vw, 1024px\" \/><\/figure>\n\n\n\n<figure class=\"wp-block-image size-large\"><img loading=\"lazy\" decoding=\"async\" width=\"768\" height=\"1024\" data-id=\"2283\" src=\"https:\/\/raicesandaluzas.com\/revista\/wp-content\/uploads\/2025\/02\/santaagueda2025_08-768x1024.jpg\" alt=\"\" class=\"wp-image-2283\" srcset=\"https:\/\/raicesandaluzas.com\/revista\/wp-content\/uploads\/2025\/02\/santaagueda2025_08-768x1024.jpg 768w, https:\/\/raicesandaluzas.com\/revista\/wp-content\/uploads\/2025\/02\/santaagueda2025_08-225x300.jpg 225w, https:\/\/raicesandaluzas.com\/revista\/wp-content\/uploads\/2025\/02\/santaagueda2025_08-315x420.jpg 315w, https:\/\/raicesandaluzas.com\/revista\/wp-content\/uploads\/2025\/02\/santaagueda2025_08-696x928.jpg 696w, https:\/\/raicesandaluzas.com\/revista\/wp-content\/uploads\/2025\/02\/santaagueda2025_08.jpg 900w\" sizes=\"auto, (max-width: 768px) 100vw, 768px\" \/><\/figure>\n<\/figure>\n\n\n\n<p>Cerr\u00f3 esta primera parte del acto el Hermano Mayor de la Hermandad del Cristo de la Paz, el Sr. Antonio Soto, que hizo una detallada exposici\u00f3n de los actos a celebrar durante el 2025 para conmemorar el 40 aniversario de la Hermandad.<\/p>\n\n\n\n<div><a href=\"https:\/\/raicesandaluzas.com\/revista\/wp-content\/uploads\/2025\/02\/santaagueda2025_10-768x1024.jpg\" class=\"td-modal-image\"><figure class=\"wp-block-image size-large\"><img loading=\"lazy\" decoding=\"async\" width=\"768\" height=\"1024\" src=\"https:\/\/raicesandaluzas.com\/revista\/wp-content\/uploads\/2025\/02\/santaagueda2025_10-768x1024.jpg\" alt=\"\" class=\"wp-image-2285\" srcset=\"https:\/\/raicesandaluzas.com\/revista\/wp-content\/uploads\/2025\/02\/santaagueda2025_10-768x1024.jpg 768w, https:\/\/raicesandaluzas.com\/revista\/wp-content\/uploads\/2025\/02\/santaagueda2025_10-225x300.jpg 225w, https:\/\/raicesandaluzas.com\/revista\/wp-content\/uploads\/2025\/02\/santaagueda2025_10-315x420.jpg 315w, https:\/\/raicesandaluzas.com\/revista\/wp-content\/uploads\/2025\/02\/santaagueda2025_10-696x928.jpg 696w, https:\/\/raicesandaluzas.com\/revista\/wp-content\/uploads\/2025\/02\/santaagueda2025_10.jpg 900w\" sizes=\"auto, (max-width: 768px) 100vw, 768px\" \/><\/figure><\/a><\/div>\n\n\n\n<p>Concluy\u00f3 la tarde con la celebraci\u00f3n de la Santa Misa, oficiada por Moss\u00e9n Juan Antonio Vargas, rector de la parroquia de Santa Mar\u00eda de Castelldefels y consiliario de la Hermandad. Al final de la misma tuvo lugar la bendici\u00f3n de las \u201cTetillas de Santa \u00c1gueda\u201d que fueron repartidas a los asistentes antes de pasar todos a compartir un pica-pica en los salones parroquiales, ofrecidos por las premiadas de la Hermandad anfitriona.<\/p>\n\n\n\n<p><\/p>\n","protected":false},"excerpt":{"rendered":"<p>El s\u00e1bado 1 de febrero tuvo lugar la Celebraci\u00f3n de Santa \u00c1gueda, patrona de la Asociaci\u00f3n de Mujeres Cofrades de Barcelona, que este a\u00f1o tuvo como anfitriona a la Hermandad del Cristo de la Paz de Castelldefels que celebra este a\u00f1o su 40 aniversario. El acto dio comienzo con una charla de Montserrat Puigdell\u00edvol, directora [&hellip;]<\/p>\n","protected":false},"author":2,"featured_media":2282,"comment_status":"closed","ping_status":"open","sticky":false,"template":"","format":"standard","meta":{"footnotes":""},"categories":[19],"tags":[],"class_list":{"0":"post-2276","1":"post","2":"type-post","3":"status-publish","4":"format-standard","5":"has-post-thumbnail","7":"category-actualidad"},"_links":{"self":[{"href":"https:\/\/raicesandaluzas.com\/revista\/wp-json\/wp\/v2\/posts\/2276","targetHints":{"allow":["GET"]}}],"collection":[{"href":"https:\/\/raicesandaluzas.com\/revista\/wp-json\/wp\/v2\/posts"}],"about":[{"href":"https:\/\/raicesandaluzas.com\/revista\/wp-json\/wp\/v2\/types\/post"}],"author":[{"embeddable":true,"href":"https:\/\/raicesandaluzas.com\/revista\/wp-json\/wp\/v2\/users\/2"}],"replies":[{"embeddable":true,"href":"https:\/\/raicesandaluzas.com\/revista\/wp-json\/wp\/v2\/comments?post=2276"}],"version-history":[{"count":1,"href":"https:\/\/raicesandaluzas.com\/revista\/wp-json\/wp\/v2\/posts\/2276\/revisions"}],"predecessor-version":[{"id":2287,"href":"https:\/\/raicesandaluzas.com\/revista\/wp-json\/wp\/v2\/posts\/2276\/revisions\/2287"}],"wp:featuredmedia":[{"embeddable":true,"href":"https:\/\/raicesandaluzas.com\/revista\/wp-json\/wp\/v2\/media\/2282"}],"wp:attachment":[{"href":"https:\/\/raicesandaluzas.com\/revista\/wp-json\/wp\/v2\/media?parent=2276"}],"wp:term":[{"taxonomy":"category","embeddable":true,"href":"https:\/\/raicesandaluzas.com\/revista\/wp-json\/wp\/v2\/categories?post=2276"},{"taxonomy":"post_tag","embeddable":true,"href":"https:\/\/raicesandaluzas.com\/revista\/wp-json\/wp\/v2\/tags?post=2276"}],"curies":[{"name":"wp","href":"https:\/\/api.w.org\/{rel}","templated":true}]}}