{"id":2272,"date":"2024-12-10T12:19:20","date_gmt":"2024-12-10T12:19:20","guid":{"rendered":"https:\/\/raicesandaluzas.com\/revista\/?p=2272"},"modified":"2024-12-10T12:19:20","modified_gmt":"2024-12-10T12:19:20","slug":"iii-zambomba-solidaria-en-beneficio-de-hospital-de-campana-de-santa-anna","status":"publish","type":"post","link":"https:\/\/raicesandaluzas.com\/revista\/2024\/12\/10\/iii-zambomba-solidaria-en-beneficio-de-hospital-de-campana-de-santa-anna\/","title":{"rendered":"III Zambomba Solidaria en beneficio de Hospital de Campa\u00f1a de Santa Anna"},"content":{"rendered":"\n<p>Este pr\u00f3ximo domingo, 15 de diciembre, la Hermandad Nuestra Se\u00f1ora del Roc\u00edo de Barcelona organiza la III Zambomba Solidaria de nuestra Hermandad en beneficio de\u00a0<a href=\"https:\/\/www.facebook.com\/HospitalCampanyaParroquiaStaAnna?__cft__[0]=AZXTdbp7pSHTqAukHUCBm5pAqxWt46BkVPWVzXTx0FeeuKyjxZ5ivfS0TB5apYOjpAR6DMCenDyjzTmNFnPiDE0GTFPrLf-RYwXk5dqeOrXPWKh34gKvpJM7KdU9GgKGGrmLgtN4YFVk0W99E5PImvr2U_PGeRJ-z4DSez-kPDa3E1YHNA_A5eXJel18XSG9Rb0&amp;__tn__=-]K-R\" target=\"_blank\" rel=\"noreferrer noopener\">HospitalCampanyaParroquiaStaAnna<\/a>. Este marco ha sido elegido para cantarle a la Navidad con la actuaci\u00f3n de los coros de diferentes agrupaciones como son: Coro de la Asociaci\u00f3n de Mujeres \u201cLas Dunas\u201d de Almonte, Coro rociero \u201cRa\u00edces\u201d de la (<a href=\"https:\/\/www.instagram.com\/casadesevillasantboi\/\" target=\"_blank\" rel=\"noreferrer noopener\">@casadesevillasantboi<\/a>), Coro de la Cofrad\u00eda de Jes\u00fas Nazareno de Badia del Vall\u00e9s, (<a href=\"https:\/\/www.instagram.com\/nazarenoydoloresbadia\/\" target=\"_blank\" rel=\"noreferrer noopener\">@nazarenoydoloresbadia<\/a>), Coro Flamenco de<a href=\"https:\/\/www.instagram.com\/casadecadiz_santboi\/\" target=\"_blank\" rel=\"noreferrer noopener\">@casadecadiz_santboi<\/a>y el Coro de \u201cHdad.Ntra.Sra. del Roc\u00edo de Barcelona que cantar\u00e1n alrededor de la candela.<\/p>\n\n\n\n<p>El donativo para acceder al recinto ser\u00e1 de 7\u20ac y todos los beneficios ir\u00e1n destinados a la obra social del&nbsp;<a href=\"https:\/\/www.instagram.com\/hospitaldecampanya\/\" target=\"_blank\" rel=\"noreferrer noopener\">@hospitaldecampanya<\/a>&nbsp;que se promueve desde hace unos a\u00f1os en la parroquia de Santa Anna y que acoge a cientos de usuarios de la ciudad de Barcelona. Las entradas las puedes conseguir a trav\u00e9s del enlace (<a href=\"http:\/\/www.entradium.com\" target=\"_blank\" rel=\"noreferrer noopener\">www.entradium.com<\/a>) o el mismo d\u00eda en el recinto.<\/p>\n","protected":false},"excerpt":{"rendered":"<p>Este pr\u00f3ximo domingo, 15 de diciembre, la Hermandad Nuestra Se\u00f1ora del Roc\u00edo de Barcelona organiza la III Zambomba Solidaria de nuestra Hermandad en beneficio de\u00a0HospitalCampanyaParroquiaStaAnna. Este marco ha sido elegido para cantarle a la Navidad con la actuaci\u00f3n de los coros de diferentes agrupaciones como son: Coro de la Asociaci\u00f3n de Mujeres \u201cLas Dunas\u201d de [&hellip;]<\/p>\n","protected":false},"author":2,"featured_media":2273,"comment_status":"closed","ping_status":"open","sticky":false,"template":"","format":"standard","meta":{"footnotes":""},"categories":[19,21],"tags":[],"class_list":{"0":"post-2272","1":"post","2":"type-post","3":"status-publish","4":"format-standard","5":"has-post-thumbnail","7":"category-actualidad","8":"category-raices-rocieras"},"_links":{"self":[{"href":"https:\/\/raicesandaluzas.com\/revista\/wp-json\/wp\/v2\/posts\/2272","targetHints":{"allow":["GET"]}}],"collection":[{"href":"https:\/\/raicesandaluzas.com\/revista\/wp-json\/wp\/v2\/posts"}],"about":[{"href":"https:\/\/raicesandaluzas.com\/revista\/wp-json\/wp\/v2\/types\/post"}],"author":[{"embeddable":true,"href":"https:\/\/raicesandaluzas.com\/revista\/wp-json\/wp\/v2\/users\/2"}],"replies":[{"embeddable":true,"href":"https:\/\/raicesandaluzas.com\/revista\/wp-json\/wp\/v2\/comments?post=2272"}],"version-history":[{"count":1,"href":"https:\/\/raicesandaluzas.com\/revista\/wp-json\/wp\/v2\/posts\/2272\/revisions"}],"predecessor-version":[{"id":2274,"href":"https:\/\/raicesandaluzas.com\/revista\/wp-json\/wp\/v2\/posts\/2272\/revisions\/2274"}],"wp:featuredmedia":[{"embeddable":true,"href":"https:\/\/raicesandaluzas.com\/revista\/wp-json\/wp\/v2\/media\/2273"}],"wp:attachment":[{"href":"https:\/\/raicesandaluzas.com\/revista\/wp-json\/wp\/v2\/media?parent=2272"}],"wp:term":[{"taxonomy":"category","embeddable":true,"href":"https:\/\/raicesandaluzas.com\/revista\/wp-json\/wp\/v2\/categories?post=2272"},{"taxonomy":"post_tag","embeddable":true,"href":"https:\/\/raicesandaluzas.com\/revista\/wp-json\/wp\/v2\/tags?post=2272"}],"curies":[{"name":"wp","href":"https:\/\/api.w.org\/{rel}","templated":true}]}}