{"id":2262,"date":"2024-11-25T12:14:29","date_gmt":"2024-11-25T12:14:29","guid":{"rendered":"https:\/\/raicesandaluzas.com\/revista\/?p=2262"},"modified":"2024-11-25T12:26:45","modified_gmt":"2024-11-25T12:26:45","slug":"jose-mayo-recibe-un-homenaje-de-la-tertulia-flamenca-de-badalona","status":"publish","type":"post","link":"https:\/\/raicesandaluzas.com\/revista\/2024\/11\/25\/jose-mayo-recibe-un-homenaje-de-la-tertulia-flamenca-de-badalona\/","title":{"rendered":"Jos\u00e9 Mayo recibe un homenaje de la Tertulia Flamenca de Badalona"},"content":{"rendered":"\n<p>Jos\u00e9 Mayo, presidente em\u00e9rito y uno de los fundadores de la Tertulia Flamenca de Badalona recibi\u00f3 el pasado 15 de noviembre en el Teatre El C\u00edrcol de la localidad un merecido homenaje por sus muchos a\u00f1os al frente de la entidad y por su incansable aportaci\u00f3n al mundo del flamenco como divulgador. Nacido en Badajoz hace 86 a\u00f1os y afincado en Catalu\u00f1a desde el a\u00f1o 1961, en 1984 con un grupo de aficionados crea la Tertulia Flamenca de Badalona, cuya presidencia no abandona hasta 2021 por motivos de salud. En todos estos a\u00f1os no ha parado de estudiar y divulgar el flamenco acudiendo a festivales como el de los Cantes de La Uni\u00f3n, siendo jurado en cert\u00e1menes como el Yunque Flamenco, dirigiendo el Congreso Internacional de Arte Flamenco de Badalona en 2003 y colaborando con revista como la nuestra, Ra\u00edces Andaluzas, de la que form\u00f3 parte varios a\u00f1os. Tambi\u00e9n es creador de cuatro  libros sobre este arte, el \u00faltimo recientemente editado bajo el t\u00edtulo \u00abHistoria y valores del flamenco\u00bb.<\/p>\n\n\n\n<figure class=\"wp-block-gallery has-nested-images columns-default is-cropped td-modal-on-gallery wp-block-gallery-1 is-layout-flex wp-block-gallery-is-layout-flex\">\n<figure class=\"wp-block-image size-large\"><a href=\"https:\/\/raicesandaluzas.com\/revista\/wp-content\/uploads\/2024\/11\/mayo07.jpg\"><img loading=\"lazy\" decoding=\"async\" width=\"1024\" height=\"683\" data-id=\"2263\" src=\"https:\/\/raicesandaluzas.com\/revista\/wp-content\/uploads\/2024\/11\/mayo07-1024x683.jpg\" alt=\"\" class=\"wp-image-2263\" srcset=\"https:\/\/raicesandaluzas.com\/revista\/wp-content\/uploads\/2024\/11\/mayo07-1024x683.jpg 1024w, https:\/\/raicesandaluzas.com\/revista\/wp-content\/uploads\/2024\/11\/mayo07-300x200.jpg 300w, https:\/\/raicesandaluzas.com\/revista\/wp-content\/uploads\/2024\/11\/mayo07-768x512.jpg 768w, https:\/\/raicesandaluzas.com\/revista\/wp-content\/uploads\/2024\/11\/mayo07-630x420.jpg 630w, https:\/\/raicesandaluzas.com\/revista\/wp-content\/uploads\/2024\/11\/mayo07-696x464.jpg 696w, https:\/\/raicesandaluzas.com\/revista\/wp-content\/uploads\/2024\/11\/mayo07-1068x712.jpg 1068w, https:\/\/raicesandaluzas.com\/revista\/wp-content\/uploads\/2024\/11\/mayo07.jpg 1200w\" sizes=\"auto, (max-width: 1024px) 100vw, 1024px\" \/><\/a><\/figure>\n\n\n\n<figure class=\"wp-block-image size-large\"><img loading=\"lazy\" decoding=\"async\" width=\"1024\" height=\"683\" data-id=\"2267\" src=\"https:\/\/raicesandaluzas.com\/revista\/wp-content\/uploads\/2024\/11\/mayo06-1024x683.jpg\" alt=\"\" class=\"wp-image-2267\" srcset=\"https:\/\/raicesandaluzas.com\/revista\/wp-content\/uploads\/2024\/11\/mayo06-1024x683.jpg 1024w, https:\/\/raicesandaluzas.com\/revista\/wp-content\/uploads\/2024\/11\/mayo06-300x200.jpg 300w, https:\/\/raicesandaluzas.com\/revista\/wp-content\/uploads\/2024\/11\/mayo06-768x512.jpg 768w, https:\/\/raicesandaluzas.com\/revista\/wp-content\/uploads\/2024\/11\/mayo06-630x420.jpg 630w, https:\/\/raicesandaluzas.com\/revista\/wp-content\/uploads\/2024\/11\/mayo06-696x464.jpg 696w, https:\/\/raicesandaluzas.com\/revista\/wp-content\/uploads\/2024\/11\/mayo06-1068x712.jpg 1068w, https:\/\/raicesandaluzas.com\/revista\/wp-content\/uploads\/2024\/11\/mayo06.jpg 1200w\" sizes=\"auto, (max-width: 1024px) 100vw, 1024px\" \/><\/figure>\n\n\n\n<figure class=\"wp-block-image size-large\"><img loading=\"lazy\" decoding=\"async\" width=\"1024\" height=\"911\" data-id=\"2266\" src=\"https:\/\/raicesandaluzas.com\/revista\/wp-content\/uploads\/2024\/11\/mayo05-1024x911.jpg\" alt=\"\" class=\"wp-image-2266\" srcset=\"https:\/\/raicesandaluzas.com\/revista\/wp-content\/uploads\/2024\/11\/mayo05-1024x911.jpg 1024w, https:\/\/raicesandaluzas.com\/revista\/wp-content\/uploads\/2024\/11\/mayo05-300x267.jpg 300w, https:\/\/raicesandaluzas.com\/revista\/wp-content\/uploads\/2024\/11\/mayo05-768x683.jpg 768w, https:\/\/raicesandaluzas.com\/revista\/wp-content\/uploads\/2024\/11\/mayo05-472x420.jpg 472w, https:\/\/raicesandaluzas.com\/revista\/wp-content\/uploads\/2024\/11\/mayo05-696x619.jpg 696w, https:\/\/raicesandaluzas.com\/revista\/wp-content\/uploads\/2024\/11\/mayo05-1068x950.jpg 1068w, https:\/\/raicesandaluzas.com\/revista\/wp-content\/uploads\/2024\/11\/mayo05.jpg 1200w\" sizes=\"auto, (max-width: 1024px) 100vw, 1024px\" \/><\/figure>\n\n\n\n<figure class=\"wp-block-image size-large\"><a href=\"https:\/\/raicesandaluzas.com\/revista\/wp-content\/uploads\/2024\/11\/mayo04.jpg\"><img loading=\"lazy\" decoding=\"async\" width=\"1024\" height=\"683\" data-id=\"2265\" src=\"https:\/\/raicesandaluzas.com\/revista\/wp-content\/uploads\/2024\/11\/mayo04-1024x683.jpg\" alt=\"\" class=\"wp-image-2265\" srcset=\"https:\/\/raicesandaluzas.com\/revista\/wp-content\/uploads\/2024\/11\/mayo04-1024x683.jpg 1024w, https:\/\/raicesandaluzas.com\/revista\/wp-content\/uploads\/2024\/11\/mayo04-300x200.jpg 300w, https:\/\/raicesandaluzas.com\/revista\/wp-content\/uploads\/2024\/11\/mayo04-768x512.jpg 768w, https:\/\/raicesandaluzas.com\/revista\/wp-content\/uploads\/2024\/11\/mayo04-630x420.jpg 630w, https:\/\/raicesandaluzas.com\/revista\/wp-content\/uploads\/2024\/11\/mayo04-696x464.jpg 696w, https:\/\/raicesandaluzas.com\/revista\/wp-content\/uploads\/2024\/11\/mayo04-1068x712.jpg 1068w, https:\/\/raicesandaluzas.com\/revista\/wp-content\/uploads\/2024\/11\/mayo04.jpg 1200w\" sizes=\"auto, (max-width: 1024px) 100vw, 1024px\" \/><\/a><\/figure>\n\n\n\n<figure class=\"wp-block-image size-large\"><img loading=\"lazy\" decoding=\"async\" width=\"1024\" height=\"683\" data-id=\"2268\" src=\"https:\/\/raicesandaluzas.com\/revista\/wp-content\/uploads\/2024\/11\/mayo03-1024x683.jpg\" alt=\"\" class=\"wp-image-2268\" srcset=\"https:\/\/raicesandaluzas.com\/revista\/wp-content\/uploads\/2024\/11\/mayo03-1024x683.jpg 1024w, https:\/\/raicesandaluzas.com\/revista\/wp-content\/uploads\/2024\/11\/mayo03-300x200.jpg 300w, https:\/\/raicesandaluzas.com\/revista\/wp-content\/uploads\/2024\/11\/mayo03-768x512.jpg 768w, https:\/\/raicesandaluzas.com\/revista\/wp-content\/uploads\/2024\/11\/mayo03-630x420.jpg 630w, https:\/\/raicesandaluzas.com\/revista\/wp-content\/uploads\/2024\/11\/mayo03-696x464.jpg 696w, https:\/\/raicesandaluzas.com\/revista\/wp-content\/uploads\/2024\/11\/mayo03-1068x712.jpg 1068w, https:\/\/raicesandaluzas.com\/revista\/wp-content\/uploads\/2024\/11\/mayo03.jpg 1200w\" sizes=\"auto, (max-width: 1024px) 100vw, 1024px\" \/><\/figure>\n\n\n\n<figure class=\"wp-block-image size-large\"><a href=\"https:\/\/raicesandaluzas.com\/revista\/wp-content\/uploads\/2024\/11\/mayo02.jpg\"><img loading=\"lazy\" decoding=\"async\" width=\"1024\" height=\"683\" data-id=\"2264\" src=\"https:\/\/raicesandaluzas.com\/revista\/wp-content\/uploads\/2024\/11\/mayo02-1024x683.jpg\" alt=\"\" class=\"wp-image-2264\" srcset=\"https:\/\/raicesandaluzas.com\/revista\/wp-content\/uploads\/2024\/11\/mayo02-1024x683.jpg 1024w, https:\/\/raicesandaluzas.com\/revista\/wp-content\/uploads\/2024\/11\/mayo02-300x200.jpg 300w, https:\/\/raicesandaluzas.com\/revista\/wp-content\/uploads\/2024\/11\/mayo02-768x512.jpg 768w, https:\/\/raicesandaluzas.com\/revista\/wp-content\/uploads\/2024\/11\/mayo02-630x420.jpg 630w, https:\/\/raicesandaluzas.com\/revista\/wp-content\/uploads\/2024\/11\/mayo02-696x464.jpg 696w, https:\/\/raicesandaluzas.com\/revista\/wp-content\/uploads\/2024\/11\/mayo02-1068x712.jpg 1068w, https:\/\/raicesandaluzas.com\/revista\/wp-content\/uploads\/2024\/11\/mayo02.jpg 1200w\" sizes=\"auto, (max-width: 1024px) 100vw, 1024px\" \/><\/a><\/figure>\n<\/figure>\n\n\n\n<p>El acto de homenaje cont\u00f3 con la presencia de la concejala del Ayuntamiento de Badalona Mari Carmen Exp\u00f3sito, el presidente de la Federaci\u00f3n de Entidades Culturales y Andaluzas en Catalunya (FECAC) Daniel Salinero, la exalcaldesa de Badalona Maite Arqu\u00e9, Josep Mar\u00eda Sala, del Colectivo Crisol del PSC, Manuel Fern\u00e1ndez Cort\u00e9s, del Centro Cultural Gitano de la Mina, o Pedro Garc\u00eda, vicepresidente de la Federaci\u00f3n de Entidades Andaluzas de L&#8217;Hospitalet, entre muchos otros. <\/p>\n\n\n\n<p>M\u00e1s de 200 personas llenaron el teatro en un acto en el que se le entreg\u00f3 a Jos\u00e9 Mayo una placa conmemorativa y cuyo final lo pusieron la cantaora malague\u00f1a Antonia Contreras y la guitarra de Juan Ram\u00f3n Caro.   <\/p>\n","protected":false},"excerpt":{"rendered":"<p>Jos\u00e9 Mayo, presidente em\u00e9rito y uno de los fundadores de la Tertulia Flamenca de Badalona recibi\u00f3 el pasado 15 de noviembre en el Teatre El C\u00edrcol de la localidad un merecido homenaje por sus muchos a\u00f1os al frente de la entidad y por su incansable aportaci\u00f3n al mundo del flamenco como divulgador. Nacido en Badajoz [&hellip;]<\/p>\n","protected":false},"author":1,"featured_media":2269,"comment_status":"closed","ping_status":"open","sticky":false,"template":"","format":"standard","meta":{"footnotes":""},"categories":[19,22],"tags":[],"class_list":{"0":"post-2262","1":"post","2":"type-post","3":"status-publish","4":"format-standard","5":"has-post-thumbnail","7":"category-actualidad","8":"category-flamenco"},"_links":{"self":[{"href":"https:\/\/raicesandaluzas.com\/revista\/wp-json\/wp\/v2\/posts\/2262","targetHints":{"allow":["GET"]}}],"collection":[{"href":"https:\/\/raicesandaluzas.com\/revista\/wp-json\/wp\/v2\/posts"}],"about":[{"href":"https:\/\/raicesandaluzas.com\/revista\/wp-json\/wp\/v2\/types\/post"}],"author":[{"embeddable":true,"href":"https:\/\/raicesandaluzas.com\/revista\/wp-json\/wp\/v2\/users\/1"}],"replies":[{"embeddable":true,"href":"https:\/\/raicesandaluzas.com\/revista\/wp-json\/wp\/v2\/comments?post=2262"}],"version-history":[{"count":1,"href":"https:\/\/raicesandaluzas.com\/revista\/wp-json\/wp\/v2\/posts\/2262\/revisions"}],"predecessor-version":[{"id":2270,"href":"https:\/\/raicesandaluzas.com\/revista\/wp-json\/wp\/v2\/posts\/2262\/revisions\/2270"}],"wp:featuredmedia":[{"embeddable":true,"href":"https:\/\/raicesandaluzas.com\/revista\/wp-json\/wp\/v2\/media\/2269"}],"wp:attachment":[{"href":"https:\/\/raicesandaluzas.com\/revista\/wp-json\/wp\/v2\/media?parent=2262"}],"wp:term":[{"taxonomy":"category","embeddable":true,"href":"https:\/\/raicesandaluzas.com\/revista\/wp-json\/wp\/v2\/categories?post=2262"},{"taxonomy":"post_tag","embeddable":true,"href":"https:\/\/raicesandaluzas.com\/revista\/wp-json\/wp\/v2\/tags?post=2262"}],"curies":[{"name":"wp","href":"https:\/\/api.w.org\/{rel}","templated":true}]}}