{"id":2208,"date":"2024-11-08T09:22:53","date_gmt":"2024-11-08T09:22:53","guid":{"rendered":"https:\/\/raicesandaluzas.com\/revista\/?p=2208"},"modified":"2024-11-08T09:22:53","modified_gmt":"2024-11-08T09:22:53","slug":"la-compania-barcelona-flamenco-presenta-su-version-de-carmen","status":"publish","type":"post","link":"https:\/\/raicesandaluzas.com\/revista\/2024\/11\/08\/la-compania-barcelona-flamenco-presenta-su-version-de-carmen\/","title":{"rendered":"La Compa\u00f1\u00eda Barcelona Flamenco presenta su versi\u00f3n de \u00abCarmen\u00bb"},"content":{"rendered":"\n<p>Este pr\u00f3ximo 24 de noviembre, la Federaci\u00f3n Andaluza de Comunidades (FAC) organiza una magnifica ma\u00f1ana de flamenco con cante y baile a las 12 horas en el Auditori Municipal Miquel Pont (Pl. del Mercat, Carrer de Colom, s\/n, Castellar del Valles, Barcelona), para conmemorar el d\u00eda del flamenco, a cargo de la Compa\u00f1\u00eda Barcelona Flamenco Ballet que nos presentar\u00e1 la \u00f3pera \u00abCarmen\u00bb.<br>El Barcelona Flamenco Ballet aborda en su nuevo proyecto el mito siempre actual de Carmen. Esta nueva recreaci\u00f3n de la obra de Bizet aporta desde el flamenco nuevos elementos hasta ahora desconocidos, va m\u00e1s all\u00e1 de la concepci\u00f3n tradicional en que ha sido hist\u00f3ricamente encasillada y la adapta a la realidad de la sociedad contempor\u00e1nea actual.<br>Los valores por los que Carmen es hoy una mujer de nuestro tiempo y la adaptaci\u00f3n de la m\u00fasica y el ballet flamenco con el sello propio que caracteriza a David Guti\u00e9rrez, sit\u00faan la obra en un nuevo paradigma del mito universal y del flamenco del siglo XXI<br>Pese al paso del tiempo, Carmen mantiene su mensaje de libertad y coraje frente a un mundo desigual donde la mujer todav\u00eda lucha por sus derechos, Carmen es el prototipo de mujer que se enfrenta a un mundo masculino hostil y violento del que no sobrevive, pero deja su ejemplo para la posteridad.<br>Carmen es dolor, pasi\u00f3n y un grito de libertad, sentimientos que el arte flamenco representa magistralmente en su aspecto m\u00e1s salvaje y primitivo. Barcelona Flamenco Ballet cuenta la historia escrita por Prosper M\u00e9rim\u00e9e profundizando en la relaci\u00f3n amorosa entre la gitana Carmen y el torero Escamillo.<br>En el espect\u00e1culo se mezcla el cante flamenco m\u00e1s actual con la m\u00fasica original, el canto oper\u00edstico y la m\u00fasica de Bizet mezclan sus sonoridades m\u00e1s tradicionales con toques innovadores del jazz y del cante flamenco.<br>Barcelona Flamenco Ballet experimenta en diferentes formatos esc\u00e9nicos con el objetivo de brindar un espect\u00e1culo de calidad que pueda llegar a todos los p\u00fablicos, con un formato m\u00e1s \u00edntimo compuesto \u00fanicamente por el elenco del Barcelona Flamenco Ballet la m\u00fasica de Bizet y el flamenco de BFB se funden en un espect\u00e1culo abierto al p\u00fablico de hoy.<\/p>\n\n\n\n<p><span style=\"background-color:#080000\" class=\"td_text_highlight_marker\">FAC<\/span><\/p>\n\n\n\n<p><\/p>\n","protected":false},"excerpt":{"rendered":"<p>Este pr\u00f3ximo 24 de noviembre, la Federaci\u00f3n Andaluza de Comunidades (FAC) organiza una magnifica ma\u00f1ana de flamenco con cante y baile a las 12 horas en el Auditori Municipal Miquel Pont (Pl. del Mercat, Carrer de Colom, s\/n, Castellar del Valles, Barcelona), para conmemorar el d\u00eda del flamenco, a cargo de la Compa\u00f1\u00eda Barcelona Flamenco [&hellip;]<\/p>\n","protected":false},"author":2,"featured_media":2209,"comment_status":"closed","ping_status":"open","sticky":false,"template":"","format":"standard","meta":{"footnotes":""},"categories":[19,22],"tags":[],"class_list":{"0":"post-2208","1":"post","2":"type-post","3":"status-publish","4":"format-standard","5":"has-post-thumbnail","7":"category-actualidad","8":"category-flamenco"},"_links":{"self":[{"href":"https:\/\/raicesandaluzas.com\/revista\/wp-json\/wp\/v2\/posts\/2208","targetHints":{"allow":["GET"]}}],"collection":[{"href":"https:\/\/raicesandaluzas.com\/revista\/wp-json\/wp\/v2\/posts"}],"about":[{"href":"https:\/\/raicesandaluzas.com\/revista\/wp-json\/wp\/v2\/types\/post"}],"author":[{"embeddable":true,"href":"https:\/\/raicesandaluzas.com\/revista\/wp-json\/wp\/v2\/users\/2"}],"replies":[{"embeddable":true,"href":"https:\/\/raicesandaluzas.com\/revista\/wp-json\/wp\/v2\/comments?post=2208"}],"version-history":[{"count":1,"href":"https:\/\/raicesandaluzas.com\/revista\/wp-json\/wp\/v2\/posts\/2208\/revisions"}],"predecessor-version":[{"id":2210,"href":"https:\/\/raicesandaluzas.com\/revista\/wp-json\/wp\/v2\/posts\/2208\/revisions\/2210"}],"wp:featuredmedia":[{"embeddable":true,"href":"https:\/\/raicesandaluzas.com\/revista\/wp-json\/wp\/v2\/media\/2209"}],"wp:attachment":[{"href":"https:\/\/raicesandaluzas.com\/revista\/wp-json\/wp\/v2\/media?parent=2208"}],"wp:term":[{"taxonomy":"category","embeddable":true,"href":"https:\/\/raicesandaluzas.com\/revista\/wp-json\/wp\/v2\/categories?post=2208"},{"taxonomy":"post_tag","embeddable":true,"href":"https:\/\/raicesandaluzas.com\/revista\/wp-json\/wp\/v2\/tags?post=2208"}],"curies":[{"name":"wp","href":"https:\/\/api.w.org\/{rel}","templated":true}]}}