{"id":2185,"date":"2024-11-22T10:48:00","date_gmt":"2024-11-22T10:48:00","guid":{"rendered":"https:\/\/raicesandaluzas.com\/revista\/?p=2185"},"modified":"2024-11-22T12:57:39","modified_gmt":"2024-11-22T12:57:39","slug":"a-la-venta-las-entradas-del-concierto-del-coro-los-canasteros-por-el-40-aniversario-de-la-hermandad-ntra-sra-del-rocio-los-romeros-de-barcelona","status":"publish","type":"post","link":"https:\/\/raicesandaluzas.com\/revista\/2024\/11\/22\/a-la-venta-las-entradas-del-concierto-del-coro-los-canasteros-por-el-40-aniversario-de-la-hermandad-ntra-sra-del-rocio-los-romeros-de-barcelona\/","title":{"rendered":"El Coro Los Canasteros pone rumbo por primera vez a Barcelona para su concierto por el 40 aniversario de la Hermandad Ntra. Sra. del Roc\u00edo Los Romeros de Barcelona"},"content":{"rendered":"\n<div><a href=\"https:\/\/raicesandaluzas.com\/revista\/wp-content\/uploads\/2024\/10\/losnacasteros_hdadromeros-1024x1024.jpg\" class=\"td-modal-image\"><figure class=\"wp-block-image size-large\"><img loading=\"lazy\" decoding=\"async\" width=\"1024\" height=\"1024\" src=\"https:\/\/raicesandaluzas.com\/revista\/wp-content\/uploads\/2024\/10\/losnacasteros_hdadromeros-1024x1024.jpg\" alt=\"\" class=\"wp-image-2186\" srcset=\"https:\/\/raicesandaluzas.com\/revista\/wp-content\/uploads\/2024\/10\/losnacasteros_hdadromeros-1024x1024.jpg 1024w, https:\/\/raicesandaluzas.com\/revista\/wp-content\/uploads\/2024\/10\/losnacasteros_hdadromeros-300x300.jpg 300w, https:\/\/raicesandaluzas.com\/revista\/wp-content\/uploads\/2024\/10\/losnacasteros_hdadromeros-150x150.jpg 150w, https:\/\/raicesandaluzas.com\/revista\/wp-content\/uploads\/2024\/10\/losnacasteros_hdadromeros-768x768.jpg 768w, https:\/\/raicesandaluzas.com\/revista\/wp-content\/uploads\/2024\/10\/losnacasteros_hdadromeros-420x420.jpg 420w, https:\/\/raicesandaluzas.com\/revista\/wp-content\/uploads\/2024\/10\/losnacasteros_hdadromeros-696x696.jpg 696w, https:\/\/raicesandaluzas.com\/revista\/wp-content\/uploads\/2024\/10\/losnacasteros_hdadromeros-1068x1068.jpg 1068w, https:\/\/raicesandaluzas.com\/revista\/wp-content\/uploads\/2024\/10\/losnacasteros_hdadromeros.jpg 1200w\" sizes=\"auto, (max-width: 1024px) 100vw, 1024px\" \/><\/figure><\/a><\/div>\n\n\n\n<p>A pocos minutos para empezar el viaje que les lleve por primera vez a Barcelona para actuar, hablamos con Mar\u00eda Dolores, una de las responsables del Coro Los Canasteros, que ma\u00f1ana s\u00e1bado traer\u00e1 la tradici\u00f3n navide\u00f1a m\u00e1s aut\u00e9ntica de Las Cabezas de San Juan dentro de los actos por el 40 aniversario de la Hermandad Nuestra Se\u00f1ora del Roc\u00edo Los Romeros de Barcelona. 39 adultos y 11 ni\u00f1os completan la formaci\u00f3n del coro que podr\u00e1 verse por primera vez en tierras catalanas. \u00abSomos el coro de campanilleros m\u00e1s antiguo de Las Cabezas de San Juan, nacimos en 1986\u00bb, comenta Mar\u00eda Dolores. Y tambi\u00e9n uno de los m\u00e1s prestigiosos y premiados de toda Andaluc\u00eda, sino el que m\u00e1s. <\/p>\n\n\n\n<div><a href=\"https:\/\/raicesandaluzas.com\/revista\/wp-content\/uploads\/2024\/11\/canasteros-1024x663.jpg\" class=\"td-modal-image\"><figure class=\"wp-block-image size-large\"><img loading=\"lazy\" decoding=\"async\" width=\"1024\" height=\"663\" src=\"https:\/\/raicesandaluzas.com\/revista\/wp-content\/uploads\/2024\/11\/canasteros-1024x663.jpg\" alt=\"\" class=\"wp-image-2260\" srcset=\"https:\/\/raicesandaluzas.com\/revista\/wp-content\/uploads\/2024\/11\/canasteros-1024x663.jpg 1024w, https:\/\/raicesandaluzas.com\/revista\/wp-content\/uploads\/2024\/11\/canasteros-300x194.jpg 300w, https:\/\/raicesandaluzas.com\/revista\/wp-content\/uploads\/2024\/11\/canasteros-768x497.jpg 768w, https:\/\/raicesandaluzas.com\/revista\/wp-content\/uploads\/2024\/11\/canasteros-649x420.jpg 649w, https:\/\/raicesandaluzas.com\/revista\/wp-content\/uploads\/2024\/11\/canasteros-696x451.jpg 696w, https:\/\/raicesandaluzas.com\/revista\/wp-content\/uploads\/2024\/11\/canasteros-1068x692.jpg 1068w, https:\/\/raicesandaluzas.com\/revista\/wp-content\/uploads\/2024\/11\/canasteros.jpg 1200w\" sizes=\"auto, (max-width: 1024px) 100vw, 1024px\" \/><\/figure><\/a><\/div>\n\n\n\n<p>En los aproximadamente 90 minutos que durar\u00e1 el concierto, los presentes se transportar\u00e1n a una tradici\u00f3n, la de los coros de campanilleros, muy arraigada en el municipio sevillano. \u00abLos coros de campanilleros nacieron para recorrer las calles y llevar la Navidad a los vecinos\u00bb, explica Mar\u00eda Dolores. En Las Cabezas de San Juan existen una decena de coros de campanilleros, lo que indica la gran tradici\u00f3n que existe en el municipio.   <\/p>\n\n\n\n<p>El concierto tendr\u00e1 lugar ma\u00f1ana, 23 de noviembre a partir de las 19 horas en el Colegio Sant Joan Bosco (Pg. de la Vall d&#8217;Hebron, 258, Barcelona). Las entradas puedes adquirirse <a href=\"https:\/\/www.entrapolis.com\/entradas\/coro-los-canasteros-en-barcelona\">aqu\u00ed<\/a>.<\/p>\n\n\n\n<figure class=\"wp-block-video\"><video height=\"720\" style=\"aspect-ratio: 1280 \/ 720;\" width=\"1280\" controls src=\"https:\/\/raicesandaluzas.com\/revista\/wp-content\/uploads\/2024\/11\/LosCanasteros.mp4\"><\/video><\/figure>\n","protected":false},"excerpt":{"rendered":"<p>A pocos minutos para empezar el viaje que les lleve por primera vez a Barcelona para actuar, hablamos con Mar\u00eda Dolores, una de las responsables del Coro Los Canasteros, que ma\u00f1ana s\u00e1bado traer\u00e1 la tradici\u00f3n navide\u00f1a m\u00e1s aut\u00e9ntica de Las Cabezas de San Juan dentro de los actos por el 40 aniversario de la Hermandad [&hellip;]<\/p>\n","protected":false},"author":1,"featured_media":2186,"comment_status":"closed","ping_status":"open","sticky":false,"template":"","format":"standard","meta":{"footnotes":""},"categories":[19,21],"tags":[],"class_list":{"0":"post-2185","1":"post","2":"type-post","3":"status-publish","4":"format-standard","5":"has-post-thumbnail","7":"category-actualidad","8":"category-raices-rocieras"},"_links":{"self":[{"href":"https:\/\/raicesandaluzas.com\/revista\/wp-json\/wp\/v2\/posts\/2185","targetHints":{"allow":["GET"]}}],"collection":[{"href":"https:\/\/raicesandaluzas.com\/revista\/wp-json\/wp\/v2\/posts"}],"about":[{"href":"https:\/\/raicesandaluzas.com\/revista\/wp-json\/wp\/v2\/types\/post"}],"author":[{"embeddable":true,"href":"https:\/\/raicesandaluzas.com\/revista\/wp-json\/wp\/v2\/users\/1"}],"replies":[{"embeddable":true,"href":"https:\/\/raicesandaluzas.com\/revista\/wp-json\/wp\/v2\/comments?post=2185"}],"version-history":[{"count":5,"href":"https:\/\/raicesandaluzas.com\/revista\/wp-json\/wp\/v2\/posts\/2185\/revisions"}],"predecessor-version":[{"id":2261,"href":"https:\/\/raicesandaluzas.com\/revista\/wp-json\/wp\/v2\/posts\/2185\/revisions\/2261"}],"wp:featuredmedia":[{"embeddable":true,"href":"https:\/\/raicesandaluzas.com\/revista\/wp-json\/wp\/v2\/media\/2186"}],"wp:attachment":[{"href":"https:\/\/raicesandaluzas.com\/revista\/wp-json\/wp\/v2\/media?parent=2185"}],"wp:term":[{"taxonomy":"category","embeddable":true,"href":"https:\/\/raicesandaluzas.com\/revista\/wp-json\/wp\/v2\/categories?post=2185"},{"taxonomy":"post_tag","embeddable":true,"href":"https:\/\/raicesandaluzas.com\/revista\/wp-json\/wp\/v2\/tags?post=2185"}],"curies":[{"name":"wp","href":"https:\/\/api.w.org\/{rel}","templated":true}]}}