{"id":2177,"date":"2024-10-08T11:14:57","date_gmt":"2024-10-08T11:14:57","guid":{"rendered":"https:\/\/raicesandaluzas.com\/revista\/?p=2177"},"modified":"2024-10-08T11:16:34","modified_gmt":"2024-10-08T11:16:34","slug":"el-simpecado-de-la-hermandad-del-rocio-de-barcelonallega-a-la-parroquia-de-betlem-rodeado-de-sus-hermanos","status":"publish","type":"post","link":"https:\/\/raicesandaluzas.com\/revista\/2024\/10\/08\/el-simpecado-de-la-hermandad-del-rocio-de-barcelonallega-a-la-parroquia-de-betlem-rodeado-de-sus-hermanos\/","title":{"rendered":"El Simpecado de la Hermandad del Roc\u00edo de Barcelona llega a la parroquia de Betlem rodeado de sus Hermanos"},"content":{"rendered":"\n<p>El s\u00e1bado 5 de octubre, la Hermandad del Roc\u00edo de Barcelona ha realizado su \u00faltima Eucarist\u00eda en la Iglesia de Sant Jaume de Barcelona. La Santa Misa, presidida por Mn.Adilson, como director espiritual, y concelebrada por Mn.Alejandro, rector de la Parroquia Internacional de la Mare de D\u00e9u de Betlem, ha reunido muchas emociones. Tras la celebraci\u00f3n de la Santa Misa se ha procedido a la Toma de posesi\u00f3n de Lida Rayo como Hermana Mayor para la Romer\u00eda del Roc\u00edo de 2025, relevando en el cargo a Jordi Rodriguez. Posteriormente ha dado inicio la procesi\u00f3n con una despedida a la Hermandad y a la imagen de Ntra.Sra. de las Angustias que ha convivido todos estos a\u00f1os con la Hermandad rociera, recibiendo por parte de la Hermandad de pasi\u00f3n un broche para que luciese el Bendito Simpecado. <br>La Rambla de les Flors de Barcelona ha sido el recorrido que ha elegido la Hermandad del Roc\u00edo para hacer su traslado hacia la Parroquia Internacional de la Mare de D\u00e9u de Betlem rezando el \u201cDios te salve Maria\u201d con una Solemne Procesi\u00f3n en la que los Hermanos han portado velas para alumbrar al Bendito Simpecado hasta su nueva sede can\u00f3nica.<br>Finalmente las puertas de la parroquia de Betlem se abrieron para recibir a la Hermandad catalana en la que va a ser su nueva casa. El Simpecado de Barcelona se puede venerar en la capilla del Sagrado Coraz\u00f3n.<\/p>\n\n\n\n<figure class=\"wp-block-gallery has-nested-images columns-default is-cropped td-modal-on-gallery wp-block-gallery-1 is-layout-flex wp-block-gallery-is-layout-flex\">\n<figure class=\"wp-block-image size-large\"><a href=\"https:\/\/raicesandaluzas.com\/revista\/wp-content\/uploads\/2024\/10\/simpecadohdadBCN04.jpg\"><img loading=\"lazy\" decoding=\"async\" width=\"1024\" height=\"576\" data-id=\"2178\" src=\"https:\/\/raicesandaluzas.com\/revista\/wp-content\/uploads\/2024\/10\/simpecadohdadBCN04-1024x576.jpg\" alt=\"\" class=\"wp-image-2178\" srcset=\"https:\/\/raicesandaluzas.com\/revista\/wp-content\/uploads\/2024\/10\/simpecadohdadBCN04-1024x576.jpg 1024w, https:\/\/raicesandaluzas.com\/revista\/wp-content\/uploads\/2024\/10\/simpecadohdadBCN04-300x169.jpg 300w, https:\/\/raicesandaluzas.com\/revista\/wp-content\/uploads\/2024\/10\/simpecadohdadBCN04-768x432.jpg 768w, https:\/\/raicesandaluzas.com\/revista\/wp-content\/uploads\/2024\/10\/simpecadohdadBCN04-747x420.jpg 747w, https:\/\/raicesandaluzas.com\/revista\/wp-content\/uploads\/2024\/10\/simpecadohdadBCN04-696x392.jpg 696w, https:\/\/raicesandaluzas.com\/revista\/wp-content\/uploads\/2024\/10\/simpecadohdadBCN04-1068x601.jpg 1068w, https:\/\/raicesandaluzas.com\/revista\/wp-content\/uploads\/2024\/10\/simpecadohdadBCN04.jpg 1200w\" sizes=\"auto, (max-width: 1024px) 100vw, 1024px\" \/><\/a><\/figure>\n\n\n\n<figure class=\"wp-block-image size-large\"><a href=\"https:\/\/raicesandaluzas.com\/revista\/wp-content\/uploads\/2024\/10\/simpecadohdadBCN02.jpg\"><img loading=\"lazy\" decoding=\"async\" width=\"1024\" height=\"768\" data-id=\"2181\" src=\"https:\/\/raicesandaluzas.com\/revista\/wp-content\/uploads\/2024\/10\/simpecadohdadBCN02-1024x768.jpg\" alt=\"\" class=\"wp-image-2181\" srcset=\"https:\/\/raicesandaluzas.com\/revista\/wp-content\/uploads\/2024\/10\/simpecadohdadBCN02-1024x768.jpg 1024w, https:\/\/raicesandaluzas.com\/revista\/wp-content\/uploads\/2024\/10\/simpecadohdadBCN02-300x225.jpg 300w, https:\/\/raicesandaluzas.com\/revista\/wp-content\/uploads\/2024\/10\/simpecadohdadBCN02-768x576.jpg 768w, https:\/\/raicesandaluzas.com\/revista\/wp-content\/uploads\/2024\/10\/simpecadohdadBCN02-560x420.jpg 560w, https:\/\/raicesandaluzas.com\/revista\/wp-content\/uploads\/2024\/10\/simpecadohdadBCN02-80x60.jpg 80w, https:\/\/raicesandaluzas.com\/revista\/wp-content\/uploads\/2024\/10\/simpecadohdadBCN02-696x522.jpg 696w, https:\/\/raicesandaluzas.com\/revista\/wp-content\/uploads\/2024\/10\/simpecadohdadBCN02-1068x801.jpg 1068w, https:\/\/raicesandaluzas.com\/revista\/wp-content\/uploads\/2024\/10\/simpecadohdadBCN02.jpg 1200w\" sizes=\"auto, (max-width: 1024px) 100vw, 1024px\" \/><\/a><\/figure>\n\n\n\n<figure class=\"wp-block-image size-large\"><a href=\"https:\/\/raicesandaluzas.com\/revista\/wp-content\/uploads\/2024\/10\/simpecadohdadBCN01.jpg\"><img loading=\"lazy\" decoding=\"async\" width=\"959\" height=\"1024\" data-id=\"2179\" src=\"https:\/\/raicesandaluzas.com\/revista\/wp-content\/uploads\/2024\/10\/simpecadohdadBCN01-959x1024.jpg\" alt=\"\" class=\"wp-image-2179\" srcset=\"https:\/\/raicesandaluzas.com\/revista\/wp-content\/uploads\/2024\/10\/simpecadohdadBCN01-959x1024.jpg 959w, https:\/\/raicesandaluzas.com\/revista\/wp-content\/uploads\/2024\/10\/simpecadohdadBCN01-281x300.jpg 281w, https:\/\/raicesandaluzas.com\/revista\/wp-content\/uploads\/2024\/10\/simpecadohdadBCN01-768x820.jpg 768w, https:\/\/raicesandaluzas.com\/revista\/wp-content\/uploads\/2024\/10\/simpecadohdadBCN01-393x420.jpg 393w, https:\/\/raicesandaluzas.com\/revista\/wp-content\/uploads\/2024\/10\/simpecadohdadBCN01-696x743.jpg 696w, https:\/\/raicesandaluzas.com\/revista\/wp-content\/uploads\/2024\/10\/simpecadohdadBCN01-1068x1140.jpg 1068w, https:\/\/raicesandaluzas.com\/revista\/wp-content\/uploads\/2024\/10\/simpecadohdadBCN01.jpg 1179w\" sizes=\"auto, (max-width: 959px) 100vw, 959px\" \/><\/a><\/figure>\n<\/figure>\n","protected":false},"excerpt":{"rendered":"<p>El s\u00e1bado 5 de octubre, la Hermandad del Roc\u00edo de Barcelona ha realizado su \u00faltima Eucarist\u00eda en la Iglesia de Sant Jaume de Barcelona. La Santa Misa, presidida por Mn.Adilson, como director espiritual, y concelebrada por Mn.Alejandro, rector de la Parroquia Internacional de la Mare de D\u00e9u de Betlem, ha reunido muchas emociones. Tras la [&hellip;]<\/p>\n","protected":false},"author":2,"featured_media":2180,"comment_status":"closed","ping_status":"open","sticky":false,"template":"","format":"standard","meta":{"footnotes":""},"categories":[19],"tags":[],"class_list":{"0":"post-2177","1":"post","2":"type-post","3":"status-publish","4":"format-standard","5":"has-post-thumbnail","7":"category-actualidad"},"_links":{"self":[{"href":"https:\/\/raicesandaluzas.com\/revista\/wp-json\/wp\/v2\/posts\/2177","targetHints":{"allow":["GET"]}}],"collection":[{"href":"https:\/\/raicesandaluzas.com\/revista\/wp-json\/wp\/v2\/posts"}],"about":[{"href":"https:\/\/raicesandaluzas.com\/revista\/wp-json\/wp\/v2\/types\/post"}],"author":[{"embeddable":true,"href":"https:\/\/raicesandaluzas.com\/revista\/wp-json\/wp\/v2\/users\/2"}],"replies":[{"embeddable":true,"href":"https:\/\/raicesandaluzas.com\/revista\/wp-json\/wp\/v2\/comments?post=2177"}],"version-history":[{"count":2,"href":"https:\/\/raicesandaluzas.com\/revista\/wp-json\/wp\/v2\/posts\/2177\/revisions"}],"predecessor-version":[{"id":2183,"href":"https:\/\/raicesandaluzas.com\/revista\/wp-json\/wp\/v2\/posts\/2177\/revisions\/2183"}],"wp:featuredmedia":[{"embeddable":true,"href":"https:\/\/raicesandaluzas.com\/revista\/wp-json\/wp\/v2\/media\/2180"}],"wp:attachment":[{"href":"https:\/\/raicesandaluzas.com\/revista\/wp-json\/wp\/v2\/media?parent=2177"}],"wp:term":[{"taxonomy":"category","embeddable":true,"href":"https:\/\/raicesandaluzas.com\/revista\/wp-json\/wp\/v2\/categories?post=2177"},{"taxonomy":"post_tag","embeddable":true,"href":"https:\/\/raicesandaluzas.com\/revista\/wp-json\/wp\/v2\/tags?post=2177"}],"curies":[{"name":"wp","href":"https:\/\/api.w.org\/{rel}","templated":true}]}}