{"id":2165,"date":"2024-10-03T09:00:02","date_gmt":"2024-10-03T09:00:02","guid":{"rendered":"https:\/\/raicesandaluzas.com\/revista\/?p=2165"},"modified":"2024-10-03T09:00:04","modified_gmt":"2024-10-03T09:00:04","slug":"el-centro-cultural-andaluz-y-artistico-manuel-de-falla-inaugura-su-nueva-sede","status":"publish","type":"post","link":"https:\/\/raicesandaluzas.com\/revista\/2024\/10\/03\/el-centro-cultural-andaluz-y-artistico-manuel-de-falla-inaugura-su-nueva-sede\/","title":{"rendered":"El Centro Cultural Andaluz y Art\u00edstico Manuel de Falla inaugura su nueva sede"},"content":{"rendered":"\n<p>Este pasado s\u00e1bado, 28 de septiembre, se llev\u00f3 a cabo el acto de inauguraci\u00f3n de la nueva sede del Centro Cultural Andaluz y Art\u00edstico Manuel de Falla, situado en Via J\u00falia, 162, de Barcelona. En el acto estuvieron presentes Enric Millo, representando a la Junta de Andaluc\u00eda, la diputada del Parlament \u00c1ngeles Esteller y el presidente de la Federaci\u00f3n Andaluza de Comunidades (FAC), Emilio de la Chica, as\u00ed como el presidente del centro, Francisco Morgado. <\/p>\n\n\n\n<p>Las autoridades firmaron en el libro de honor y despu\u00e9s pudieron disfrutar de las actuaciones del d\u00fao Aranjuez, que interpret\u00f3 m\u00fasica de Falla, Alb\u00e9niz y Granados entre otros, de los cuadros de baile de la entidad. <\/p>\n\n\n\n<figure class=\"wp-block-gallery has-nested-images columns-4 is-cropped td-modal-on-gallery wp-block-gallery-1 is-layout-flex wp-block-gallery-is-layout-flex\">\n<figure class=\"wp-block-image size-large\"><a href=\"https:\/\/raicesandaluzas.com\/revista\/wp-content\/uploads\/2024\/10\/falla09.jpg\"><img loading=\"lazy\" decoding=\"async\" width=\"1024\" height=\"574\" data-id=\"2168\" src=\"https:\/\/raicesandaluzas.com\/revista\/wp-content\/uploads\/2024\/10\/falla09-1024x574.jpg\" alt=\"\" class=\"wp-image-2168\" srcset=\"https:\/\/raicesandaluzas.com\/revista\/wp-content\/uploads\/2024\/10\/falla09-1024x574.jpg 1024w, https:\/\/raicesandaluzas.com\/revista\/wp-content\/uploads\/2024\/10\/falla09-300x168.jpg 300w, https:\/\/raicesandaluzas.com\/revista\/wp-content\/uploads\/2024\/10\/falla09-768x431.jpg 768w, https:\/\/raicesandaluzas.com\/revista\/wp-content\/uploads\/2024\/10\/falla09-749x420.jpg 749w, https:\/\/raicesandaluzas.com\/revista\/wp-content\/uploads\/2024\/10\/falla09-696x390.jpg 696w, https:\/\/raicesandaluzas.com\/revista\/wp-content\/uploads\/2024\/10\/falla09-1068x599.jpg 1068w, https:\/\/raicesandaluzas.com\/revista\/wp-content\/uploads\/2024\/10\/falla09.jpg 1200w\" sizes=\"auto, (max-width: 1024px) 100vw, 1024px\" \/><\/a><\/figure>\n\n\n\n<figure class=\"wp-block-image size-large\"><a href=\"https:\/\/raicesandaluzas.com\/revista\/wp-content\/uploads\/2024\/10\/falla08.jpg\"><img loading=\"lazy\" decoding=\"async\" width=\"1024\" height=\"574\" data-id=\"2172\" src=\"https:\/\/raicesandaluzas.com\/revista\/wp-content\/uploads\/2024\/10\/falla08-1024x574.jpg\" alt=\"\" class=\"wp-image-2172\" srcset=\"https:\/\/raicesandaluzas.com\/revista\/wp-content\/uploads\/2024\/10\/falla08-1024x574.jpg 1024w, https:\/\/raicesandaluzas.com\/revista\/wp-content\/uploads\/2024\/10\/falla08-300x168.jpg 300w, https:\/\/raicesandaluzas.com\/revista\/wp-content\/uploads\/2024\/10\/falla08-768x431.jpg 768w, https:\/\/raicesandaluzas.com\/revista\/wp-content\/uploads\/2024\/10\/falla08-749x420.jpg 749w, https:\/\/raicesandaluzas.com\/revista\/wp-content\/uploads\/2024\/10\/falla08-696x390.jpg 696w, https:\/\/raicesandaluzas.com\/revista\/wp-content\/uploads\/2024\/10\/falla08-1068x599.jpg 1068w, https:\/\/raicesandaluzas.com\/revista\/wp-content\/uploads\/2024\/10\/falla08.jpg 1200w\" sizes=\"auto, (max-width: 1024px) 100vw, 1024px\" \/><\/a><\/figure>\n\n\n\n<figure class=\"wp-block-image size-large\"><a href=\"https:\/\/raicesandaluzas.com\/revista\/wp-content\/uploads\/2024\/10\/falla07.jpg\"><img loading=\"lazy\" decoding=\"async\" width=\"1024\" height=\"574\" data-id=\"2166\" src=\"https:\/\/raicesandaluzas.com\/revista\/wp-content\/uploads\/2024\/10\/falla07-1024x574.jpg\" alt=\"\" class=\"wp-image-2166\" srcset=\"https:\/\/raicesandaluzas.com\/revista\/wp-content\/uploads\/2024\/10\/falla07-1024x574.jpg 1024w, https:\/\/raicesandaluzas.com\/revista\/wp-content\/uploads\/2024\/10\/falla07-300x168.jpg 300w, https:\/\/raicesandaluzas.com\/revista\/wp-content\/uploads\/2024\/10\/falla07-768x431.jpg 768w, https:\/\/raicesandaluzas.com\/revista\/wp-content\/uploads\/2024\/10\/falla07-749x420.jpg 749w, https:\/\/raicesandaluzas.com\/revista\/wp-content\/uploads\/2024\/10\/falla07-696x390.jpg 696w, https:\/\/raicesandaluzas.com\/revista\/wp-content\/uploads\/2024\/10\/falla07-1068x599.jpg 1068w, https:\/\/raicesandaluzas.com\/revista\/wp-content\/uploads\/2024\/10\/falla07.jpg 1200w\" sizes=\"auto, (max-width: 1024px) 100vw, 1024px\" \/><\/a><\/figure>\n\n\n\n<figure class=\"wp-block-image size-large\"><a href=\"https:\/\/raicesandaluzas.com\/revista\/wp-content\/uploads\/2024\/10\/falla06.jpg\"><img loading=\"lazy\" decoding=\"async\" width=\"1024\" height=\"574\" data-id=\"2169\" src=\"https:\/\/raicesandaluzas.com\/revista\/wp-content\/uploads\/2024\/10\/falla06-1024x574.jpg\" alt=\"\" class=\"wp-image-2169\" srcset=\"https:\/\/raicesandaluzas.com\/revista\/wp-content\/uploads\/2024\/10\/falla06-1024x574.jpg 1024w, https:\/\/raicesandaluzas.com\/revista\/wp-content\/uploads\/2024\/10\/falla06-300x168.jpg 300w, https:\/\/raicesandaluzas.com\/revista\/wp-content\/uploads\/2024\/10\/falla06-768x431.jpg 768w, https:\/\/raicesandaluzas.com\/revista\/wp-content\/uploads\/2024\/10\/falla06-749x420.jpg 749w, https:\/\/raicesandaluzas.com\/revista\/wp-content\/uploads\/2024\/10\/falla06-696x390.jpg 696w, https:\/\/raicesandaluzas.com\/revista\/wp-content\/uploads\/2024\/10\/falla06-1068x599.jpg 1068w, https:\/\/raicesandaluzas.com\/revista\/wp-content\/uploads\/2024\/10\/falla06.jpg 1200w\" sizes=\"auto, (max-width: 1024px) 100vw, 1024px\" \/><\/a><\/figure>\n\n\n\n<figure class=\"wp-block-image size-large\"><a href=\"https:\/\/raicesandaluzas.com\/revista\/wp-content\/uploads\/2024\/10\/falla05.jpg\"><img loading=\"lazy\" decoding=\"async\" width=\"1024\" height=\"574\" data-id=\"2170\" src=\"https:\/\/raicesandaluzas.com\/revista\/wp-content\/uploads\/2024\/10\/falla05-1024x574.jpg\" alt=\"\" class=\"wp-image-2170\" srcset=\"https:\/\/raicesandaluzas.com\/revista\/wp-content\/uploads\/2024\/10\/falla05-1024x574.jpg 1024w, https:\/\/raicesandaluzas.com\/revista\/wp-content\/uploads\/2024\/10\/falla05-300x168.jpg 300w, https:\/\/raicesandaluzas.com\/revista\/wp-content\/uploads\/2024\/10\/falla05-768x431.jpg 768w, https:\/\/raicesandaluzas.com\/revista\/wp-content\/uploads\/2024\/10\/falla05-749x420.jpg 749w, https:\/\/raicesandaluzas.com\/revista\/wp-content\/uploads\/2024\/10\/falla05-696x390.jpg 696w, https:\/\/raicesandaluzas.com\/revista\/wp-content\/uploads\/2024\/10\/falla05-1068x599.jpg 1068w, https:\/\/raicesandaluzas.com\/revista\/wp-content\/uploads\/2024\/10\/falla05.jpg 1200w\" sizes=\"auto, (max-width: 1024px) 100vw, 1024px\" \/><\/a><\/figure>\n\n\n\n<figure class=\"wp-block-image size-large\"><a href=\"https:\/\/raicesandaluzas.com\/revista\/wp-content\/uploads\/2024\/10\/falla04.jpg\"><img loading=\"lazy\" decoding=\"async\" width=\"1024\" height=\"574\" data-id=\"2167\" src=\"https:\/\/raicesandaluzas.com\/revista\/wp-content\/uploads\/2024\/10\/falla04-1024x574.jpg\" alt=\"\" class=\"wp-image-2167\" srcset=\"https:\/\/raicesandaluzas.com\/revista\/wp-content\/uploads\/2024\/10\/falla04-1024x574.jpg 1024w, https:\/\/raicesandaluzas.com\/revista\/wp-content\/uploads\/2024\/10\/falla04-300x168.jpg 300w, https:\/\/raicesandaluzas.com\/revista\/wp-content\/uploads\/2024\/10\/falla04-768x431.jpg 768w, https:\/\/raicesandaluzas.com\/revista\/wp-content\/uploads\/2024\/10\/falla04-749x420.jpg 749w, https:\/\/raicesandaluzas.com\/revista\/wp-content\/uploads\/2024\/10\/falla04-696x390.jpg 696w, https:\/\/raicesandaluzas.com\/revista\/wp-content\/uploads\/2024\/10\/falla04-1068x599.jpg 1068w, https:\/\/raicesandaluzas.com\/revista\/wp-content\/uploads\/2024\/10\/falla04.jpg 1200w\" sizes=\"auto, (max-width: 1024px) 100vw, 1024px\" \/><\/a><\/figure>\n\n\n\n<figure class=\"wp-block-image size-large\"><a href=\"https:\/\/raicesandaluzas.com\/revista\/wp-content\/uploads\/2024\/10\/falla03.jpg\"><img loading=\"lazy\" decoding=\"async\" width=\"639\" height=\"1024\" data-id=\"2171\" src=\"https:\/\/raicesandaluzas.com\/revista\/wp-content\/uploads\/2024\/10\/falla03-639x1024.jpg\" alt=\"\" class=\"wp-image-2171\" srcset=\"https:\/\/raicesandaluzas.com\/revista\/wp-content\/uploads\/2024\/10\/falla03-639x1024.jpg 639w, https:\/\/raicesandaluzas.com\/revista\/wp-content\/uploads\/2024\/10\/falla03-187x300.jpg 187w, https:\/\/raicesandaluzas.com\/revista\/wp-content\/uploads\/2024\/10\/falla03-262x420.jpg 262w, https:\/\/raicesandaluzas.com\/revista\/wp-content\/uploads\/2024\/10\/falla03-696x1115.jpg 696w, https:\/\/raicesandaluzas.com\/revista\/wp-content\/uploads\/2024\/10\/falla03.jpg 749w\" sizes=\"auto, (max-width: 639px) 100vw, 639px\" \/><\/a><\/figure>\n\n\n\n<figure class=\"wp-block-image size-large\"><a href=\"https:\/\/raicesandaluzas.com\/revista\/wp-content\/uploads\/2024\/10\/falla01.jpg\"><img loading=\"lazy\" decoding=\"async\" width=\"640\" height=\"1024\" data-id=\"2173\" src=\"https:\/\/raicesandaluzas.com\/revista\/wp-content\/uploads\/2024\/10\/falla01-640x1024.jpg\" alt=\"\" class=\"wp-image-2173\" srcset=\"https:\/\/raicesandaluzas.com\/revista\/wp-content\/uploads\/2024\/10\/falla01-640x1024.jpg 640w, https:\/\/raicesandaluzas.com\/revista\/wp-content\/uploads\/2024\/10\/falla01-188x300.jpg 188w, https:\/\/raicesandaluzas.com\/revista\/wp-content\/uploads\/2024\/10\/falla01-263x420.jpg 263w, https:\/\/raicesandaluzas.com\/revista\/wp-content\/uploads\/2024\/10\/falla01-696x1114.jpg 696w, https:\/\/raicesandaluzas.com\/revista\/wp-content\/uploads\/2024\/10\/falla01.jpg 750w\" sizes=\"auto, (max-width: 640px) 100vw, 640px\" \/><\/a><\/figure>\n<\/figure>\n","protected":false},"excerpt":{"rendered":"<p>Este pasado s\u00e1bado, 28 de septiembre, se llev\u00f3 a cabo el acto de inauguraci\u00f3n de la nueva sede del Centro Cultural Andaluz y Art\u00edstico Manuel de Falla, situado en Via J\u00falia, 162, de Barcelona. En el acto estuvieron presentes Enric Millo, representando a la Junta de Andaluc\u00eda, la diputada del Parlament \u00c1ngeles Esteller y el [&hellip;]<\/p>\n","protected":false},"author":1,"featured_media":2174,"comment_status":"closed","ping_status":"open","sticky":false,"template":"","format":"standard","meta":{"footnotes":""},"categories":[19],"tags":[],"class_list":{"0":"post-2165","1":"post","2":"type-post","3":"status-publish","4":"format-standard","5":"has-post-thumbnail","7":"category-actualidad"},"_links":{"self":[{"href":"https:\/\/raicesandaluzas.com\/revista\/wp-json\/wp\/v2\/posts\/2165","targetHints":{"allow":["GET"]}}],"collection":[{"href":"https:\/\/raicesandaluzas.com\/revista\/wp-json\/wp\/v2\/posts"}],"about":[{"href":"https:\/\/raicesandaluzas.com\/revista\/wp-json\/wp\/v2\/types\/post"}],"author":[{"embeddable":true,"href":"https:\/\/raicesandaluzas.com\/revista\/wp-json\/wp\/v2\/users\/1"}],"replies":[{"embeddable":true,"href":"https:\/\/raicesandaluzas.com\/revista\/wp-json\/wp\/v2\/comments?post=2165"}],"version-history":[{"count":1,"href":"https:\/\/raicesandaluzas.com\/revista\/wp-json\/wp\/v2\/posts\/2165\/revisions"}],"predecessor-version":[{"id":2175,"href":"https:\/\/raicesandaluzas.com\/revista\/wp-json\/wp\/v2\/posts\/2165\/revisions\/2175"}],"wp:featuredmedia":[{"embeddable":true,"href":"https:\/\/raicesandaluzas.com\/revista\/wp-json\/wp\/v2\/media\/2174"}],"wp:attachment":[{"href":"https:\/\/raicesandaluzas.com\/revista\/wp-json\/wp\/v2\/media?parent=2165"}],"wp:term":[{"taxonomy":"category","embeddable":true,"href":"https:\/\/raicesandaluzas.com\/revista\/wp-json\/wp\/v2\/categories?post=2165"},{"taxonomy":"post_tag","embeddable":true,"href":"https:\/\/raicesandaluzas.com\/revista\/wp-json\/wp\/v2\/tags?post=2165"}],"curies":[{"name":"wp","href":"https:\/\/api.w.org\/{rel}","templated":true}]}}