{"id":2158,"date":"2024-09-23T11:39:59","date_gmt":"2024-09-23T11:39:59","guid":{"rendered":"https:\/\/raicesandaluzas.com\/revista\/?p=2158"},"modified":"2024-09-30T11:43:58","modified_gmt":"2024-09-30T11:43:58","slug":"maria-jose-abad-gana-la-tercera-edicion-del-concurso-nacional-de-tarantas-de-linares-de-la-casa-de-andalucia-en-barcelona","status":"publish","type":"post","link":"https:\/\/raicesandaluzas.com\/revista\/2024\/09\/23\/maria-jose-abad-gana-la-tercera-edicion-del-concurso-nacional-de-tarantas-de-linares-de-la-casa-de-andalucia-en-barcelona\/","title":{"rendered":"Mar\u00eda Jos\u00e9 Abad gana la tercera edici\u00f3n del Concurso Nacional de Tarantas de Linares de la Casa de Andaluc\u00eda en Barcelona"},"content":{"rendered":"\n<p>La cordobesa de Villa del R\u00edo Mar\u00eda Jos\u00e9 Abad fue la ganadora de la tercera edici\u00f3n del Concurso Nacional de Tarantas de Linares que organiza la Casa de Andaluc\u00eda en Barcelona. El segundo premio fue para Juan Fuentes, natural del propio Linares, y el tercero para el cantaor alicantino Iv\u00e1n Chask\u00edo. Adem\u00e1s, se otorg\u00f3 el premio especial \u00abCarmen Linares\u00bb al mejor cantaor o cantaora menor de 25 a\u00f1os a la beculense Leo L\u00f3pez, de tan solo 17 a\u00f1os.<\/p>\n\n\n\n<p>El acto sirvi\u00f3 tambi\u00e9n para homenajear a dos ilustres del cante: Paco Garfia, que acompa\u00f1\u00f3 a los concursantes con su guitarra, y el cantaor Pepe N\u00fa\u00f1ez \u00abEl Lore\u00f1o\u00bb. Destacar tambi\u00e9n la actuaci\u00f3n especial del cantaor Miguel de Tena Mart\u00ednez.<\/p>\n\n\n\n<p>En el p\u00fablico presente estuvieron representados entitades e instituciones, como el ayuntamiento de Linares, representado por su concejala de cultura Susana Ferrer, y la Diputaci\u00f3n de Ja\u00e9n, que lo estuvo por su diputado Javier Perales. La Casa de Andaluc\u00eda en Barcelona quiere agradecer la presencia de todos ellos, as\u00ed como el gran trabajo, de nuevo, como maestro de ceremonias de Antonio Mench\u00f3n.<\/p>\n\n\n\n<figure class=\"wp-block-gallery has-nested-images columns-default is-cropped td-modal-on-gallery wp-block-gallery-1 is-layout-flex wp-block-gallery-is-layout-flex\">\n<figure class=\"wp-block-image size-large\"><a href=\"https:\/\/raicesandaluzas.com\/revista\/wp-content\/uploads\/2024\/09\/461231342_10229942522841442_3249497187633696800_n-scaled.jpg\"><img loading=\"lazy\" decoding=\"async\" width=\"1024\" height=\"485\" data-id=\"2162\" src=\"https:\/\/raicesandaluzas.com\/revista\/wp-content\/uploads\/2024\/09\/461231342_10229942522841442_3249497187633696800_n-1024x485.jpg\" alt=\"\" class=\"wp-image-2162\" srcset=\"https:\/\/raicesandaluzas.com\/revista\/wp-content\/uploads\/2024\/09\/461231342_10229942522841442_3249497187633696800_n-1024x485.jpg 1024w, https:\/\/raicesandaluzas.com\/revista\/wp-content\/uploads\/2024\/09\/461231342_10229942522841442_3249497187633696800_n-300x142.jpg 300w, https:\/\/raicesandaluzas.com\/revista\/wp-content\/uploads\/2024\/09\/461231342_10229942522841442_3249497187633696800_n-768x363.jpg 768w, https:\/\/raicesandaluzas.com\/revista\/wp-content\/uploads\/2024\/09\/461231342_10229942522841442_3249497187633696800_n-1536x727.jpg 1536w, https:\/\/raicesandaluzas.com\/revista\/wp-content\/uploads\/2024\/09\/461231342_10229942522841442_3249497187633696800_n-2048x969.jpg 2048w, https:\/\/raicesandaluzas.com\/revista\/wp-content\/uploads\/2024\/09\/461231342_10229942522841442_3249497187633696800_n-887x420.jpg 887w, https:\/\/raicesandaluzas.com\/revista\/wp-content\/uploads\/2024\/09\/461231342_10229942522841442_3249497187633696800_n-696x329.jpg 696w, https:\/\/raicesandaluzas.com\/revista\/wp-content\/uploads\/2024\/09\/461231342_10229942522841442_3249497187633696800_n-1068x505.jpg 1068w, https:\/\/raicesandaluzas.com\/revista\/wp-content\/uploads\/2024\/09\/461231342_10229942522841442_3249497187633696800_n-1920x909.jpg 1920w\" sizes=\"auto, (max-width: 1024px) 100vw, 1024px\" \/><\/a><\/figure>\n\n\n\n<figure class=\"wp-block-image size-large\"><a href=\"https:\/\/raicesandaluzas.com\/revista\/wp-content\/uploads\/2024\/09\/460878569_10229942804568485_8593918884579097204_n.jpg\"><img loading=\"lazy\" decoding=\"async\" width=\"984\" height=\"1024\" data-id=\"2161\" src=\"https:\/\/raicesandaluzas.com\/revista\/wp-content\/uploads\/2024\/09\/460878569_10229942804568485_8593918884579097204_n-984x1024.jpg\" alt=\"\" class=\"wp-image-2161\" srcset=\"https:\/\/raicesandaluzas.com\/revista\/wp-content\/uploads\/2024\/09\/460878569_10229942804568485_8593918884579097204_n-984x1024.jpg 984w, https:\/\/raicesandaluzas.com\/revista\/wp-content\/uploads\/2024\/09\/460878569_10229942804568485_8593918884579097204_n-288x300.jpg 288w, https:\/\/raicesandaluzas.com\/revista\/wp-content\/uploads\/2024\/09\/460878569_10229942804568485_8593918884579097204_n-768x799.jpg 768w, https:\/\/raicesandaluzas.com\/revista\/wp-content\/uploads\/2024\/09\/460878569_10229942804568485_8593918884579097204_n-1476x1536.jpg 1476w, https:\/\/raicesandaluzas.com\/revista\/wp-content\/uploads\/2024\/09\/460878569_10229942804568485_8593918884579097204_n-404x420.jpg 404w, https:\/\/raicesandaluzas.com\/revista\/wp-content\/uploads\/2024\/09\/460878569_10229942804568485_8593918884579097204_n-696x724.jpg 696w, https:\/\/raicesandaluzas.com\/revista\/wp-content\/uploads\/2024\/09\/460878569_10229942804568485_8593918884579097204_n-1068x1111.jpg 1068w, https:\/\/raicesandaluzas.com\/revista\/wp-content\/uploads\/2024\/09\/460878569_10229942804568485_8593918884579097204_n-1920x1998.jpg 1920w, https:\/\/raicesandaluzas.com\/revista\/wp-content\/uploads\/2024\/09\/460878569_10229942804568485_8593918884579097204_n.jpg 1968w\" sizes=\"auto, (max-width: 984px) 100vw, 984px\" \/><\/a><\/figure>\n\n\n\n<figure class=\"wp-block-image size-large\"><a href=\"https:\/\/raicesandaluzas.com\/revista\/wp-content\/uploads\/2024\/09\/460961939_10229942526881543_2887230538980911872_n.jpg\"><img loading=\"lazy\" decoding=\"async\" width=\"1024\" height=\"683\" data-id=\"2159\" src=\"https:\/\/raicesandaluzas.com\/revista\/wp-content\/uploads\/2024\/09\/460961939_10229942526881543_2887230538980911872_n-1024x683.jpg\" alt=\"\" class=\"wp-image-2159\" srcset=\"https:\/\/raicesandaluzas.com\/revista\/wp-content\/uploads\/2024\/09\/460961939_10229942526881543_2887230538980911872_n-1024x683.jpg 1024w, https:\/\/raicesandaluzas.com\/revista\/wp-content\/uploads\/2024\/09\/460961939_10229942526881543_2887230538980911872_n-300x200.jpg 300w, https:\/\/raicesandaluzas.com\/revista\/wp-content\/uploads\/2024\/09\/460961939_10229942526881543_2887230538980911872_n-768x512.jpg 768w, https:\/\/raicesandaluzas.com\/revista\/wp-content\/uploads\/2024\/09\/460961939_10229942526881543_2887230538980911872_n-1536x1024.jpg 1536w, https:\/\/raicesandaluzas.com\/revista\/wp-content\/uploads\/2024\/09\/460961939_10229942526881543_2887230538980911872_n-630x420.jpg 630w, https:\/\/raicesandaluzas.com\/revista\/wp-content\/uploads\/2024\/09\/460961939_10229942526881543_2887230538980911872_n-696x464.jpg 696w, https:\/\/raicesandaluzas.com\/revista\/wp-content\/uploads\/2024\/09\/460961939_10229942526881543_2887230538980911872_n-1068x712.jpg 1068w, https:\/\/raicesandaluzas.com\/revista\/wp-content\/uploads\/2024\/09\/460961939_10229942526881543_2887230538980911872_n-1920x1280.jpg 1920w, https:\/\/raicesandaluzas.com\/revista\/wp-content\/uploads\/2024\/09\/460961939_10229942526881543_2887230538980911872_n.jpg 2048w\" sizes=\"auto, (max-width: 1024px) 100vw, 1024px\" \/><\/a><\/figure>\n<\/figure>\n","protected":false},"excerpt":{"rendered":"<p>La cordobesa de Villa del R\u00edo Mar\u00eda Jos\u00e9 Abad fue la ganadora de la tercera edici\u00f3n del Concurso Nacional de Tarantas de Linares que organiza la Casa de Andaluc\u00eda en Barcelona. El segundo premio fue para Juan Fuentes, natural del propio Linares, y el tercero para el cantaor alicantino Iv\u00e1n Chask\u00edo. Adem\u00e1s, se otorg\u00f3 el [&hellip;]<\/p>\n","protected":false},"author":1,"featured_media":2163,"comment_status":"closed","ping_status":"open","sticky":false,"template":"","format":"standard","meta":{"footnotes":""},"categories":[19,22],"tags":[],"class_list":{"0":"post-2158","1":"post","2":"type-post","3":"status-publish","4":"format-standard","5":"has-post-thumbnail","7":"category-actualidad","8":"category-flamenco"},"_links":{"self":[{"href":"https:\/\/raicesandaluzas.com\/revista\/wp-json\/wp\/v2\/posts\/2158","targetHints":{"allow":["GET"]}}],"collection":[{"href":"https:\/\/raicesandaluzas.com\/revista\/wp-json\/wp\/v2\/posts"}],"about":[{"href":"https:\/\/raicesandaluzas.com\/revista\/wp-json\/wp\/v2\/types\/post"}],"author":[{"embeddable":true,"href":"https:\/\/raicesandaluzas.com\/revista\/wp-json\/wp\/v2\/users\/1"}],"replies":[{"embeddable":true,"href":"https:\/\/raicesandaluzas.com\/revista\/wp-json\/wp\/v2\/comments?post=2158"}],"version-history":[{"count":1,"href":"https:\/\/raicesandaluzas.com\/revista\/wp-json\/wp\/v2\/posts\/2158\/revisions"}],"predecessor-version":[{"id":2164,"href":"https:\/\/raicesandaluzas.com\/revista\/wp-json\/wp\/v2\/posts\/2158\/revisions\/2164"}],"wp:featuredmedia":[{"embeddable":true,"href":"https:\/\/raicesandaluzas.com\/revista\/wp-json\/wp\/v2\/media\/2163"}],"wp:attachment":[{"href":"https:\/\/raicesandaluzas.com\/revista\/wp-json\/wp\/v2\/media?parent=2158"}],"wp:term":[{"taxonomy":"category","embeddable":true,"href":"https:\/\/raicesandaluzas.com\/revista\/wp-json\/wp\/v2\/categories?post=2158"},{"taxonomy":"post_tag","embeddable":true,"href":"https:\/\/raicesandaluzas.com\/revista\/wp-json\/wp\/v2\/tags?post=2158"}],"curies":[{"name":"wp","href":"https:\/\/api.w.org\/{rel}","templated":true}]}}