{"id":2010,"date":"2024-06-21T09:43:24","date_gmt":"2024-06-21T09:43:24","guid":{"rendered":"https:\/\/raicesandaluzas.com\/revista\/?p=2010"},"modified":"2024-06-21T09:43:25","modified_gmt":"2024-06-21T09:43:25","slug":"la-casa-de-andalucia-en-barcelona-convoca-el-tercer-concurso-nacional-de-tarantas-de-linares-homenaje-carmen-linares","status":"publish","type":"post","link":"https:\/\/raicesandaluzas.com\/revista\/2024\/06\/21\/la-casa-de-andalucia-en-barcelona-convoca-el-tercer-concurso-nacional-de-tarantas-de-linares-homenaje-carmen-linares\/","title":{"rendered":"La Casa de Andaluc\u00eda en Barcelona convoca el tercer Concurso Nacional de Tarantas de Linares Homenaje \u00abCarmen Linares\u00bb"},"content":{"rendered":"\n<p>La Casa de Andaluc\u00eda en Barcelona convoca la tercera edici\u00f3n del Concurso Nacional de Tarantas de Linares en homenaje a Carmen Linares. El certamen est\u00e1 compuesto por una preliminar en la que se podr\u00e0 participar mediante video antes del 15 de julio, una semifinal presencial el 8 de septiembre, y la gran final, que tendr\u00e1 lugar el pr\u00f3ximo 21 de septiembre, a partir de las 18 horas, en el Auditori AXA de Barcelona.<\/p>\n\n\n\n<p>Todos los cantantes que deseen participar deber\u00e1n enviar la inscripci\u00f3n y un enlace de video interpretando la Taranta de Linares y un cante libre que no exceda de 5 minutos para la valoraci\u00f3n del jurado. Tendr\u00e1 que ser antes del 15 de julio al correo casadeandalucia@hotmail.com. Los datos de contacto del participantes ser\u00e1n nombre y apellidos, DNI, nombre art\u00edstico, domicilio y n\u00famero de tel\u00e9fono.<\/p>\n\n\n\n<p>En el concurso se repartir\u00e1n tres premios, el primero de 2.000 euros y la Cabria de plata, el segundo de 1.500 y diploma y el tercero de 1.000 euros y diploma-<\/p>\n\n\n\n<p>A continuaci\u00f3n pod\u00e9is consultar las bases al completo:<\/p>\n\n\n\n<figure class=\"wp-block-image size-large\"><img loading=\"lazy\" decoding=\"async\" width=\"1024\" height=\"642\" src=\"https:\/\/raicesandaluzas.com\/revista\/wp-content\/uploads\/2024\/06\/15-TarantaLinares02-1024x642.jpg\" alt=\"\" class=\"wp-image-2004\" srcset=\"https:\/\/raicesandaluzas.com\/revista\/wp-content\/uploads\/2024\/06\/15-TarantaLinares02-1024x642.jpg 1024w, https:\/\/raicesandaluzas.com\/revista\/wp-content\/uploads\/2024\/06\/15-TarantaLinares02-300x188.jpg 300w, https:\/\/raicesandaluzas.com\/revista\/wp-content\/uploads\/2024\/06\/15-TarantaLinares02-768x481.jpg 768w, https:\/\/raicesandaluzas.com\/revista\/wp-content\/uploads\/2024\/06\/15-TarantaLinares02-670x420.jpg 670w, https:\/\/raicesandaluzas.com\/revista\/wp-content\/uploads\/2024\/06\/15-TarantaLinares02-696x436.jpg 696w, https:\/\/raicesandaluzas.com\/revista\/wp-content\/uploads\/2024\/06\/15-TarantaLinares02-1068x669.jpg 1068w, https:\/\/raicesandaluzas.com\/revista\/wp-content\/uploads\/2024\/06\/15-TarantaLinares02.jpg 1200w\" sizes=\"auto, (max-width: 1024px) 100vw, 1024px\" \/><\/figure>\n","protected":false},"excerpt":{"rendered":"<p>La Casa de Andaluc\u00eda en Barcelona convoca la tercera edici\u00f3n del Concurso Nacional de Tarantas de Linares en homenaje a Carmen Linares. El certamen est\u00e1 compuesto por una preliminar en la que se podr\u00e0 participar mediante video antes del 15 de julio, una semifinal presencial el 8 de septiembre, y la gran final, que tendr\u00e1 [&hellip;]<\/p>\n","protected":false},"author":1,"featured_media":2005,"comment_status":"closed","ping_status":"open","sticky":false,"template":"","format":"standard","meta":{"footnotes":""},"categories":[19,22],"tags":[],"class_list":{"0":"post-2010","1":"post","2":"type-post","3":"status-publish","4":"format-standard","5":"has-post-thumbnail","7":"category-actualidad","8":"category-flamenco"},"_links":{"self":[{"href":"https:\/\/raicesandaluzas.com\/revista\/wp-json\/wp\/v2\/posts\/2010","targetHints":{"allow":["GET"]}}],"collection":[{"href":"https:\/\/raicesandaluzas.com\/revista\/wp-json\/wp\/v2\/posts"}],"about":[{"href":"https:\/\/raicesandaluzas.com\/revista\/wp-json\/wp\/v2\/types\/post"}],"author":[{"embeddable":true,"href":"https:\/\/raicesandaluzas.com\/revista\/wp-json\/wp\/v2\/users\/1"}],"replies":[{"embeddable":true,"href":"https:\/\/raicesandaluzas.com\/revista\/wp-json\/wp\/v2\/comments?post=2010"}],"version-history":[{"count":1,"href":"https:\/\/raicesandaluzas.com\/revista\/wp-json\/wp\/v2\/posts\/2010\/revisions"}],"predecessor-version":[{"id":2011,"href":"https:\/\/raicesandaluzas.com\/revista\/wp-json\/wp\/v2\/posts\/2010\/revisions\/2011"}],"wp:featuredmedia":[{"embeddable":true,"href":"https:\/\/raicesandaluzas.com\/revista\/wp-json\/wp\/v2\/media\/2005"}],"wp:attachment":[{"href":"https:\/\/raicesandaluzas.com\/revista\/wp-json\/wp\/v2\/media?parent=2010"}],"wp:term":[{"taxonomy":"category","embeddable":true,"href":"https:\/\/raicesandaluzas.com\/revista\/wp-json\/wp\/v2\/categories?post=2010"},{"taxonomy":"post_tag","embeddable":true,"href":"https:\/\/raicesandaluzas.com\/revista\/wp-json\/wp\/v2\/tags?post=2010"}],"curies":[{"name":"wp","href":"https:\/\/api.w.org\/{rel}","templated":true}]}}