{"id":1978,"date":"2024-06-19T10:29:11","date_gmt":"2024-06-19T10:29:11","guid":{"rendered":"https:\/\/raicesandaluzas.com\/revista\/?p=1978"},"modified":"2024-06-21T10:42:51","modified_gmt":"2024-06-21T10:42:51","slug":"el-xviii-concurso-de-fotografia-rociera-del-cercat-ya-tiene-ganadores","status":"publish","type":"post","link":"https:\/\/raicesandaluzas.com\/revista\/2024\/06\/19\/el-xviii-concurso-de-fotografia-rociera-del-cercat-ya-tiene-ganadores\/","title":{"rendered":"El XVIII Concurso de Fotograf\u00eda Rociera del CERCAT ya tiene ganadores"},"content":{"rendered":"\n<p>Ayer, 18 de junio, se fallaron los premios del XVIII Concurso de Fotograf\u00eda del Centro de Estudios Rocieros y Cultura Andaluza en Catalu\u00f1a (CERCAT). Andreu Noguero, con su imagen \u201cA la presentaci\u00f3n\u201d fue el ganador del primer premio en la categor\u00eda \u201cRomer\u00eda del Roc\u00edo\u201d, dotado con 150 euros, diploma y medalla FCF. Juani Sandoval, con \u201cJugar\u201d consigui\u00f3 el segundo (100 euros y diploma), Agust\u00edn Padilla, con \u201cCantando a la Virgen\u201d el tercero (50 euros y diploma), y Silvia Romero con \u201cChaparrones de mayo\u201d consigui\u00f3 el cuarto (50 euros y diploma).<\/p>\n\n\n\n<figure class=\"wp-block-gallery has-nested-images columns-3 is-cropped td-modal-on-gallery wp-block-gallery-1 is-layout-flex wp-block-gallery-is-layout-flex\">\n<figure class=\"wp-block-image size-large\"><img loading=\"lazy\" decoding=\"async\" width=\"1024\" height=\"773\" data-id=\"1980\" src=\"https:\/\/raicesandaluzas.com\/revista\/wp-content\/uploads\/2024\/06\/1er-PremioRocio_Presentacion-1024x773.jpg\" alt=\"\" class=\"wp-image-1980\" srcset=\"https:\/\/raicesandaluzas.com\/revista\/wp-content\/uploads\/2024\/06\/1er-PremioRocio_Presentacion-1024x773.jpg 1024w, https:\/\/raicesandaluzas.com\/revista\/wp-content\/uploads\/2024\/06\/1er-PremioRocio_Presentacion-300x227.jpg 300w, https:\/\/raicesandaluzas.com\/revista\/wp-content\/uploads\/2024\/06\/1er-PremioRocio_Presentacion-768x580.jpg 768w, https:\/\/raicesandaluzas.com\/revista\/wp-content\/uploads\/2024\/06\/1er-PremioRocio_Presentacion-556x420.jpg 556w, https:\/\/raicesandaluzas.com\/revista\/wp-content\/uploads\/2024\/06\/1er-PremioRocio_Presentacion-80x60.jpg 80w, https:\/\/raicesandaluzas.com\/revista\/wp-content\/uploads\/2024\/06\/1er-PremioRocio_Presentacion-696x525.jpg 696w, https:\/\/raicesandaluzas.com\/revista\/wp-content\/uploads\/2024\/06\/1er-PremioRocio_Presentacion-1068x806.jpg 1068w, https:\/\/raicesandaluzas.com\/revista\/wp-content\/uploads\/2024\/06\/1er-PremioRocio_Presentacion.jpg 1200w\" sizes=\"auto, (max-width: 1024px) 100vw, 1024px\" \/><figcaption class=\"wp-element-caption\">1er Premio Categor\u00eda \u00abRomer\u00eda del Roc\u00edo\u00bb <br>Andreu Noguero, \u00abA la presentaci\u00f3n\u00bb<\/figcaption><\/figure>\n\n\n\n<figure class=\"wp-block-image size-large\"><img loading=\"lazy\" decoding=\"async\" width=\"1024\" height=\"683\" data-id=\"1981\" src=\"https:\/\/raicesandaluzas.com\/revista\/wp-content\/uploads\/2024\/06\/3er-PremioRocio_-Cantando-a-la-Virgen-1024x683.jpg\" alt=\"\" class=\"wp-image-1981\" srcset=\"https:\/\/raicesandaluzas.com\/revista\/wp-content\/uploads\/2024\/06\/3er-PremioRocio_-Cantando-a-la-Virgen-1024x683.jpg 1024w, https:\/\/raicesandaluzas.com\/revista\/wp-content\/uploads\/2024\/06\/3er-PremioRocio_-Cantando-a-la-Virgen-300x200.jpg 300w, https:\/\/raicesandaluzas.com\/revista\/wp-content\/uploads\/2024\/06\/3er-PremioRocio_-Cantando-a-la-Virgen-768x512.jpg 768w, https:\/\/raicesandaluzas.com\/revista\/wp-content\/uploads\/2024\/06\/3er-PremioRocio_-Cantando-a-la-Virgen-630x420.jpg 630w, https:\/\/raicesandaluzas.com\/revista\/wp-content\/uploads\/2024\/06\/3er-PremioRocio_-Cantando-a-la-Virgen-696x464.jpg 696w, https:\/\/raicesandaluzas.com\/revista\/wp-content\/uploads\/2024\/06\/3er-PremioRocio_-Cantando-a-la-Virgen-1068x712.jpg 1068w, https:\/\/raicesandaluzas.com\/revista\/wp-content\/uploads\/2024\/06\/3er-PremioRocio_-Cantando-a-la-Virgen.jpg 1200w\" sizes=\"auto, (max-width: 1024px) 100vw, 1024px\" \/><figcaption class=\"wp-element-caption\">3er Premio Categor\u00eda \u00abRomer\u00eda del Roc\u00edo\u00bb <br>Agust\u00edn Padilla, \u00abCantando a la Virgen\u00bb<\/figcaption><\/figure>\n\n\n\n<figure class=\"wp-block-image size-large\"><img loading=\"lazy\" decoding=\"async\" width=\"634\" height=\"1024\" data-id=\"1979\" src=\"https:\/\/raicesandaluzas.com\/revista\/wp-content\/uploads\/2024\/06\/4o-PremioRocio_Chaparrones-de-mayo-634x1024.jpg\" alt=\"\" class=\"wp-image-1979\" srcset=\"https:\/\/raicesandaluzas.com\/revista\/wp-content\/uploads\/2024\/06\/4o-PremioRocio_Chaparrones-de-mayo-634x1024.jpg 634w, https:\/\/raicesandaluzas.com\/revista\/wp-content\/uploads\/2024\/06\/4o-PremioRocio_Chaparrones-de-mayo-186x300.jpg 186w, https:\/\/raicesandaluzas.com\/revista\/wp-content\/uploads\/2024\/06\/4o-PremioRocio_Chaparrones-de-mayo-260x420.jpg 260w, https:\/\/raicesandaluzas.com\/revista\/wp-content\/uploads\/2024\/06\/4o-PremioRocio_Chaparrones-de-mayo-696x1124.jpg 696w, https:\/\/raicesandaluzas.com\/revista\/wp-content\/uploads\/2024\/06\/4o-PremioRocio_Chaparrones-de-mayo.jpg 743w\" sizes=\"auto, (max-width: 634px) 100vw, 634px\" \/><figcaption class=\"wp-element-caption\">4o Premio Categor\u00eda \u00abRomer\u00eda del Roc\u00edo\u00bb <br>Silvia Romero, \u00abChaparrones de mayo\u00bb<\/figcaption><\/figure>\n<\/figure>\n\n\n\n<p>En la categor\u00eda \u201cCatalu\u00f1a cofrade\u201d, el ganador fue Daniel Manzano, con \u201cCofrad\u00eda Virgen de la Cabeza en Catalunya\u201d, consiguiendo as\u00ed los 150 euros, la medalla FCF y el diploma del primer premio. Jos\u00e9 David Cast\u00e1n, con \u201c\u00daltimo esfuerzo\u201d consigui\u00f3 el segundo (100 euros y diploma), Dom\u00e8nec L. Ali\u00f3, con \u201c\u00c1ngel\u201d el tercero (50 euros y diploma), y Daniel Font, con \u201cRepique\u201d consigui\u00f3 el cuarto (50 euros y diploma).<\/p>\n\n\n\n<figure class=\"wp-block-gallery has-nested-images columns-2 is-cropped td-modal-on-gallery wp-block-gallery-2 is-layout-flex wp-block-gallery-is-layout-flex\">\n<figure class=\"wp-block-image size-large\"><img loading=\"lazy\" decoding=\"async\" width=\"1024\" height=\"683\" data-id=\"1983\" src=\"https:\/\/raicesandaluzas.com\/revista\/wp-content\/uploads\/2024\/06\/1er-PremioCofrade_Cofradia-Virgen-de-la-Cabeza-en-Catalunya-1024x683.jpg\" alt=\"\" class=\"wp-image-1983\" srcset=\"https:\/\/raicesandaluzas.com\/revista\/wp-content\/uploads\/2024\/06\/1er-PremioCofrade_Cofradia-Virgen-de-la-Cabeza-en-Catalunya-1024x683.jpg 1024w, https:\/\/raicesandaluzas.com\/revista\/wp-content\/uploads\/2024\/06\/1er-PremioCofrade_Cofradia-Virgen-de-la-Cabeza-en-Catalunya-300x200.jpg 300w, https:\/\/raicesandaluzas.com\/revista\/wp-content\/uploads\/2024\/06\/1er-PremioCofrade_Cofradia-Virgen-de-la-Cabeza-en-Catalunya-768x512.jpg 768w, https:\/\/raicesandaluzas.com\/revista\/wp-content\/uploads\/2024\/06\/1er-PremioCofrade_Cofradia-Virgen-de-la-Cabeza-en-Catalunya-630x420.jpg 630w, https:\/\/raicesandaluzas.com\/revista\/wp-content\/uploads\/2024\/06\/1er-PremioCofrade_Cofradia-Virgen-de-la-Cabeza-en-Catalunya-696x464.jpg 696w, https:\/\/raicesandaluzas.com\/revista\/wp-content\/uploads\/2024\/06\/1er-PremioCofrade_Cofradia-Virgen-de-la-Cabeza-en-Catalunya-1068x712.jpg 1068w, https:\/\/raicesandaluzas.com\/revista\/wp-content\/uploads\/2024\/06\/1er-PremioCofrade_Cofradia-Virgen-de-la-Cabeza-en-Catalunya.jpg 1200w\" sizes=\"auto, (max-width: 1024px) 100vw, 1024px\" \/><figcaption class=\"wp-element-caption\">1er Premio Categor\u00eda \u00abCatalu\u00f1a Cofrade\u00bb <br>Daniel Manzano, \u00abCofrad\u00eda Virgen de la Cabeza en Catalunya\u00bb<\/figcaption><\/figure>\n\n\n\n<figure class=\"wp-block-image size-large\"><img loading=\"lazy\" decoding=\"async\" width=\"989\" height=\"1024\" data-id=\"1985\" src=\"https:\/\/raicesandaluzas.com\/revista\/wp-content\/uploads\/2024\/06\/2o-PremioCofrade_Ultimo-esfuerzo-989x1024.jpg\" alt=\"\" class=\"wp-image-1985\" srcset=\"https:\/\/raicesandaluzas.com\/revista\/wp-content\/uploads\/2024\/06\/2o-PremioCofrade_Ultimo-esfuerzo-989x1024.jpg 989w, https:\/\/raicesandaluzas.com\/revista\/wp-content\/uploads\/2024\/06\/2o-PremioCofrade_Ultimo-esfuerzo-290x300.jpg 290w, https:\/\/raicesandaluzas.com\/revista\/wp-content\/uploads\/2024\/06\/2o-PremioCofrade_Ultimo-esfuerzo-768x795.jpg 768w, https:\/\/raicesandaluzas.com\/revista\/wp-content\/uploads\/2024\/06\/2o-PremioCofrade_Ultimo-esfuerzo-406x420.jpg 406w, https:\/\/raicesandaluzas.com\/revista\/wp-content\/uploads\/2024\/06\/2o-PremioCofrade_Ultimo-esfuerzo-696x720.jpg 696w, https:\/\/raicesandaluzas.com\/revista\/wp-content\/uploads\/2024\/06\/2o-PremioCofrade_Ultimo-esfuerzo-1068x1105.jpg 1068w, https:\/\/raicesandaluzas.com\/revista\/wp-content\/uploads\/2024\/06\/2o-PremioCofrade_Ultimo-esfuerzo.jpg 1200w\" sizes=\"auto, (max-width: 989px) 100vw, 989px\" \/><figcaption class=\"wp-element-caption\">2o Premio Categor\u00eda \u00abCatalu\u00f1a Cofrade\u00bb <br>Jos\u00e9 David Cast\u00e1n, \u00ab\u00daltimo esfuerzo\u00bb<\/figcaption><\/figure>\n\n\n\n<figure class=\"wp-block-image size-large\"><img loading=\"lazy\" decoding=\"async\" width=\"940\" height=\"1024\" data-id=\"1986\" src=\"https:\/\/raicesandaluzas.com\/revista\/wp-content\/uploads\/2024\/06\/3er-PremioCofrade_Angel-940x1024.jpg\" alt=\"\" class=\"wp-image-1986\" srcset=\"https:\/\/raicesandaluzas.com\/revista\/wp-content\/uploads\/2024\/06\/3er-PremioCofrade_Angel-940x1024.jpg 940w, https:\/\/raicesandaluzas.com\/revista\/wp-content\/uploads\/2024\/06\/3er-PremioCofrade_Angel-275x300.jpg 275w, https:\/\/raicesandaluzas.com\/revista\/wp-content\/uploads\/2024\/06\/3er-PremioCofrade_Angel-768x837.jpg 768w, https:\/\/raicesandaluzas.com\/revista\/wp-content\/uploads\/2024\/06\/3er-PremioCofrade_Angel-385x420.jpg 385w, https:\/\/raicesandaluzas.com\/revista\/wp-content\/uploads\/2024\/06\/3er-PremioCofrade_Angel-696x759.jpg 696w, https:\/\/raicesandaluzas.com\/revista\/wp-content\/uploads\/2024\/06\/3er-PremioCofrade_Angel-1068x1164.jpg 1068w, https:\/\/raicesandaluzas.com\/revista\/wp-content\/uploads\/2024\/06\/3er-PremioCofrade_Angel.jpg 1101w\" sizes=\"auto, (max-width: 940px) 100vw, 940px\" \/><figcaption class=\"wp-element-caption\">3er Premio Categor\u00eda \u00abCatalu\u00f1a Cofrade\u00bb <br>Dom\u00e8nec L\u00f3pez Ali\u00f3, \u00ab\u00c1ngel\u00bb<\/figcaption><\/figure>\n\n\n\n<figure class=\"wp-block-image size-large\"><img loading=\"lazy\" decoding=\"async\" width=\"839\" height=\"1024\" data-id=\"1984\" src=\"https:\/\/raicesandaluzas.com\/revista\/wp-content\/uploads\/2024\/06\/4o-PremioCofrade-Repique-839x1024.jpg\" alt=\"\" class=\"wp-image-1984\" srcset=\"https:\/\/raicesandaluzas.com\/revista\/wp-content\/uploads\/2024\/06\/4o-PremioCofrade-Repique-839x1024.jpg 839w, https:\/\/raicesandaluzas.com\/revista\/wp-content\/uploads\/2024\/06\/4o-PremioCofrade-Repique-246x300.jpg 246w, https:\/\/raicesandaluzas.com\/revista\/wp-content\/uploads\/2024\/06\/4o-PremioCofrade-Repique-768x938.jpg 768w, https:\/\/raicesandaluzas.com\/revista\/wp-content\/uploads\/2024\/06\/4o-PremioCofrade-Repique-344x420.jpg 344w, https:\/\/raicesandaluzas.com\/revista\/wp-content\/uploads\/2024\/06\/4o-PremioCofrade-Repique-696x850.jpg 696w, https:\/\/raicesandaluzas.com\/revista\/wp-content\/uploads\/2024\/06\/4o-PremioCofrade-Repique.jpg 983w\" sizes=\"auto, (max-width: 839px) 100vw, 839px\" \/><figcaption class=\"wp-element-caption\">4o Premio Categor\u00eda \u00abCatalu\u00f1a Cofrade\u00bb <br>Daniel Font, \u00abRepique\u00bb<\/figcaption><\/figure>\n<\/figure>\n\n\n\n<p>En el premio especial \u201cFeria de Abril catalana\u201d, el ganador fue Rub\u00e9n Vera, con \u201cAbanicos\u201d, consiguiendo as\u00ed los 100 euros y el diploma.<\/p>\n\n\n\n<div><a href=\"https:\/\/raicesandaluzas.com\/revista\/wp-content\/uploads\/2024\/06\/1er-PremioFeria-Abanicos-767x1024.jpg\" class=\"td-modal-image\"><figure class=\"wp-block-image size-large\"><img loading=\"lazy\" decoding=\"async\" width=\"767\" height=\"1024\" src=\"https:\/\/raicesandaluzas.com\/revista\/wp-content\/uploads\/2024\/06\/1er-PremioFeria-Abanicos-767x1024.jpg\" alt=\"\" class=\"wp-image-1987\" srcset=\"https:\/\/raicesandaluzas.com\/revista\/wp-content\/uploads\/2024\/06\/1er-PremioFeria-Abanicos-767x1024.jpg 767w, https:\/\/raicesandaluzas.com\/revista\/wp-content\/uploads\/2024\/06\/1er-PremioFeria-Abanicos-225x300.jpg 225w, https:\/\/raicesandaluzas.com\/revista\/wp-content\/uploads\/2024\/06\/1er-PremioFeria-Abanicos-768x1025.jpg 768w, https:\/\/raicesandaluzas.com\/revista\/wp-content\/uploads\/2024\/06\/1er-PremioFeria-Abanicos-315x420.jpg 315w, https:\/\/raicesandaluzas.com\/revista\/wp-content\/uploads\/2024\/06\/1er-PremioFeria-Abanicos-696x929.jpg 696w, https:\/\/raicesandaluzas.com\/revista\/wp-content\/uploads\/2024\/06\/1er-PremioFeria-Abanicos.jpg 899w\" sizes=\"auto, (max-width: 767px) 100vw, 767px\" \/><figcaption class=\"wp-element-caption\">1er Premio Categor\u00eda \u00abFeria de Abril catalana\u00bb: Rub\u00e9n Vera, \u00abAbanicos\u00bb<\/figcaption><\/figure><\/a><\/div>\n\n\n\n<p>El jurado estuvo formado por Andr\u00e9s Pozo, concejal de Cultura del Ayuntamiento de Sant Adri\u00e0, Jos\u00e9 Antonio Andr\u00e9s Ferriz de la Federaci\u00f3 Catalana de Fotografia, Ana Mar\u00eda Lara, de la Hermandad Ntra. Sra. del Roc\u00edo Los Romeros, Raquel Heredia, de la Asociaci\u00f3n Rociera Las Arenas, y Jos\u00e9 Mar\u00eda Pulido, miembro del CERCAT.<\/p>\n\n\n\n<figure class=\"wp-block-gallery has-nested-images columns-default is-cropped td-modal-on-gallery wp-block-gallery-3 is-layout-flex wp-block-gallery-is-layout-flex\">\n<figure class=\"wp-block-image size-large\"><img loading=\"lazy\" decoding=\"async\" width=\"1024\" height=\"768\" data-id=\"1989\" src=\"https:\/\/raicesandaluzas.com\/revista\/wp-content\/uploads\/2024\/06\/deliberacionjurado2401-1024x768.jpg\" alt=\"\" class=\"wp-image-1989\" srcset=\"https:\/\/raicesandaluzas.com\/revista\/wp-content\/uploads\/2024\/06\/deliberacionjurado2401-1024x768.jpg 1024w, https:\/\/raicesandaluzas.com\/revista\/wp-content\/uploads\/2024\/06\/deliberacionjurado2401-300x225.jpg 300w, https:\/\/raicesandaluzas.com\/revista\/wp-content\/uploads\/2024\/06\/deliberacionjurado2401-768x576.jpg 768w, https:\/\/raicesandaluzas.com\/revista\/wp-content\/uploads\/2024\/06\/deliberacionjurado2401-560x420.jpg 560w, https:\/\/raicesandaluzas.com\/revista\/wp-content\/uploads\/2024\/06\/deliberacionjurado2401-80x60.jpg 80w, https:\/\/raicesandaluzas.com\/revista\/wp-content\/uploads\/2024\/06\/deliberacionjurado2401-696x522.jpg 696w, https:\/\/raicesandaluzas.com\/revista\/wp-content\/uploads\/2024\/06\/deliberacionjurado2401-1068x801.jpg 1068w, https:\/\/raicesandaluzas.com\/revista\/wp-content\/uploads\/2024\/06\/deliberacionjurado2401.jpg 1200w\" sizes=\"auto, (max-width: 1024px) 100vw, 1024px\" \/><\/figure>\n\n\n\n<figure class=\"wp-block-image size-large\"><img loading=\"lazy\" decoding=\"async\" width=\"1024\" height=\"768\" data-id=\"1990\" src=\"https:\/\/raicesandaluzas.com\/revista\/wp-content\/uploads\/2024\/06\/deliberacionjurado2402-1024x768.jpg\" alt=\"\" class=\"wp-image-1990\" srcset=\"https:\/\/raicesandaluzas.com\/revista\/wp-content\/uploads\/2024\/06\/deliberacionjurado2402-1024x768.jpg 1024w, https:\/\/raicesandaluzas.com\/revista\/wp-content\/uploads\/2024\/06\/deliberacionjurado2402-300x225.jpg 300w, https:\/\/raicesandaluzas.com\/revista\/wp-content\/uploads\/2024\/06\/deliberacionjurado2402-768x576.jpg 768w, https:\/\/raicesandaluzas.com\/revista\/wp-content\/uploads\/2024\/06\/deliberacionjurado2402-560x420.jpg 560w, https:\/\/raicesandaluzas.com\/revista\/wp-content\/uploads\/2024\/06\/deliberacionjurado2402-80x60.jpg 80w, https:\/\/raicesandaluzas.com\/revista\/wp-content\/uploads\/2024\/06\/deliberacionjurado2402-696x522.jpg 696w, https:\/\/raicesandaluzas.com\/revista\/wp-content\/uploads\/2024\/06\/deliberacionjurado2402-1068x801.jpg 1068w, https:\/\/raicesandaluzas.com\/revista\/wp-content\/uploads\/2024\/06\/deliberacionjurado2402.jpg 1200w\" sizes=\"auto, (max-width: 1024px) 100vw, 1024px\" \/><\/figure>\n<figcaption class=\"blocks-gallery-caption wp-element-caption\">Dos momentos de la deliberaci\u00f3n del jurado del concurso de fotograf\u00eda rociera del CERCAT. 2024, que tuvo lugar en la sede de la Agrupaci\u00f3 Fotogr\u00e0fica de Sant Adri\u00e0 de Bes\u00f2s.<\/figcaption><\/figure>\n\n\n\n<p>Los premios se entregar\u00e1n el pr\u00f3ximo s\u00e1bado, 29 de junio, en los jardines del Museu d\u2019hist\u00f2ria de la immigraci\u00f3n de Catalunya (MhiC), en Sant Adri\u00e0 de Bes\u00f2s, a las 19 horas. Tras la entrega de premios se llevar\u00e1 a cabo la presentaci\u00f3n del libro \u201cRecetas de pasi\u00f3n y gloria\u201d, editado por el CERCAT en colaboraci\u00f3n con la Asociaci\u00f3n de Mujeres Cofrades de Barcelona, as\u00ed como la actuaci\u00f3n del d\u00fao Arrumbaz.<\/p>\n\n\n\n<div><a href=\"https:\/\/raicesandaluzas.com\/revista\/wp-content\/uploads\/2024\/06\/entregapremios2024-827x1024.jpg\" class=\"td-modal-image\"><figure class=\"wp-block-image size-large\"><img loading=\"lazy\" decoding=\"async\" width=\"827\" height=\"1024\" src=\"https:\/\/raicesandaluzas.com\/revista\/wp-content\/uploads\/2024\/06\/entregapremios2024-827x1024.jpg\" alt=\"\" class=\"wp-image-1988\" srcset=\"https:\/\/raicesandaluzas.com\/revista\/wp-content\/uploads\/2024\/06\/entregapremios2024-827x1024.jpg 827w, https:\/\/raicesandaluzas.com\/revista\/wp-content\/uploads\/2024\/06\/entregapremios2024-242x300.jpg 242w, https:\/\/raicesandaluzas.com\/revista\/wp-content\/uploads\/2024\/06\/entregapremios2024-768x951.jpg 768w, https:\/\/raicesandaluzas.com\/revista\/wp-content\/uploads\/2024\/06\/entregapremios2024-339x420.jpg 339w, https:\/\/raicesandaluzas.com\/revista\/wp-content\/uploads\/2024\/06\/entregapremios2024-324x400.jpg 324w, https:\/\/raicesandaluzas.com\/revista\/wp-content\/uploads\/2024\/06\/entregapremios2024-696x862.jpg 696w, https:\/\/raicesandaluzas.com\/revista\/wp-content\/uploads\/2024\/06\/entregapremios2024.jpg 969w\" sizes=\"auto, (max-width: 827px) 100vw, 827px\" \/><\/figure><\/a><\/div>\n","protected":false},"excerpt":{"rendered":"<p>Ayer, 18 de junio, se fallaron los premios del XVIII Concurso de Fotograf\u00eda del Centro de Estudios Rocieros y Cultura Andaluza en Catalu\u00f1a (CERCAT). Andreu Noguero, con su imagen \u201cA la presentaci\u00f3n\u201d fue el ganador del primer premio en la categor\u00eda \u201cRomer\u00eda del Roc\u00edo\u201d, dotado con 150 euros, diploma y medalla FCF. Juani Sandoval, con [&hellip;]<\/p>\n","protected":false},"author":1,"featured_media":1980,"comment_status":"closed","ping_status":"open","sticky":false,"template":"","format":"standard","meta":{"footnotes":""},"categories":[19,21],"tags":[],"class_list":{"0":"post-1978","1":"post","2":"type-post","3":"status-publish","4":"format-standard","5":"has-post-thumbnail","7":"category-actualidad","8":"category-raices-rocieras"},"_links":{"self":[{"href":"https:\/\/raicesandaluzas.com\/revista\/wp-json\/wp\/v2\/posts\/1978","targetHints":{"allow":["GET"]}}],"collection":[{"href":"https:\/\/raicesandaluzas.com\/revista\/wp-json\/wp\/v2\/posts"}],"about":[{"href":"https:\/\/raicesandaluzas.com\/revista\/wp-json\/wp\/v2\/types\/post"}],"author":[{"embeddable":true,"href":"https:\/\/raicesandaluzas.com\/revista\/wp-json\/wp\/v2\/users\/1"}],"replies":[{"embeddable":true,"href":"https:\/\/raicesandaluzas.com\/revista\/wp-json\/wp\/v2\/comments?post=1978"}],"version-history":[{"count":3,"href":"https:\/\/raicesandaluzas.com\/revista\/wp-json\/wp\/v2\/posts\/1978\/revisions"}],"predecessor-version":[{"id":2013,"href":"https:\/\/raicesandaluzas.com\/revista\/wp-json\/wp\/v2\/posts\/1978\/revisions\/2013"}],"wp:featuredmedia":[{"embeddable":true,"href":"https:\/\/raicesandaluzas.com\/revista\/wp-json\/wp\/v2\/media\/1980"}],"wp:attachment":[{"href":"https:\/\/raicesandaluzas.com\/revista\/wp-json\/wp\/v2\/media?parent=1978"}],"wp:term":[{"taxonomy":"category","embeddable":true,"href":"https:\/\/raicesandaluzas.com\/revista\/wp-json\/wp\/v2\/categories?post=1978"},{"taxonomy":"post_tag","embeddable":true,"href":"https:\/\/raicesandaluzas.com\/revista\/wp-json\/wp\/v2\/tags?post=1978"}],"curies":[{"name":"wp","href":"https:\/\/api.w.org\/{rel}","templated":true}]}}