{"id":1952,"date":"2024-06-05T11:48:49","date_gmt":"2024-06-05T11:48:49","guid":{"rendered":"https:\/\/raicesandaluzas.com\/revista\/?p=1952"},"modified":"2024-06-05T11:51:48","modified_gmt":"2024-06-05T11:51:48","slug":"la-sagrada-familia-acoge-la-presentacion-del-ii-congreso-internacional-de-hermandades-y-piedad-popular-la-sagrada-familia-acoge-la-presentacion-del","status":"publish","type":"post","link":"https:\/\/raicesandaluzas.com\/revista\/2024\/06\/05\/la-sagrada-familia-acoge-la-presentacion-del-ii-congreso-internacional-de-hermandades-y-piedad-popular-la-sagrada-familia-acoge-la-presentacion-del\/","title":{"rendered":"La Sagrada Familia acoge la presentaci\u00f3n del II Congreso Internacional de Hermandades y Piedad Popular\u00a0La Sagrada Familia acoge la presentaci\u00f3n del II\u00a0Congreso Internacional de Hermandades y Piedad Popular"},"content":{"rendered":"\n<p>El pasado 3 de junio, la Bas\u00edlica de la Sagrada Familia acogi\u00f3 el acto de presentaci\u00f3n del II\u00a0Congreso Internacional de Hermandades y Piedad Popular, que se celebrar\u00e1 en Sevilla del 4 al 8 de diciembre de este a\u00f1o.<\/p>\n\n\n\n<p>Esteve Camps, Presidente Delegado de la Junta Constructora de la Sagrada Fam\u00edlia, dio la bienvenida a los asistentes. A continuaci\u00f3n, el acto se inici\u00f3 con las intervenciones de Manuel Zamora Negrillo, director de\u00a0Secretariado Diocesano de Hermandades y Cofrad\u00edas de la Archidi\u00f3cesis de Barcelona; Juan Jos\u00e9 Morillas Rodr\u00edguez, miembro del comit\u00e9 organizador, y Joaqu\u00edn de la Pe\u00f1a Fern\u00e1ndez, secretario general del II Congreso Internacional de Hermandades y Piedad Popular.<\/p>\n\n\n\n<p>El II\u00a0Congreso Internacional de Hermandades y Piedad Popular, bajo el lema \u00abCaminando en esperanza\u00bb, reunir\u00e1 a cofrades de todo el mundo. El evento se celebrar\u00e1 justo 25 a\u00f1os despu\u00e9s del primero, que tambi\u00e9n acogi\u00f3 Sevilla en octubre de 1999. Adem\u00e1s de los actos del propio congreso, se planean desarrollar actividades culturales paralelas, como una exposici\u00f3n sobre los v\u00ednculos entre la piedad popular de Sevilla y la de Andaluc\u00eda, Espa\u00f1a y el resto del mundo. El d\u00eda de la clausura, el 8 de diciembre, tendr\u00e1 lugar una procesi\u00f3n por las calles de la capital hispalense con la participaci\u00f3n de las im\u00e1genes de Nuestro Padre Jes\u00fas del Gran Poder, Sant\u00edsimo Cristo de la Expiraci\u00f3n (Cachorro), Mar\u00eda Sant\u00edsima de la Esperanza Macarena, Nuestra Se\u00f1ora de la Esperanza de Triana, Nuestra Se\u00f1ora de Valme (Dos Hermanas), Nuestra Se\u00f1ora de Consolaci\u00f3n (Utrera), Nuestra Se\u00f1ora de Setefilla (Lora del R\u00edo) y la patrona de Sevilla y su Archidi\u00f3cesis, Nuestra Se\u00f1ora de los Reyes. <\/p>\n","protected":false},"excerpt":{"rendered":"<p>El pasado 3 de junio, la Bas\u00edlica de la Sagrada Familia acogi\u00f3 el acto de presentaci\u00f3n del II\u00a0Congreso Internacional de Hermandades y Piedad Popular, que se celebrar\u00e1 en Sevilla del 4 al 8 de diciembre de este a\u00f1o. Esteve Camps, Presidente Delegado de la Junta Constructora de la Sagrada Fam\u00edlia, dio la bienvenida a los [&hellip;]<\/p>\n","protected":false},"author":1,"featured_media":1953,"comment_status":"closed","ping_status":"open","sticky":false,"template":"","format":"standard","meta":{"footnotes":""},"categories":[19],"tags":[],"class_list":{"0":"post-1952","1":"post","2":"type-post","3":"status-publish","4":"format-standard","5":"has-post-thumbnail","7":"category-actualidad"},"_links":{"self":[{"href":"https:\/\/raicesandaluzas.com\/revista\/wp-json\/wp\/v2\/posts\/1952","targetHints":{"allow":["GET"]}}],"collection":[{"href":"https:\/\/raicesandaluzas.com\/revista\/wp-json\/wp\/v2\/posts"}],"about":[{"href":"https:\/\/raicesandaluzas.com\/revista\/wp-json\/wp\/v2\/types\/post"}],"author":[{"embeddable":true,"href":"https:\/\/raicesandaluzas.com\/revista\/wp-json\/wp\/v2\/users\/1"}],"replies":[{"embeddable":true,"href":"https:\/\/raicesandaluzas.com\/revista\/wp-json\/wp\/v2\/comments?post=1952"}],"version-history":[{"count":2,"href":"https:\/\/raicesandaluzas.com\/revista\/wp-json\/wp\/v2\/posts\/1952\/revisions"}],"predecessor-version":[{"id":1955,"href":"https:\/\/raicesandaluzas.com\/revista\/wp-json\/wp\/v2\/posts\/1952\/revisions\/1955"}],"wp:featuredmedia":[{"embeddable":true,"href":"https:\/\/raicesandaluzas.com\/revista\/wp-json\/wp\/v2\/media\/1953"}],"wp:attachment":[{"href":"https:\/\/raicesandaluzas.com\/revista\/wp-json\/wp\/v2\/media?parent=1952"}],"wp:term":[{"taxonomy":"category","embeddable":true,"href":"https:\/\/raicesandaluzas.com\/revista\/wp-json\/wp\/v2\/categories?post=1952"},{"taxonomy":"post_tag","embeddable":true,"href":"https:\/\/raicesandaluzas.com\/revista\/wp-json\/wp\/v2\/tags?post=1952"}],"curies":[{"name":"wp","href":"https:\/\/api.w.org\/{rel}","templated":true}]}}