{"id":1913,"date":"2024-05-28T09:07:53","date_gmt":"2024-05-28T09:07:53","guid":{"rendered":"https:\/\/raicesandaluzas.com\/revista\/?p=1913"},"modified":"2024-06-03T10:37:29","modified_gmt":"2024-06-03T10:37:29","slug":"la-aca-de-torello-celebra-este-fin-de-semana-su-romeria","status":"publish","type":"post","link":"https:\/\/raicesandaluzas.com\/revista\/2024\/05\/28\/la-aca-de-torello-celebra-este-fin-de-semana-su-romeria\/","title":{"rendered":"La ACA de Torell\u00f3 celebra este fin de semana su Romer\u00eda"},"content":{"rendered":"\n<p>La Asociaci\u00f3n Cultural Andaluza de Torell\u00f3 organiza este fin de semana su acto m\u00e1s destacado, su Romer\u00eda en honor a la Virgen del Roc\u00edo. Los actos comenzar\u00e1n el s\u00e1bado, 1 de junio, a las 19 horas, en el local de la entidad (c\/ Rocaprevera) con el preg\u00f3n de Romer\u00eda a cargo de Reme Yebra, Montse Ruiz y Paqui Gonz\u00e1lez, acompa\u00f1ado por los cantos a la Blanca Paloma a cargo del Coro Rociero de la ACAT y la guitarra de David Caro. A las 20 horas comenzar\u00e1n las actuaciones, que ir\u00e1n a cargo de la Asociaci\u00f3n Cultural Andaluza de Tona y Baleny\u00e0, la ACA Pe\u00f1a Flamenca de Manlleu, la Asociaci\u00f3n Cultural \u00abMi Tierra y el Sur\u00bb de Vic, Alegr\u00edas del Sur y sus flamenquill@s, los grupos de Baile Silvia, la Asociaci\u00f3n Cultural Andaluza de Torell\u00f3 y el Grupo de Baile ACAT \u201cEntre dos aguas\u201d y curso de sevillanas. A continuaci\u00f3n, se rezar\u00e1 el Rosario.<\/p>\n\n\n\n<p>Al d\u00eda siguiente, 2 de junio, los actos se trasladar\u00e1n a la zona polideportivo, donde se desayunar\u00e1 a las 8 de la ma\u00f1ana, y donde dar\u00e1 comienzo el Camino rociero con la Blanca Paloma hacia la parroquia del barrio de Montserrat. All\u00ed, a las 10 horas, se llevar\u00e1 a cabo la Misa rociera, cantada por el Coro Rociero de la Asociaci\u00f3n Cultural Andaluza de Torell\u00f3. Una vez concluida la misa, regreso al recinto de la Romer\u00eda donde la imagen de la Virgen del Roc\u00edo visitar\u00e1 a las entidades asistentes. A las 17 horas, actuar\u00e1 el grupo de cante, rumbas y sevillanas \u00abMenos es m\u00e1s\u00bb. Al acabar, los romeros acompa\u00f1ar\u00e1n a la Virgen hasta la sede de la ACAT.<\/p>\n","protected":false},"excerpt":{"rendered":"<p>La Asociaci\u00f3n Cultural Andaluza de Torell\u00f3 organiza este fin de semana su acto m\u00e1s destacado, su Romer\u00eda en honor a la Virgen del Roc\u00edo. Los actos comenzar\u00e1n el s\u00e1bado, 1 de junio, a las 19 horas, en el local de la entidad (c\/ Rocaprevera) con el preg\u00f3n de Romer\u00eda a cargo de Reme Yebra, Montse [&hellip;]<\/p>\n","protected":false},"author":1,"featured_media":1927,"comment_status":"closed","ping_status":"open","sticky":false,"template":"","format":"standard","meta":{"footnotes":""},"categories":[19,21],"tags":[],"class_list":{"0":"post-1913","1":"post","2":"type-post","3":"status-publish","4":"format-standard","5":"has-post-thumbnail","7":"category-actualidad","8":"category-raices-rocieras"},"_links":{"self":[{"href":"https:\/\/raicesandaluzas.com\/revista\/wp-json\/wp\/v2\/posts\/1913","targetHints":{"allow":["GET"]}}],"collection":[{"href":"https:\/\/raicesandaluzas.com\/revista\/wp-json\/wp\/v2\/posts"}],"about":[{"href":"https:\/\/raicesandaluzas.com\/revista\/wp-json\/wp\/v2\/types\/post"}],"author":[{"embeddable":true,"href":"https:\/\/raicesandaluzas.com\/revista\/wp-json\/wp\/v2\/users\/1"}],"replies":[{"embeddable":true,"href":"https:\/\/raicesandaluzas.com\/revista\/wp-json\/wp\/v2\/comments?post=1913"}],"version-history":[{"count":1,"href":"https:\/\/raicesandaluzas.com\/revista\/wp-json\/wp\/v2\/posts\/1913\/revisions"}],"predecessor-version":[{"id":1915,"href":"https:\/\/raicesandaluzas.com\/revista\/wp-json\/wp\/v2\/posts\/1913\/revisions\/1915"}],"wp:featuredmedia":[{"embeddable":true,"href":"https:\/\/raicesandaluzas.com\/revista\/wp-json\/wp\/v2\/media\/1927"}],"wp:attachment":[{"href":"https:\/\/raicesandaluzas.com\/revista\/wp-json\/wp\/v2\/media?parent=1913"}],"wp:term":[{"taxonomy":"category","embeddable":true,"href":"https:\/\/raicesandaluzas.com\/revista\/wp-json\/wp\/v2\/categories?post=1913"},{"taxonomy":"post_tag","embeddable":true,"href":"https:\/\/raicesandaluzas.com\/revista\/wp-json\/wp\/v2\/tags?post=1913"}],"curies":[{"name":"wp","href":"https:\/\/api.w.org\/{rel}","templated":true}]}}