{"id":1903,"date":"2024-05-19T08:45:28","date_gmt":"2024-05-19T08:45:28","guid":{"rendered":"https:\/\/raicesandaluzas.com\/revista\/?p=1903"},"modified":"2024-05-21T08:48:35","modified_gmt":"2024-05-21T08:48:35","slug":"la-51-edicion-de-la-romeria-del-rocio-celebra-su-misa-pontifical-el-rosario-de-la-aurora-y-la-procesion-de-la-virgen","status":"publish","type":"post","link":"https:\/\/raicesandaluzas.com\/revista\/2024\/05\/19\/la-51-edicion-de-la-romeria-del-rocio-celebra-su-misa-pontifical-el-rosario-de-la-aurora-y-la-procesion-de-la-virgen\/","title":{"rendered":"La 51 edici\u00f3n de la Romer\u00eda del Roc\u00edo celebra su Misa Pontifical, el Rosario de la Aurora y la Procesi\u00f3n de la Virgen"},"content":{"rendered":"\n<p>La 51\u00aa edici\u00f3n de la Romer\u00eda del Roc\u00edo de Catalu\u00f1a, organizada como es tradici\u00f3n por la Federaci\u00f3n de Entidades Culturales Andaluzas en Catalunya (FECAC), en Terrassa, ha celebrado este Domingo de Pentecost\u00e9s por la ma\u00f1ana la Misa Pontifical, el primero de los actos centrales del evento. Esta noche, a las 12, tendr\u00e1 lugar el Rosario de la Aurora, siempre espectacular y, posteriormente, a las tres de la madrugada se har\u00e1 la procesi\u00f3n de la Virgen, en un nuevo horario respecto a las anteriores ediciones, que responde a \u201cla necesidad de un cambio\u201d en el contexto de los actos de la Romer\u00eda del Roc\u00edo, seg\u00fan ha explicado el delegado de Culto de la FECAC, Sergio Medel. Por otra parte, ayer s\u00e1bado se celebr\u00f3 el habitual desfile de hermandades rocieras, que presentaron sus respetos a la Virgen, con sus simpecados, varas y otras ornamentaciones diversas. Este lunes, a las 9.30 horas de la ma\u00f1ana, se celebrar\u00e1 la Misa del Alba, cantada por la Hermandad Nuestra Se\u00f1ora del Roc\u00edo, de Santa Coloma de Gramenet.<\/p>\n\n\n\n<p>La Misa Pontifical ha sido oficiada por el obispo de Terrassa, monse\u00f1or Salvador Cristau Coll, que ha asegurado a los asistentes que \u201cla Virgen est\u00e1 contenta de estar con vosotros\u201d y posteriormente ha pasado la palabra al presidente de FECAC, Daniel Salinero, que ha hecho lectura del Credo. El coro de la Hermandad Nuestra Se\u00f1ora de Rub\u00ed ha puesto m\u00fasica y sentimiento a la celebraci\u00f3n y ha finalizado su contribuci\u00f3n entonando la \u201cSalve Rociera\u201d. Por su parte, las 23 hermandades que ayer mostraron sus simpecados y sus cantos dedicados a la Virgen hoy han desfilado de nuevo ante la imagen y, como tambi\u00e9n es tradicional, se han distribuido por la capilla habilitada para la celebraci\u00f3n de esta Romer\u00eda del Roc\u00edo en el recinto egarense de Can Petit. Entre las autoridades presentes, se encontraba el alcalde de Terrassa, Jordi Ballart.<\/p>\n\n\n\n<p><br><strong>\u201cDemostraci\u00f3n de veneraci\u00f3n, fe y amor\u201d a la Virgen<\/strong><br>Asimismo, las hermandades rocieras desfilaron a las seis de la tarde del s\u00e1bado por el \u00e1mbito sagrado para presentar sus respetos a la Virgen. Todas estuvieron encabezadas por sus presidentes y hermanos mayores. En esta edici\u00f3n, fueron las hermandades rocieras de Santa Coloma de Gramenet, los Romeros de Barcelona, Pineda de Mar, l\u2019Hospitalet de Llobregat, Rocieros de Carmona de l\u2019Hospitalet de Llobregat, Pastora Almonte\u00f1a de l\u2019Hospitalet, Virgen de la Rocina de Sant Adri\u00e0 del Bes\u00f3s, las Marismas, Cerdanyola del Vall\u00e8s, Los Varales, Matar\u00f3, Pastorcillo Divino de l\u2019Hospitalet, San Rafael Arc\u00e1ngel, Santo \u00c1ngel de Barcelona, Rub\u00ed, Bad\u00eda del Vall\u00e8s, la Blanca Paloma de Ma\u00e7anet, Divina Pastora de Matar\u00f3, Pastora del Alba de Sant Adri\u00e0 del Bes\u00f3s, Terrassa, La Pau, Badalona y Santa Mar\u00eda de Las Arenas de Terrassa.<\/p>\n\n\n\n<div><a href=\"https:\/\/raicesandaluzas.com\/revista\/wp-content\/uploads\/2024\/05\/rocioFECAC01-1024x768.jpg\" class=\"td-modal-image\"><figure class=\"wp-block-image size-large\"><img loading=\"lazy\" decoding=\"async\" width=\"1024\" height=\"768\" src=\"https:\/\/raicesandaluzas.com\/revista\/wp-content\/uploads\/2024\/05\/rocioFECAC01-1024x768.jpg\" alt=\"\" class=\"wp-image-1904\" srcset=\"https:\/\/raicesandaluzas.com\/revista\/wp-content\/uploads\/2024\/05\/rocioFECAC01-1024x768.jpg 1024w, https:\/\/raicesandaluzas.com\/revista\/wp-content\/uploads\/2024\/05\/rocioFECAC01-300x225.jpg 300w, https:\/\/raicesandaluzas.com\/revista\/wp-content\/uploads\/2024\/05\/rocioFECAC01-768x576.jpg 768w, https:\/\/raicesandaluzas.com\/revista\/wp-content\/uploads\/2024\/05\/rocioFECAC01-560x420.jpg 560w, https:\/\/raicesandaluzas.com\/revista\/wp-content\/uploads\/2024\/05\/rocioFECAC01-80x60.jpg 80w, https:\/\/raicesandaluzas.com\/revista\/wp-content\/uploads\/2024\/05\/rocioFECAC01-696x522.jpg 696w, https:\/\/raicesandaluzas.com\/revista\/wp-content\/uploads\/2024\/05\/rocioFECAC01-1068x801.jpg 1068w, https:\/\/raicesandaluzas.com\/revista\/wp-content\/uploads\/2024\/05\/rocioFECAC01.jpg 1200w\" sizes=\"auto, (max-width: 1024px) 100vw, 1024px\" \/><\/figure><\/a><\/div>\n\n\n\n<p>El rector de la iglesia de Sant Mart\u00ed, de Cerdanyola, mos\u00e9n Juan Carlos Montserrat; Daniel Salinero, presidente de la FECAC, y otras autoridades -entre las cuales estaban el delegado del gobierno en Catalu\u00f1a, Carlos Prieto, y el secretario general de Acci\u00f3n Exterior, Uni\u00f3n Europea y Cooperaci\u00f3n de la Junta de Andaluc\u00eda, Enric Millo- recibieron a los romeros. La encargada de anunciar las hermandades fue Rosana Rodr\u00edguez, de la Comisi\u00f3n del Roc\u00edo de FECAC, que dijo de ellas que suponen una \u201cdemostraci\u00f3n de veneraci\u00f3n, fe y amor\u201d.<br>Entre este s\u00e1bado y domingo, adem\u00e1s de los pol\u00edticos citados anteriormente visitaron el recinto de Can Petit, entre otros, el candidato a la investidura como presidente de la Generalitat por el PSC, Salvador Illa, el exdiputado de la misma formaci\u00f3n Josep Maria Sala y la alcaldesa de Mollet del Vall\u00e8s, Mireia Dionisio.<\/p>\n\n\n\n<p><br><strong>Esta noche, Rosario de la Aurora y procesi\u00f3n<\/strong><br>A las 12 de la noche de hoy se celebrar\u00e1 el tradicional Rosario de la Aurora, con todo el recinto apagado y la \u00fanica lumbre que ofrecen las antorchas y velas de los romeros que, encabezados por sus simpecados, desfilar\u00e1n ante el altar. El rezo de las diversas estaciones del rosario correr\u00e1 a cargo del mos\u00e9n Juan Carlos Montserrat e ir\u00e1 acompa\u00f1ado por el coro de la Hermandad Nuestra Se\u00f1ora del Roc\u00edo Pastora Almonte\u00f1a de l\u2019Hospitalet de Llobregat.<br>A las tres de la madrugada, ya lunes, se realizar\u00e1 la procesi\u00f3n de la Virgen, durante la cual visitar\u00e1 todas y cada una de las hermandades.<br>Finalmente, a las nueve y media de la ma\u00f1ana de este lunes d\u00eda 20 tendr\u00e1 lugar la misa del Alba cantada por el coro de la Hermandad Nuestra Se\u00f1ora del Roc\u00edo de Santa Coloma de Gramenet.<br>Los actos se iniciaron el pasado jueves a las siete de la tarde con una misa en la iglesia de Sant<br>Mart\u00ed, de Cerdanyola del Vall\u00e8s, oficiada por su rector, mos\u00e9n Juan Carlos Montserrat, a la que sigui\u00f3 el traslado de la imagen de la Virgen del Roc\u00edo hasta la capilla del recinto de Can Petit, adonde lleg\u00f3 al anochecer.<\/p>\n\n\n\n<p><\/p>\n","protected":false},"excerpt":{"rendered":"<p>La 51\u00aa edici\u00f3n de la Romer\u00eda del Roc\u00edo de Catalu\u00f1a, organizada como es tradici\u00f3n por la Federaci\u00f3n de Entidades Culturales Andaluzas en Catalunya (FECAC), en Terrassa, ha celebrado este Domingo de Pentecost\u00e9s por la ma\u00f1ana la Misa Pontifical, el primero de los actos centrales del evento. Esta noche, a las 12, tendr\u00e1 lugar el Rosario [&hellip;]<\/p>\n","protected":false},"author":2,"featured_media":1905,"comment_status":"open","ping_status":"open","sticky":false,"template":"","format":"standard","meta":{"footnotes":""},"categories":[19,21],"tags":[],"class_list":{"0":"post-1903","1":"post","2":"type-post","3":"status-publish","4":"format-standard","5":"has-post-thumbnail","7":"category-actualidad","8":"category-raices-rocieras"},"_links":{"self":[{"href":"https:\/\/raicesandaluzas.com\/revista\/wp-json\/wp\/v2\/posts\/1903","targetHints":{"allow":["GET"]}}],"collection":[{"href":"https:\/\/raicesandaluzas.com\/revista\/wp-json\/wp\/v2\/posts"}],"about":[{"href":"https:\/\/raicesandaluzas.com\/revista\/wp-json\/wp\/v2\/types\/post"}],"author":[{"embeddable":true,"href":"https:\/\/raicesandaluzas.com\/revista\/wp-json\/wp\/v2\/users\/2"}],"replies":[{"embeddable":true,"href":"https:\/\/raicesandaluzas.com\/revista\/wp-json\/wp\/v2\/comments?post=1903"}],"version-history":[{"count":1,"href":"https:\/\/raicesandaluzas.com\/revista\/wp-json\/wp\/v2\/posts\/1903\/revisions"}],"predecessor-version":[{"id":1906,"href":"https:\/\/raicesandaluzas.com\/revista\/wp-json\/wp\/v2\/posts\/1903\/revisions\/1906"}],"wp:featuredmedia":[{"embeddable":true,"href":"https:\/\/raicesandaluzas.com\/revista\/wp-json\/wp\/v2\/media\/1905"}],"wp:attachment":[{"href":"https:\/\/raicesandaluzas.com\/revista\/wp-json\/wp\/v2\/media?parent=1903"}],"wp:term":[{"taxonomy":"category","embeddable":true,"href":"https:\/\/raicesandaluzas.com\/revista\/wp-json\/wp\/v2\/categories?post=1903"},{"taxonomy":"post_tag","embeddable":true,"href":"https:\/\/raicesandaluzas.com\/revista\/wp-json\/wp\/v2\/tags?post=1903"}],"curies":[{"name":"wp","href":"https:\/\/api.w.org\/{rel}","templated":true}]}}