{"id":1896,"date":"2024-05-16T08:31:00","date_gmt":"2024-05-16T08:31:00","guid":{"rendered":"https:\/\/raicesandaluzas.com\/revista\/?p=1896"},"modified":"2024-05-16T08:31:01","modified_gmt":"2024-05-16T08:31:01","slug":"comienza-la-51-romeria-del-rocio-en-catalunya","status":"publish","type":"post","link":"https:\/\/raicesandaluzas.com\/revista\/2024\/05\/16\/comienza-la-51-romeria-del-rocio-en-catalunya\/","title":{"rendered":"Comienza la 51 Romer\u00eda del Roc\u00edo en Catalunya"},"content":{"rendered":"\n<p>Los rocieros y rocieras catalanes ya lo tienen todo preparado para la Romer\u00eda del Roc\u00edo que organiza la Federaci\u00f3n de Entidades Culturales Andaluzas en Catalunya (FECAC), que se celebrar\u00e1 desde hoy, 16 de mayo, hasta el pr\u00f3ximo lunes, 20 de mayo, Lunes de Pentecost\u00e9s. Los actos se iniciar\u00e1n esta tarde a las siete con una misa en la iglesia de Sant Mart\u00ed de Cerdanyola, donde tiene su casa todo el a\u00f1o la imagen de la Virgen del Roc\u00edo. Tras la ceremonia, se proceder\u00e1 al traslado de la Virgen al recinto de la Romer\u00eda, en Can Petit, Terrassa. Durante el viernes y el s\u00e1bado las hermandades rocieras realizar\u00e1n sus caminos para llegar ante la Reina de las Marismas. A las seis de la tarde del s\u00e1bado 18 de mayo ir\u00e1n pasando una a una ante la imagen en la capilla para presentar sus respetos con su Simpecado. El domingo al mediod\u00eda tendr\u00e1 lugar la Misa de Romeros, y a medianoche, el Rosario. La Romer\u00eda del Roc\u00edo concluir\u00e1 el Lunes de Pentecost\u00e9s con la Misa del Alba y la procesi\u00f3n de la Virgen del Roc\u00edo por el recinto para despedirse de todas las hermandades.<br>En la edici\u00f3n de este a\u00f1o habr\u00e1 dos novedades en la programaci\u00f3n de actos. Una le hace especial ilusi\u00f3n a Sergio Medel, responsable, junto a Jos\u00e9 Miguel \u00c1ngel, de la Romer\u00eda del Roc\u00edo de FECAC. Por primera vez, la Virgen del Roc\u00edo saldr\u00e1 de procesi\u00f3n de madrugada, y no despu\u00e9s de la Misa del Alba como se ven\u00eda haciendo hasta ahora. \u201cCreo que el Roc\u00edo en Catalunya, como todo en la vida, tiene que avanzar. Hay mucha gente que despu\u00e9s del Rosario se va y tenemos que darle un poco m\u00e1s de fuerza al domingo, y creo que saliendo la Virgen de madrugada le damos la fuerza necesaria para mantener lo que somos\u201d.<\/p>\n\n\n\n<div><a href=\"https:\/\/raicesandaluzas.com\/revista\/wp-content\/uploads\/2024\/05\/virgenRocio2023-1024x681.jpg\" class=\"td-modal-image\"><figure class=\"wp-block-image size-large\"><img loading=\"lazy\" decoding=\"async\" width=\"1024\" height=\"681\" src=\"https:\/\/raicesandaluzas.com\/revista\/wp-content\/uploads\/2024\/05\/virgenRocio2023-1024x681.jpg\" alt=\"\" class=\"wp-image-1899\" srcset=\"https:\/\/raicesandaluzas.com\/revista\/wp-content\/uploads\/2024\/05\/virgenRocio2023-1024x681.jpg 1024w, https:\/\/raicesandaluzas.com\/revista\/wp-content\/uploads\/2024\/05\/virgenRocio2023-300x200.jpg 300w, https:\/\/raicesandaluzas.com\/revista\/wp-content\/uploads\/2024\/05\/virgenRocio2023-768x511.jpg 768w, https:\/\/raicesandaluzas.com\/revista\/wp-content\/uploads\/2024\/05\/virgenRocio2023-632x420.jpg 632w, https:\/\/raicesandaluzas.com\/revista\/wp-content\/uploads\/2024\/05\/virgenRocio2023-696x463.jpg 696w, https:\/\/raicesandaluzas.com\/revista\/wp-content\/uploads\/2024\/05\/virgenRocio2023-1068x710.jpg 1068w, https:\/\/raicesandaluzas.com\/revista\/wp-content\/uploads\/2024\/05\/virgenRocio2023.jpg 1200w\" sizes=\"auto, (max-width: 1024px) 100vw, 1024px\" \/><\/figure><\/a><\/div>\n\n\n\n<p><br>No hay una hora en concreto, pero ser\u00e1 entre las 3 y las 4 de la madrugada. \u201cEs algo que siempre lo hemos tenido en mente. Esos nervios por sacar a la Virgen por la noche, creo que va a ser s\u00faper bonito\u201d, comenta Sergio, quien reconoce que las novedades por un lado asustan un poco, pero por el otro provocan muchas m\u00e1s ganas y expectaci\u00f3n. \u201cEste a\u00f1o ya se me ha acercado mucha gente para comentarme este cambio. Nosotros, m\u00e1s mucho que poco, hacemos lo que se hace en Almonte. Empez\u00f3 el Roc\u00edo aqu\u00ed gracias a personas que echaban de menos aquello, amold\u00e1ndonos a nuestra situaci\u00f3n, que es muy diferente. Pero lo que s\u00ed es cierto es que las hermandades rocieras en Catalunya han evolucionado mucho, trabajan m\u00e1s en sus barrios y ciudades en temas sociales, las juntas son m\u00e1s profesionales. Y esa profesionalidad hace que todo siga avanzando hacia mejor\u201d.<br>Tras la procesi\u00f3n, la imagen de la Virgen del Roc\u00edo volver\u00e1 a la ermita para presidir la Misa del Alba que ser\u00e1 el \u00faltimo acto de la Romer\u00eda 2024 en torno a las 8 de la ma\u00f1ana.<br>No acaban aqu\u00ed las novedades de la Romer\u00eda del Roc\u00edo. Tambi\u00e9n por primera vez se llevar\u00e1 a cabo un acto que en la Romer\u00eda de Almonte se realiza cada a\u00f1o y que en la de Catalunya no se ha hecho nunca. Durante la Misa de Romeros, se llevar\u00e1 a cabo la denominada \u201cRenovaci\u00f3n de fe\u201d. El obispo de Terrassa, Salvador Cristau, sostendr\u00e1 el libro de reglas del Roc\u00edo y los presidentes y Hermanos Mayor de todas las hermandades ir\u00e1n pasando por orden de antig\u00fcedad para jurar ante el libro. \u201cEs parecido a cuando las hermandades juran ante sus estatutos can\u00f3nicos. Se hace siempre en la Misa pontifical de Almonte pero aqu\u00ed no lo hab\u00edamos hecho nunca. Es una manera de dejar claro que t\u00fa vienes aqu\u00ed por fe, por devoci\u00f3n a la Virgen del Roc\u00edo, y no a pasar el d\u00eda. Es algo que se deber\u00eda haber hecho hace tiempo, e incluso las juntas directivas de las hermandades lo deber\u00edan hacer una vez al a\u00f1o en alg\u00fan acto con respecto a su hermandad\u201d, nos explica Sergio Medel.<\/p>\n\n\n\n<p><strong>Programaci\u00f3n de actos de la 51 Romer\u00eda del Roc\u00edo en Catalunya 2024:<\/strong><\/p>\n\n\n\n<figure class=\"wp-block-gallery has-nested-images columns-default is-cropped td-modal-on-gallery wp-block-gallery-1 is-layout-flex wp-block-gallery-is-layout-flex\">\n<figure class=\"wp-block-image size-large\"><img loading=\"lazy\" decoding=\"async\" width=\"724\" height=\"1024\" data-id=\"1897\" src=\"https:\/\/raicesandaluzas.com\/revista\/wp-content\/uploads\/2024\/05\/actosRocio2024_02-724x1024.jpg\" alt=\"\" class=\"wp-image-1897\" srcset=\"https:\/\/raicesandaluzas.com\/revista\/wp-content\/uploads\/2024\/05\/actosRocio2024_02-724x1024.jpg 724w, https:\/\/raicesandaluzas.com\/revista\/wp-content\/uploads\/2024\/05\/actosRocio2024_02-212x300.jpg 212w, https:\/\/raicesandaluzas.com\/revista\/wp-content\/uploads\/2024\/05\/actosRocio2024_02-768x1087.jpg 768w, https:\/\/raicesandaluzas.com\/revista\/wp-content\/uploads\/2024\/05\/actosRocio2024_02-297x420.jpg 297w, https:\/\/raicesandaluzas.com\/revista\/wp-content\/uploads\/2024\/05\/actosRocio2024_02-696x985.jpg 696w, https:\/\/raicesandaluzas.com\/revista\/wp-content\/uploads\/2024\/05\/actosRocio2024_02.jpg 848w\" sizes=\"auto, (max-width: 724px) 100vw, 724px\" \/><\/figure>\n\n\n\n<figure class=\"wp-block-image size-large\"><img loading=\"lazy\" decoding=\"async\" width=\"724\" height=\"1024\" data-id=\"1898\" src=\"https:\/\/raicesandaluzas.com\/revista\/wp-content\/uploads\/2024\/05\/actosRocio2024_01-724x1024.jpg\" alt=\"\" class=\"wp-image-1898\" srcset=\"https:\/\/raicesandaluzas.com\/revista\/wp-content\/uploads\/2024\/05\/actosRocio2024_01-724x1024.jpg 724w, https:\/\/raicesandaluzas.com\/revista\/wp-content\/uploads\/2024\/05\/actosRocio2024_01-212x300.jpg 212w, https:\/\/raicesandaluzas.com\/revista\/wp-content\/uploads\/2024\/05\/actosRocio2024_01-768x1087.jpg 768w, https:\/\/raicesandaluzas.com\/revista\/wp-content\/uploads\/2024\/05\/actosRocio2024_01-297x420.jpg 297w, https:\/\/raicesandaluzas.com\/revista\/wp-content\/uploads\/2024\/05\/actosRocio2024_01-696x985.jpg 696w, https:\/\/raicesandaluzas.com\/revista\/wp-content\/uploads\/2024\/05\/actosRocio2024_01.jpg 848w\" sizes=\"auto, (max-width: 724px) 100vw, 724px\" \/><\/figure>\n<\/figure>\n","protected":false},"excerpt":{"rendered":"<p>Los rocieros y rocieras catalanes ya lo tienen todo preparado para la Romer\u00eda del Roc\u00edo que organiza la Federaci\u00f3n de Entidades Culturales Andaluzas en Catalunya (FECAC), que se celebrar\u00e1 desde hoy, 16 de mayo, hasta el pr\u00f3ximo lunes, 20 de mayo, Lunes de Pentecost\u00e9s. Los actos se iniciar\u00e1n esta tarde a las siete con una [&hellip;]<\/p>\n","protected":false},"author":1,"featured_media":1900,"comment_status":"open","ping_status":"open","sticky":false,"template":"","format":"standard","meta":{"footnotes":""},"categories":[19,21],"tags":[],"class_list":{"0":"post-1896","1":"post","2":"type-post","3":"status-publish","4":"format-standard","5":"has-post-thumbnail","7":"category-actualidad","8":"category-raices-rocieras"},"_links":{"self":[{"href":"https:\/\/raicesandaluzas.com\/revista\/wp-json\/wp\/v2\/posts\/1896","targetHints":{"allow":["GET"]}}],"collection":[{"href":"https:\/\/raicesandaluzas.com\/revista\/wp-json\/wp\/v2\/posts"}],"about":[{"href":"https:\/\/raicesandaluzas.com\/revista\/wp-json\/wp\/v2\/types\/post"}],"author":[{"embeddable":true,"href":"https:\/\/raicesandaluzas.com\/revista\/wp-json\/wp\/v2\/users\/1"}],"replies":[{"embeddable":true,"href":"https:\/\/raicesandaluzas.com\/revista\/wp-json\/wp\/v2\/comments?post=1896"}],"version-history":[{"count":1,"href":"https:\/\/raicesandaluzas.com\/revista\/wp-json\/wp\/v2\/posts\/1896\/revisions"}],"predecessor-version":[{"id":1901,"href":"https:\/\/raicesandaluzas.com\/revista\/wp-json\/wp\/v2\/posts\/1896\/revisions\/1901"}],"wp:featuredmedia":[{"embeddable":true,"href":"https:\/\/raicesandaluzas.com\/revista\/wp-json\/wp\/v2\/media\/1900"}],"wp:attachment":[{"href":"https:\/\/raicesandaluzas.com\/revista\/wp-json\/wp\/v2\/media?parent=1896"}],"wp:term":[{"taxonomy":"category","embeddable":true,"href":"https:\/\/raicesandaluzas.com\/revista\/wp-json\/wp\/v2\/categories?post=1896"},{"taxonomy":"post_tag","embeddable":true,"href":"https:\/\/raicesandaluzas.com\/revista\/wp-json\/wp\/v2\/tags?post=1896"}],"curies":[{"name":"wp","href":"https:\/\/api.w.org\/{rel}","templated":true}]}}