{"id":1885,"date":"2024-05-01T13:00:00","date_gmt":"2024-05-01T13:00:00","guid":{"rendered":"https:\/\/raicesandaluzas.com\/revista\/?p=1885"},"modified":"2024-04-30T18:06:41","modified_gmt":"2024-04-30T18:06:41","slug":"especial-raices-andaluzas-feria-de-abril-2024","status":"publish","type":"post","link":"https:\/\/raicesandaluzas.com\/revista\/2024\/05\/01\/especial-raices-andaluzas-feria-de-abril-2024\/","title":{"rendered":"ESPECIAL RA\u00cdCES ANDALUZAS FERIA DE ABRIL 2024"},"content":{"rendered":"\n<p>Ya puede consultarse online nuestro n\u00famero especial dedicado a la Feria de Abril de Catalunya 2024 con entrevistas, reportajes y una selecci\u00f3n de las mejores im\u00e1genes de los primeros d\u00edas de celebraci\u00f3n. En papel podr\u00e1n disfrutarlo en el Real de la Feria.<\/p>\n\n\n\n<p><\/p>\n\n\n<a href=\"https:\/\/raicesandaluzas.com\/revista\/wp-content\/uploads\/2024\/05\/Raices127baja.pdf\" class=\"pdfemb-viewer\" style=\"\" data-width=\"max\" data-height=\"max\" data-toolbar=\"bottom\" data-toolbar-fixed=\"on\">Raices127baja<\/a>","protected":false},"excerpt":{"rendered":"<p>Ya puede consultarse online nuestro n\u00famero especial dedicado a la Feria de Abril de Catalunya 2024 con entrevistas, reportajes y una selecci\u00f3n de las mejores im\u00e1genes de los primeros d\u00edas de celebraci\u00f3n. En papel podr\u00e1n disfrutarlo en el Real de la Feria.<\/p>\n","protected":false},"author":1,"featured_media":1889,"comment_status":"open","ping_status":"open","sticky":false,"template":"","format":"standard","meta":{"footnotes":""},"categories":[19,23],"tags":[],"class_list":{"0":"post-1885","1":"post","2":"type-post","3":"status-publish","4":"format-standard","5":"has-post-thumbnail","7":"category-actualidad","8":"category-edicion-impresa"},"_links":{"self":[{"href":"https:\/\/raicesandaluzas.com\/revista\/wp-json\/wp\/v2\/posts\/1885","targetHints":{"allow":["GET"]}}],"collection":[{"href":"https:\/\/raicesandaluzas.com\/revista\/wp-json\/wp\/v2\/posts"}],"about":[{"href":"https:\/\/raicesandaluzas.com\/revista\/wp-json\/wp\/v2\/types\/post"}],"author":[{"embeddable":true,"href":"https:\/\/raicesandaluzas.com\/revista\/wp-json\/wp\/v2\/users\/1"}],"replies":[{"embeddable":true,"href":"https:\/\/raicesandaluzas.com\/revista\/wp-json\/wp\/v2\/comments?post=1885"}],"version-history":[{"count":2,"href":"https:\/\/raicesandaluzas.com\/revista\/wp-json\/wp\/v2\/posts\/1885\/revisions"}],"predecessor-version":[{"id":1890,"href":"https:\/\/raicesandaluzas.com\/revista\/wp-json\/wp\/v2\/posts\/1885\/revisions\/1890"}],"wp:featuredmedia":[{"embeddable":true,"href":"https:\/\/raicesandaluzas.com\/revista\/wp-json\/wp\/v2\/media\/1889"}],"wp:attachment":[{"href":"https:\/\/raicesandaluzas.com\/revista\/wp-json\/wp\/v2\/media?parent=1885"}],"wp:term":[{"taxonomy":"category","embeddable":true,"href":"https:\/\/raicesandaluzas.com\/revista\/wp-json\/wp\/v2\/categories?post=1885"},{"taxonomy":"post_tag","embeddable":true,"href":"https:\/\/raicesandaluzas.com\/revista\/wp-json\/wp\/v2\/tags?post=1885"}],"curies":[{"name":"wp","href":"https:\/\/api.w.org\/{rel}","templated":true}]}}