{"id":1882,"date":"2024-04-30T11:03:38","date_gmt":"2024-04-30T11:03:38","guid":{"rendered":"https:\/\/raicesandaluzas.com\/revista\/?p=1882"},"modified":"2024-04-30T11:03:39","modified_gmt":"2024-04-30T11:03:39","slug":"la-feria-de-abril-encaja-perfectamente-en-el-modelo-de-cultura-catalana","status":"publish","type":"post","link":"https:\/\/raicesandaluzas.com\/revista\/2024\/04\/30\/la-feria-de-abril-encaja-perfectamente-en-el-modelo-de-cultura-catalana\/","title":{"rendered":"\u00abLa Feria de Abril encaja perfectamente en el modelo de cultura catalana\u00bb"},"content":{"rendered":"\n<p><strong>Entrevista con Alejandro Fern\u00e1ndez, candidato del PP a la Generalitat de Catalunya<\/strong><\/p>\n\n\n\n<p><strong><span style=\"background-color:#b5dcaf\" class=\"td_text_highlight_marker\">RA\u00cdCES ANDALUZAS. Abril y principios de mayo es sin\u00f3nimo de feria. \u00bfQu\u00e9 cree perder\u00eda Catalu\u00f1a si este evento desapareciera del calendario?<br>ALEJANDRO FERN\u00c4NDEZ.<\/span><\/strong> Pues un elemento esencial de convivencia de la Catalu\u00f1a real, que es una Catalu\u00f1a de muchas culturas que en muchos temas es mestiza, y evidentemente para nosotros ser\u00eda muy mala noticia. Nosotros, desde el Partido Popular trabajaremos siempre para que esta feria se celebre en Catalu\u00f1a.<br><strong><span style=\"background-color:#b5dcaf\" class=\"td_text_highlight_marker\">R.A. \u00bfQu\u00e9 imagen cree que se transmite de Catalu\u00f1a en un evento como este?<br>A.F.<\/span><\/strong> Pues la de una Catalu\u00f1a plural, la de la Catalu\u00f1a real, y es por esta raz\u00f3n por la que tenemos que defenderla.<br><strong><span style=\"background-color:#b5dcaf\" class=\"td_text_highlight_marker\">R.A. Para muchos catalanes la Feria de Abril es algo muy ajeno a su manera de ver su cultura y la vida. \u00bfConsidera que la Feria es el reflejo de la Catalu\u00f1a de hoy en d\u00eda?<br>A.F. <\/span><\/strong>Yo creo que s\u00ed. Y adem\u00e1s quien tenga una visi\u00f3n tan esencialista de considerar que solo un tipo de tradici\u00f3n forma parte de la vida catalana es que no conoce realmente Catalu\u00f1a y, la Catalu\u00f1a que tiene en la cabeza pues a lo mejor ser\u00eda la de hace 300 a\u00f1os. Hoy la Feria de Abril encaja perfectamente en el modelo de cultura catalana.<br><strong><span style=\"background-color:#b5dcaf\" class=\"td_text_highlight_marker\">R.A. La feria de Abril de Catalu\u00f1a celebr\u00f3 el a\u00f1o pasado su edici\u00f3n n\u00famero 50 con notable \u00e9xito en cuanto al n\u00famero de asistentes. \u00bfPiensa que la feria deber\u00eda seguir creciendo o, eso har\u00eda que perdiera parte de su idiosincrasia?<br>A.F.<\/span><\/strong> Lo que sus organizadores decidan. Mi obligaci\u00f3n como pol\u00edtico es defender lo que sus organizadores propongan y el crecimiento de feria que ellos propongan.<br><strong><span style=\"background-color:#b5dcaf\" class=\"td_text_highlight_marker\">R.A. Para acabar, en esta feria de abril volvemos a estar en periodo electoral y el real ser\u00e1 un gran escaparate para los pol\u00edticos. \u00bfConsidera que es un buen lugar para captar las inquietudes de la ciudadan\u00eda?<br>A.F.<\/span><\/strong> S\u00ed, pero yo nunca he ido a la feria de abril solo porque hubiera elecciones, otros a\u00f1os que no ha habido elecciones tambi\u00e9n he ido. Creo que es evidente el pol\u00edtico que solo aparece por ah\u00ed solo en campa\u00f1a electoral porque se le nota mucho que no sabe ni donde est\u00e1.n<\/p>\n","protected":false},"excerpt":{"rendered":"<p>Entrevista con Alejandro Fern\u00e1ndez, candidato del PP a la Generalitat de Catalunya RA\u00cdCES ANDALUZAS. Abril y principios de mayo es sin\u00f3nimo de feria. \u00bfQu\u00e9 cree perder\u00eda Catalu\u00f1a si este evento desapareciera del calendario?ALEJANDRO FERN\u00c4NDEZ. Pues un elemento esencial de convivencia de la Catalu\u00f1a real, que es una Catalu\u00f1a de muchas culturas que en muchos temas [&hellip;]<\/p>\n","protected":false},"author":1,"featured_media":1883,"comment_status":"open","ping_status":"open","sticky":false,"template":"","format":"standard","meta":{"footnotes":""},"categories":[20],"tags":[],"class_list":{"0":"post-1882","1":"post","2":"type-post","3":"status-publish","4":"format-standard","5":"has-post-thumbnail","7":"category-entrevistas"},"_links":{"self":[{"href":"https:\/\/raicesandaluzas.com\/revista\/wp-json\/wp\/v2\/posts\/1882","targetHints":{"allow":["GET"]}}],"collection":[{"href":"https:\/\/raicesandaluzas.com\/revista\/wp-json\/wp\/v2\/posts"}],"about":[{"href":"https:\/\/raicesandaluzas.com\/revista\/wp-json\/wp\/v2\/types\/post"}],"author":[{"embeddable":true,"href":"https:\/\/raicesandaluzas.com\/revista\/wp-json\/wp\/v2\/users\/1"}],"replies":[{"embeddable":true,"href":"https:\/\/raicesandaluzas.com\/revista\/wp-json\/wp\/v2\/comments?post=1882"}],"version-history":[{"count":1,"href":"https:\/\/raicesandaluzas.com\/revista\/wp-json\/wp\/v2\/posts\/1882\/revisions"}],"predecessor-version":[{"id":1884,"href":"https:\/\/raicesandaluzas.com\/revista\/wp-json\/wp\/v2\/posts\/1882\/revisions\/1884"}],"wp:featuredmedia":[{"embeddable":true,"href":"https:\/\/raicesandaluzas.com\/revista\/wp-json\/wp\/v2\/media\/1883"}],"wp:attachment":[{"href":"https:\/\/raicesandaluzas.com\/revista\/wp-json\/wp\/v2\/media?parent=1882"}],"wp:term":[{"taxonomy":"category","embeddable":true,"href":"https:\/\/raicesandaluzas.com\/revista\/wp-json\/wp\/v2\/categories?post=1882"},{"taxonomy":"post_tag","embeddable":true,"href":"https:\/\/raicesandaluzas.com\/revista\/wp-json\/wp\/v2\/tags?post=1882"}],"curies":[{"name":"wp","href":"https:\/\/api.w.org\/{rel}","templated":true}]}}