{"id":1879,"date":"2024-04-29T16:40:43","date_gmt":"2024-04-29T16:40:43","guid":{"rendered":"https:\/\/raicesandaluzas.com\/revista\/?p=1879"},"modified":"2024-04-29T16:40:43","modified_gmt":"2024-04-29T16:40:43","slug":"la-feria-de-abril-representa-la-diversitat-i-la-pluralitat-de-la-societat-catalana","status":"publish","type":"post","link":"https:\/\/raicesandaluzas.com\/revista\/2024\/04\/29\/la-feria-de-abril-representa-la-diversitat-i-la-pluralitat-de-la-societat-catalana\/","title":{"rendered":"\u00abLa Feria de Abril representa la diversitat i la pluralitat de la societat catalana\u00bb"},"content":{"rendered":"\n<p><strong>Entrevista con Pere Aragon\u00e8s, President de la Generalitat<\/strong><\/p>\n\n\n\n<p><strong><span style=\"background-color:#b5dcaf\" class=\"td_text_highlight_marker\">RA\u00cdCES ANDALUZAS. Abril y principios de mayo es sin\u00f3nimo de Feria. \u00bfQu\u00e9 cree que perder\u00eda Catalunya si por alg\u00fan motivo este evento desapareciera del calendario?<\/span><\/strong><\/p>\n\n\n\n<p><strong><span style=\"background-color:#b5dcaf\" class=\"td_text_highlight_marker\">PERE ARAGON\u00c8S.<\/span> <\/strong>Es perdria una celebraci\u00f3 on hi cap tothom, una celebraci\u00f3 que transmet tota l\u2019energia de la cultura andalusa i que representa la diversitat de Catalunya. Per\u00f2 per sort la Feria de Abril t\u00e9 una bona salut i no ha parat de cr\u00e9ixer en les \u00faltimes d\u00e8cades. Per tant, no tinc cap dubte que continuar\u00e0 molts anys m\u00e9s.<\/p>\n\n\n\n<p><strong><span style=\"background-color:#b5dcaf\" class=\"td_text_highlight_marker\">R.A. \u00bfQu\u00e9 imagen cree que se transmite de Catalunya en un evento como este?<\/span><\/strong><\/p>\n\n\n\n<p><strong><span style=\"background-color:#b5dcaf\" class=\"td_text_highlight_marker\">P.A. <\/span><\/strong>Com deia abans, la Feria de Abril representa la diversitat i la pluralitat de la societat catalana. Catalunya \u00e9s un pa\u00eds plural i divers, un pa\u00eds que inclou i escolta a tothom. I la Feria de Abril \u00e9s una mostra d\u2019aix\u00f2, una festa que transmet aquesta diversitat, aquest esperit de suma i inclusi\u00f3 sense fixar-se en l\u2019origen de cadasc\u00fa, aquesta voluntat de compartir el que la cultura andalusa aporten a la societat catalana.<\/p>\n\n\n\n<p><strong><span style=\"background-color:#b5dcaf\" class=\"td_text_highlight_marker\">R.A. Para muchos catalanes, la Feria de Abril es algo muy ajeno a su manera de ver la cultura y la vida. \u00bfConsidera que la Feria es el reflejo de la Catalunya de hoy en d\u00eda?\u00a0<\/span><\/strong><\/p>\n\n\n\n<p><strong><span style=\"background-color:#b5dcaf\" class=\"td_text_highlight_marker\">P.A.<\/span><\/strong> Catalunya \u00e9s la seva gent. Aix\u00f2 vol dir la Feria de Abril \u00e9s el reflex de la societat catalana, de la mateixa manera que ho \u00e9s el Sant Jordi i totes les festivitats que es fan al pa\u00eds. La diversitat qe Catalunya ens enriqueix i ens enforteix, i ens hem de sentir orgullosos d\u2019aquesta diversitat que tenim. Per aix\u00f2, sempre dic que cal treballar pel conjunt del pa\u00eds, per la Catalunya sencera i per construir un futur de prosperitat i llibertat per a tothom.\u00a0 <\/p>\n\n\n\n<p><strong><span style=\"background-color:#b5dcaf\" class=\"td_text_highlight_marker\">R.A. La Feria de Abril de Catalunya celebr\u00f3 el a\u00f1o pasado su 50 edici\u00f3n con notable \u00e9xito en cuanto al n\u00famero de asistentes. \u00bfPiensa que la Feria deber\u00eda seguir creciendo o eso har\u00eda que perdiera parte de su idiosincracia?<\/span><\/strong><\/p>\n\n\n\n<p><strong><span style=\"background-color:#b5dcaf\" class=\"td_text_highlight_marker\">P.A. <\/span><\/strong>La historia d\u2019\u00e8xit de la Feria de Abril de Catalunya en aquests 50 anys s\u2019explica per la capacitat que ha tingut de cr\u00e9ixer a partir de sumar i obrir-se a tota la ciutadania. I crec que aquest \u00e9s el cam\u00ed que ha de continuar fent perqu\u00e8 m\u00e9s i m\u00e9s gent s\u2019hi acosti i descobreixi aquesta festa.<\/p>\n\n\n\n<p><strong><span style=\"background-color:#b5dcaf\" class=\"td_text_highlight_marker\">R.A. En esta edici\u00f3n de la Feria de Abril volvemos a estar en periodo electoral como ha pasado muchas veces y el Real ser\u00e1 un gran escaparate para los pol\u00edticos. \u00bfConsidera que es un buen lugar para captar las inquietudes de la ciudadan\u00eda?<\/span><\/strong><\/p>\n\n\n\n<p><strong><span style=\"background-color:#b5dcaf\" class=\"td_text_highlight_marker\">P.A.<\/span> <\/strong>Per suposat. Visitar la Feria de Abril, igual que visitar les festes de qualsevol indret de Catalunya, \u00e9s un bon lloc per estar en contacte amb la ciutadania i copsar les seves preocupacions. Per\u00f2 aix\u00f2 cal fer-ho sempre, no nom\u00e9s quan hi ha eleccions. I jo puc dir amb orgull que com a president he vingut cada any a la Feria de Abril i he tingut la sort de con\u00e9ixer aquesta festa i de parlar amb molta gent i moltes entitats que hi participen.<\/p>\n\n\n\n<p><strong><span style=\"background-color:#b5dcaf\" class=\"td_text_highlight_marker\">R.A. Supongo que habr\u00e1 visitado el Real con anterioridad. \u00bfQu\u00e9 inquietudes le trasladan las personas que forman parte de las entidades y hermandades andaluzas que participan en ella?<\/span><\/strong><\/p>\n\n\n\n<p><strong><span style=\"background-color:#b5dcaf\" class=\"td_text_highlight_marker\">P.A.<\/span> <\/strong>Em traslladen preocupacions i inquietuds de tot tipus. Per\u00f2 el que comparteixen totes aquestes persones que se m\u2019acosten \u00e9s que em demanen que treballi pel conjunt de la ciutadania, sense deixar ning\u00fa enrere i que es tingui en compte aquest teixit associatiu que representa la cultura andalusa.<\/p>\n","protected":false},"excerpt":{"rendered":"<p>Entrevista con Pere Aragon\u00e8s, President de la Generalitat RA\u00cdCES ANDALUZAS. Abril y principios de mayo es sin\u00f3nimo de Feria. \u00bfQu\u00e9 cree que perder\u00eda Catalunya si por alg\u00fan motivo este evento desapareciera del calendario? PERE ARAGON\u00c8S. Es perdria una celebraci\u00f3 on hi cap tothom, una celebraci\u00f3 que transmet tota l\u2019energia de la cultura andalusa i que [&hellip;]<\/p>\n","protected":false},"author":1,"featured_media":1880,"comment_status":"open","ping_status":"open","sticky":false,"template":"","format":"standard","meta":{"footnotes":""},"categories":[20],"tags":[],"class_list":{"0":"post-1879","1":"post","2":"type-post","3":"status-publish","4":"format-standard","5":"has-post-thumbnail","7":"category-entrevistas"},"_links":{"self":[{"href":"https:\/\/raicesandaluzas.com\/revista\/wp-json\/wp\/v2\/posts\/1879","targetHints":{"allow":["GET"]}}],"collection":[{"href":"https:\/\/raicesandaluzas.com\/revista\/wp-json\/wp\/v2\/posts"}],"about":[{"href":"https:\/\/raicesandaluzas.com\/revista\/wp-json\/wp\/v2\/types\/post"}],"author":[{"embeddable":true,"href":"https:\/\/raicesandaluzas.com\/revista\/wp-json\/wp\/v2\/users\/1"}],"replies":[{"embeddable":true,"href":"https:\/\/raicesandaluzas.com\/revista\/wp-json\/wp\/v2\/comments?post=1879"}],"version-history":[{"count":1,"href":"https:\/\/raicesandaluzas.com\/revista\/wp-json\/wp\/v2\/posts\/1879\/revisions"}],"predecessor-version":[{"id":1881,"href":"https:\/\/raicesandaluzas.com\/revista\/wp-json\/wp\/v2\/posts\/1879\/revisions\/1881"}],"wp:featuredmedia":[{"embeddable":true,"href":"https:\/\/raicesandaluzas.com\/revista\/wp-json\/wp\/v2\/media\/1880"}],"wp:attachment":[{"href":"https:\/\/raicesandaluzas.com\/revista\/wp-json\/wp\/v2\/media?parent=1879"}],"wp:term":[{"taxonomy":"category","embeddable":true,"href":"https:\/\/raicesandaluzas.com\/revista\/wp-json\/wp\/v2\/categories?post=1879"},{"taxonomy":"post_tag","embeddable":true,"href":"https:\/\/raicesandaluzas.com\/revista\/wp-json\/wp\/v2\/tags?post=1879"}],"curies":[{"name":"wp","href":"https:\/\/api.w.org\/{rel}","templated":true}]}}