{"id":1876,"date":"2024-04-29T16:18:33","date_gmt":"2024-04-29T16:18:33","guid":{"rendered":"https:\/\/raicesandaluzas.com\/revista\/?p=1876"},"modified":"2024-04-29T16:18:33","modified_gmt":"2024-04-29T16:18:33","slug":"cataluna-es-plural-y-diversa-y-los-andaluces-forman-parte-de-la-historia-de-esta-tierra","status":"publish","type":"post","link":"https:\/\/raicesandaluzas.com\/revista\/2024\/04\/29\/cataluna-es-plural-y-diversa-y-los-andaluces-forman-parte-de-la-historia-de-esta-tierra\/","title":{"rendered":"\u00abCatalu\u00f1a es plural y diversa, y los andaluces forman parte de la historia de esta tierra\u00bb"},"content":{"rendered":"\n<p><strong>Entrevista con Salvador Illa, primer secretario del PSC y candidato a la Generalitat de Catalunya.<\/strong><\/p>\n\n\n\n<p><strong><span style=\"background-color:#b5dcaf\" class=\"td_text_highlight_marker\">RA\u00cdCES ANDALUZAS. Abril y principios de mayo es sin\u00f3nimo de Feria. \u00bfQu\u00e9 cree que perder\u00eda Catalunya si por alg\u00fan motivo este evento desapareciera del calendario?<\/span><\/strong><\/p>\n\n\n\n<p><strong><span style=\"background-color:#b5dcaf\" class=\"td_text_highlight_marker\">SALVADOR ILLA. <\/span><\/strong>Hombre, esperemos que esto no ocurra porque la Feria es una explosi\u00f3n festiva y cultural de primer orden. Es un punto de encuentro para miles de catalanes y catalanas, que tienen la oportunidad de conocer la riqueza de una cultura, la andaluza, con la que nos unen much\u00edsimas cosas. La Feria tiene que continuar.<\/p>\n\n\n\n<p><strong><span style=\"background-color:#b5dcaf\" class=\"td_text_highlight_marker\">R.A. \u00bfQu\u00e9 imagen cree que se transmite de Catalunya en un evento como este?<\/span><\/strong><\/p>\n\n\n\n<p><strong><span style=\"background-color:#b5dcaf\" class=\"td_text_highlight_marker\">S.I.<\/span> <\/strong>Pues eso que coment\u00e1bamos: que es un punto de encuentro, un espacio ideal para sumergirse en la fiesta andaluza por antonomasia.<\/p>\n\n\n\n<p><strong><span style=\"background-color:#b5dcaf\" class=\"td_text_highlight_marker\">R.A. Para muchos catalanes, la Feria de Abril es algo muy ajeno a su manera de ver la cultura y la vida. \u00bfConsidera que la Feria es el reflejo de la Catalunya de hoy en d\u00eda?\u00a0<\/span><\/strong><\/p>\n\n\n\n<p><strong><span style=\"background-color:#b5dcaf\" class=\"td_text_highlight_marker\">S.I.<\/span><\/strong> Sin duda. Catalu\u00f1a es plural y diversa, y los andaluces forman parte de la historia de esta tierra. Catalunya es lo que es, tambi\u00e9n, gracias a los andaluces y andaluzas, que con su trabajo y esfuerzo contribuyeron a levantar este pa\u00eds. \u00a0\u00a0<\/p>\n\n\n\n<p><strong><span style=\"background-color:#b5dcaf\" class=\"td_text_highlight_marker\">R.A. La Feria de Abril de Catalunya celebr\u00f3 el a\u00f1o pasado su 50 edici\u00f3n con notable \u00e9xito en cuanto al n\u00famero de asistentes. \u00bfPiensa que la Feria deber\u00eda seguir creciendo o eso har\u00eda que perdiera parte de su idiosincracia?<\/span><\/strong><\/p>\n\n\n\n<p><strong><span style=\"background-color:#b5dcaf\" class=\"td_text_highlight_marker\">S.I.<\/span> <\/strong>Perm\u00edtame que deje \u00e9sta decisi\u00f3n a los responsables del evento, a la FECAC. Dicho esto: la Feria, afortunadamente, es una celebraci\u00f3n consolidada que a la primavera la mejor bienvenida posible.<\/p>\n\n\n\n<p><strong><span style=\"background-color:#b5dcaf\" class=\"td_text_highlight_marker\">R.A. En esta edici\u00f3n de la Feria de Abril volvemos a estar en periodo electoral como ha pasado muchas veces y el Real ser\u00e1 un gran escaparate para los pol\u00edticos. \u00bfConsidera que es un buen lugar para captar las inquietudes de la ciudadan\u00eda?<\/span><\/strong><\/p>\n\n\n\n<p><strong><span style=\"background-color:#b5dcaf\" class=\"td_text_highlight_marker\">S.I.<\/span> <\/strong>Sin duda. Se trata de una Feria que, por su oferta gastron\u00f3mica y cultural, se ha convertido en un polo de atracci\u00f3n de visitantes. Y es un buen lugar para escuchar de primera mano las inquietudes de la ciudadan\u00eda. En este contexto, hist\u00f3ricamente la presencia del PSC ah\u00ed est\u00e1, con nuestra caseta, con independencia de si la Feria coincide en periodo electoral o no. <strong>\u00a0<\/strong><\/p>\n\n\n\n<p><strong><span style=\"background-color:#b5dcaf\" class=\"td_text_highlight_marker\">R.A. Supongo que habr\u00e1 visitado el Real con anterioridad. \u00bfQu\u00e9 inquietudes le trasladan las personas que forman parte de las entidades y hermandades andaluzas que participan en ella?<\/span><\/strong><\/p>\n\n\n\n<p><strong><span style=\"background-color:#b5dcaf\" class=\"td_text_highlight_marker\">S.I.<\/span> <\/strong>Me quedar\u00eda con la reivindicaci\u00f3n que hacen de su catalanidad sin renunciar a sus ra\u00edces andaluzas. Como lo dec\u00eda al principio, la Catalu\u00f1a plural y diversa es esto, un punto de encuentro entre culturas y personas llegadas de otros puntos de Espa\u00f1a, Europa y el Mundo.<\/p>\n","protected":false},"excerpt":{"rendered":"<p>Entrevista con Salvador Illa, primer secretario del PSC y candidato a la Generalitat de Catalunya. RA\u00cdCES ANDALUZAS. Abril y principios de mayo es sin\u00f3nimo de Feria. \u00bfQu\u00e9 cree que perder\u00eda Catalunya si por alg\u00fan motivo este evento desapareciera del calendario? SALVADOR ILLA. Hombre, esperemos que esto no ocurra porque la Feria es una explosi\u00f3n festiva [&hellip;]<\/p>\n","protected":false},"author":1,"featured_media":1877,"comment_status":"open","ping_status":"open","sticky":false,"template":"","format":"standard","meta":{"footnotes":""},"categories":[20],"tags":[],"class_list":{"0":"post-1876","1":"post","2":"type-post","3":"status-publish","4":"format-standard","5":"has-post-thumbnail","7":"category-entrevistas"},"_links":{"self":[{"href":"https:\/\/raicesandaluzas.com\/revista\/wp-json\/wp\/v2\/posts\/1876","targetHints":{"allow":["GET"]}}],"collection":[{"href":"https:\/\/raicesandaluzas.com\/revista\/wp-json\/wp\/v2\/posts"}],"about":[{"href":"https:\/\/raicesandaluzas.com\/revista\/wp-json\/wp\/v2\/types\/post"}],"author":[{"embeddable":true,"href":"https:\/\/raicesandaluzas.com\/revista\/wp-json\/wp\/v2\/users\/1"}],"replies":[{"embeddable":true,"href":"https:\/\/raicesandaluzas.com\/revista\/wp-json\/wp\/v2\/comments?post=1876"}],"version-history":[{"count":1,"href":"https:\/\/raicesandaluzas.com\/revista\/wp-json\/wp\/v2\/posts\/1876\/revisions"}],"predecessor-version":[{"id":1878,"href":"https:\/\/raicesandaluzas.com\/revista\/wp-json\/wp\/v2\/posts\/1876\/revisions\/1878"}],"wp:featuredmedia":[{"embeddable":true,"href":"https:\/\/raicesandaluzas.com\/revista\/wp-json\/wp\/v2\/media\/1877"}],"wp:attachment":[{"href":"https:\/\/raicesandaluzas.com\/revista\/wp-json\/wp\/v2\/media?parent=1876"}],"wp:term":[{"taxonomy":"category","embeddable":true,"href":"https:\/\/raicesandaluzas.com\/revista\/wp-json\/wp\/v2\/categories?post=1876"},{"taxonomy":"post_tag","embeddable":true,"href":"https:\/\/raicesandaluzas.com\/revista\/wp-json\/wp\/v2\/tags?post=1876"}],"curies":[{"name":"wp","href":"https:\/\/api.w.org\/{rel}","templated":true}]}}