{"id":1871,"date":"2024-04-29T14:25:04","date_gmt":"2024-04-29T14:25:04","guid":{"rendered":"https:\/\/raicesandaluzas.com\/revista\/?p=1871"},"modified":"2024-04-29T14:26:31","modified_gmt":"2024-04-29T14:26:31","slug":"la-feria-es-el-reflejo-de-una-catalunya-que-existe-y-que-tal-vez-muchas-veces-no-se-muestra-suficientemente","status":"publish","type":"post","link":"https:\/\/raicesandaluzas.com\/revista\/2024\/04\/29\/la-feria-es-el-reflejo-de-una-catalunya-que-existe-y-que-tal-vez-muchas-veces-no-se-muestra-suficientemente\/","title":{"rendered":"\u00abLa Feria es el reflejo de una Catalunya que existe y que tal vez muchas veces no se muestra suficientemente\u00bb"},"content":{"rendered":"\n<p><strong>Entrevista con Xavier Garc\u00eda Albiol, alcalde de Badalona<\/strong>.<\/p>\n\n\n\n<p><strong><span style=\"background-color:#b5dcaf\" class=\"td_text_highlight_marker\">RA\u00cdCES ANDALUZAS. Abril y principios de mayo es sin\u00f3nimo de Feria. \u00bfQu\u00e9 cree que perder\u00eda Catalunya si por alg\u00fan motivo este evento desapareciera del calendario?<\/span><\/strong><\/p>\n\n\n\n<p><strong><span style=\"background-color:#b5dcaf\" class=\"td_text_highlight_marker\">XAVIER GARC\u00cdA ALBIOL.<\/span><\/strong> Perder\u00eda much\u00edsimo, por descontado. Por un lado se perder\u00eda la oportunidad de muchas personas con or\u00edgenes familiares en Andaluc\u00eda y que aman la Feria de poder volver a una de sus tradiciones m\u00e1s queridas y vivirla en Catalunya, lo que es una fuente de alegr\u00eda y de cohesi\u00f3n social. Y, por otro lado, se perder\u00eda la vertiente de la diversidad, que hace mucho m\u00e1s rica y viva a la sociedad catalana.<\/p>\n\n\n\n<p><strong><span style=\"background-color:#b5dcaf\" class=\"td_text_highlight_marker\">R.A. Para muchos catalanes, la Feria de Abril es algo muy ajeno a su manera de ver la cultura y la vida. \u00bfConsidera que la Feria es el reflejo de la Catalunya de hoy en d\u00eda?<\/span><\/strong><\/p>\n\n\n\n<p><strong><span style=\"background-color:#b5dcaf\" class=\"td_text_highlight_marker\">X.G.A.<\/span> <\/strong>La Feria es el reflejo de una Catalunya que existe y que tal vez muchas veces no se muestra suficientemente. Puede ser que fuera del \u00e1rea metropolitana de Barcelona a algunos catalanes la Feria les quede lejos, pero no es as\u00ed en Badalona ni en el resto del \u00c1rea Metropolitana, donde mucha gente la considera una cita ineludible. No creo que hoy en d\u00eda podamos equiparar la Feria con Catalunya. Debemos tener en cuenta que Catalunya todav\u00eda no ha curado las heridas del Proc\u00e9s.<\/p>\n\n\n\n<p><strong><span style=\"background-color:#b5dcaf\" class=\"td_text_highlight_marker\">R.A. La Feria de Abril de Catalunya celebr\u00f3 el a\u00f1o pasado su 50 edici\u00f3n con notable \u00e9xito en cuanto al n\u00famero de asistentes. \u00bfPiensa que la Feria deber\u00eda seguir creciendo o eso har\u00eda que perdiera parte de su idiosincracia?<\/span><\/strong><\/p>\n\n\n\n<p><strong><span style=\"background-color:#b5dcaf\" class=\"td_text_highlight_marker\">X.G.A.<\/span> <\/strong>En este tipo de eventos es importante crecer, pero que no se llegue al punto peligroso de morir de \u00e9xito, de desbordarse y que el p\u00fablico los evite por ser demasiado inc\u00f3modos Seguramente la formula es no perder la esencia y ofrecer buenos servicios, bien dimensionados para el n\u00famero de p\u00fablico real.<\/p>\n\n\n\n<p><strong><span style=\"background-color:#b5dcaf\" class=\"td_text_highlight_marker\">R.A. \u00bfCree que la Feria deber\u00eda modernizarse m\u00e1s para adaptarse a los nuevos tiempos?\u00a0<\/span><\/strong><\/p>\n\n\n\n<p><strong><span style=\"background-color:#b5dcaf\" class=\"td_text_highlight_marker\">X.G.A.<\/span> <\/strong>Si cada a\u00f1o es un \u00e9xito de p\u00fablico, es porque la formula funciona y porque a la gente le gusta tal y como es, aunque siempre es bueno incorporar novedades.<strong>\u00a0<\/strong><\/p>\n\n\n\n<p><strong><span style=\"background-color:#b5dcaf\" class=\"td_text_highlight_marker\">R.A. En esta edici\u00f3n de la Feria de Abril volvemos a estar en periodo electoral como ha pasado muchas veces y el Real ser\u00e1 un gran escaparate para los pol\u00edticos. \u00bfConsidera que es un buen lugar para captar las inquietudes de la ciudadan\u00eda?<\/span><\/strong><\/p>\n\n\n\n<p><strong><span style=\"background-color:#b5dcaf\" class=\"td_text_highlight_marker\">X.G.A.<\/span> <\/strong>Pisar la Feria es como pisar la calle. Es entre la gente, escuch\u00e1ndola y conociendo sus preocupaciones como el pol\u00edtico puede conectar realmente con las personas. El primer paso para solucionar un problema es reconocer que ese problema existe y para eso es fundamental escuchar.<\/p>\n\n\n\n<p><strong><span style=\"background-color:#b5dcaf\" class=\"td_text_highlight_marker\">R.A. Badalona siempre est\u00e1 presente en el Real. \u00bfQu\u00e9 imagen cree que se transmite de la ciudad en un evento como este?<\/span><\/strong><\/p>\n\n\n\n<p><strong><span style=\"background-color:#b5dcaf\" class=\"td_text_highlight_marker\">X.G.A.<\/span> <\/strong>Badalona transmite la imagen de la ciudad que es: una ciudad de acogida, positiva, abierta, diversa y con vecinos y vecinas que saben trabajar y ser responsables pero tambi\u00e9n, cuando toca, disfrutar y divertirse como los primeros. Badalona es una ciudad que est\u00e1 creciendo y cambiando para mejor y todo eso lo vamos a seguir transmitiendo en la Feria.<\/p>\n\n\n\n<p><strong><span style=\"background-color:#b5dcaf\" class=\"td_text_highlight_marker\">R.A. En pocas semanas Badalona celebra las Festes de Maig. \u00bfQu\u00e9 actos nos podr\u00eda destacar de la programaci\u00f3n de este a\u00f1o?<\/span><\/strong><\/p>\n\n\n\n<p><strong><span style=\"background-color:#b5dcaf\" class=\"td_text_highlight_marker\">X.G.A.<\/span> <\/strong>Van a ser unas Festes de Maig fant\u00e1sticas, con una gran programaci\u00f3n musical de calidad y con novedades como el espect\u00e1culo de luz con 200 drones que se har\u00e1 la noche de la Cremada del Dimoni o el hecho de que este a\u00f1o el pa\u00f1uelo de las fiestas lo haya dise\u00f1ado por primera vez un representante de primera fila de la alta costura internacional, el modisto Lorenzo Caprile. Son aspectos que hemos trabajado con mucha ilusi\u00f3n desde el Ayuntamiento para ofrecer las mejores fiestas a los vecinos de Badalona.<\/p>\n\n\n\n<p><strong><span style=\"background-color:#b5dcaf\" class=\"td_text_highlight_marker\">R.A. \u00bfQu\u00e9 acto de las fiestas es el que espera cada a\u00f1o con m\u00e1s ganas?<\/span><\/strong><\/p>\n\n\n\n<p><strong><span style=\"background-color:#b5dcaf\" class=\"td_text_highlight_marker\">X.G.A. <\/span><\/strong>La Cremada del Dimoni es siempre la noche m\u00e1s especial para los badaloneses, es la que nos conecta con nuestras tradiciones y es un momento muy especial para todos.<\/p>\n\n\n\n<p><strong><span style=\"background-color:#b5dcaf\" class=\"td_text_highlight_marker\">R.A. Nos acercamos al primer a\u00f1o de esta nueva legislatura tras las elecciones municipales del a\u00f1o pasado. \u00bfC\u00f3mo valora su gesti\u00f3n al frente del ayuntamiento de la ciudad estos \u00faltimos meses?<\/span><\/strong><\/p>\n\n\n\n<p><strong><span style=\"background-color:#b5dcaf\" class=\"td_text_highlight_marker\">X.G.A.<\/span> <\/strong>Cuando llegu\u00e9 a la alcald\u00eda me encontr\u00e9 con un Ayuntamiento que ten\u00eda dinero, pero que estaba en una especie de quiebra de personal. Una situaci\u00f3n en la hab\u00eda innumerables contratos vencidos, de servicios que hay que dar pero para los que no hab\u00eda contrato. Y faltaban manos para poder gestionar los expedientes y sacar adelante todos los tr\u00e1mites que comporta cualquier acci\u00f3n en la administraci\u00f3n p\u00fablica. Por eso nuestros primeros meses se han dedicado sobretodo a desencallar esa situaci\u00f3n y a poner en marcha de nuevo la maquinaria del Ayuntamiento. Es un trabajo imprescindible para acometer todos los cambios y proyectos que ya hemos iniciado y que conseguir\u00e1n darle la vuelta a la ciudad en este mandato.<\/p>\n\n\n\n<p><strong><span style=\"background-color:#b5dcaf\" class=\"td_text_highlight_marker\">R.A. \u00bfCu\u00e1les son los principales retos de futuro para la ciudad?<\/span><\/strong><\/p>\n\n\n\n<p><strong><span style=\"background-color:#b5dcaf\" class=\"td_text_highlight_marker\">X.G.A.<\/span> <\/strong>Badalona tiene ante s\u00ed retos important\u00edsimos que van a transformarla. Estamos iniciando las obras del viaducto sobre el canal del Gorg, una obra que llevaba m\u00e1s de 20 a\u00f1os pendiente,\u00a0 que permitir\u00e1 unir el canal y el puerto y crear un paseo que vertebrar\u00e1 la ciudad porque conectar\u00e1 los barrios de la monta\u00f1a con los del frente mar\u00edtimo y que tambi\u00e9n supondr\u00e1 una nueva centralidad para Badalona. Y tenemos otros proyectos ya en marcha, como la nueva piscina en el terreno de la Focus o la Ciutat de la M\u00fasica en el edificio de la Caci. A la vez, en cada barrio planeamos mejoras, tanto en la limpieza de las calles como por lo que se refiere a la mejora de los equipamientos deportivos y la creaci\u00f3n de nuevos equipamientos deportivos y culturales. Queremos que todos los vecinos puedan vivir ese cambio, ese salto adelante que ya se empieza a ver.<\/p>\n\n\n\n<p><\/p>\n","protected":false},"excerpt":{"rendered":"<p>Entrevista con Xavier Garc\u00eda Albiol, alcalde de Badalona. RA\u00cdCES ANDALUZAS. Abril y principios de mayo es sin\u00f3nimo de Feria. \u00bfQu\u00e9 cree que perder\u00eda Catalunya si por alg\u00fan motivo este evento desapareciera del calendario? XAVIER GARC\u00cdA ALBIOL. Perder\u00eda much\u00edsimo, por descontado. Por un lado se perder\u00eda la oportunidad de muchas personas con or\u00edgenes familiares en Andaluc\u00eda [&hellip;]<\/p>\n","protected":false},"author":1,"featured_media":1872,"comment_status":"open","ping_status":"open","sticky":false,"template":"","format":"standard","meta":{"footnotes":""},"categories":[20],"tags":[],"class_list":{"0":"post-1871","1":"post","2":"type-post","3":"status-publish","4":"format-standard","5":"has-post-thumbnail","7":"category-entrevistas"},"_links":{"self":[{"href":"https:\/\/raicesandaluzas.com\/revista\/wp-json\/wp\/v2\/posts\/1871","targetHints":{"allow":["GET"]}}],"collection":[{"href":"https:\/\/raicesandaluzas.com\/revista\/wp-json\/wp\/v2\/posts"}],"about":[{"href":"https:\/\/raicesandaluzas.com\/revista\/wp-json\/wp\/v2\/types\/post"}],"author":[{"embeddable":true,"href":"https:\/\/raicesandaluzas.com\/revista\/wp-json\/wp\/v2\/users\/1"}],"replies":[{"embeddable":true,"href":"https:\/\/raicesandaluzas.com\/revista\/wp-json\/wp\/v2\/comments?post=1871"}],"version-history":[{"count":1,"href":"https:\/\/raicesandaluzas.com\/revista\/wp-json\/wp\/v2\/posts\/1871\/revisions"}],"predecessor-version":[{"id":1873,"href":"https:\/\/raicesandaluzas.com\/revista\/wp-json\/wp\/v2\/posts\/1871\/revisions\/1873"}],"wp:featuredmedia":[{"embeddable":true,"href":"https:\/\/raicesandaluzas.com\/revista\/wp-json\/wp\/v2\/media\/1872"}],"wp:attachment":[{"href":"https:\/\/raicesandaluzas.com\/revista\/wp-json\/wp\/v2\/media?parent=1871"}],"wp:term":[{"taxonomy":"category","embeddable":true,"href":"https:\/\/raicesandaluzas.com\/revista\/wp-json\/wp\/v2\/categories?post=1871"},{"taxonomy":"post_tag","embeddable":true,"href":"https:\/\/raicesandaluzas.com\/revista\/wp-json\/wp\/v2\/tags?post=1871"}],"curies":[{"name":"wp","href":"https:\/\/api.w.org\/{rel}","templated":true}]}}