{"id":1868,"date":"2024-04-29T12:09:18","date_gmt":"2024-04-29T12:09:18","guid":{"rendered":"https:\/\/raicesandaluzas.com\/revista\/?p=1868"},"modified":"2024-04-29T12:09:18","modified_gmt":"2024-04-29T12:09:18","slug":"la-hermandad-y-cofradia-de-ntra-sra-de-las-angustias-de-barcelona-celebra-la-misa-de-su-35-aniversario","status":"publish","type":"post","link":"https:\/\/raicesandaluzas.com\/revista\/2024\/04\/29\/la-hermandad-y-cofradia-de-ntra-sra-de-las-angustias-de-barcelona-celebra-la-misa-de-su-35-aniversario\/","title":{"rendered":"La Hermandad y Cofrad\u00eda de Ntra. Sra. de Las Angustias de Barcelona celebra la misa de su 35 aniversario"},"content":{"rendered":"\n<p>El s\u00e1bado 27 de abril, festividad de la Virgen de Montserrat (Patrona de Catalu\u00f1a), la Hermandad de las Angustias de Barcelona conmemor\u00f3 el XXXV Aniversario Fundacional 1989-2024 de la corporaci\u00f3n.<\/p>\n\n\n\n<p>Delante de la propia capilla de Nuestra Se\u00f1ora de las Angustias y el Sant\u00edsimo Cristo de la Misericordia, se hab\u00eda dispuesto todo de una forma sublime para acoger el rezo del Santo Rosario y la posterior celebraci\u00f3n de la Eucarist\u00eda.<\/p>\n\n\n\n<p>A las 18 horas daba comienzo la Santa Misa oficiada por primera vez por el reci\u00e9n ordenado sacerdote D. Andreu Salinas.\u00a0<\/p>\n\n\n\n<p>Al finalizar, la Hermandad le hizo entrega de una estola como detalle por su ordenaci\u00f3n y agradecimiento por la disposici\u00f3n y ayuda que ofrece siempre a nuestra corporaci\u00f3n.<\/p>\n\n\n\n<p>Posteriormente, el Hermano Mayor, D. Juli\u00e1n Mu\u00f1oz, entregaba a Pilar S\u00e1nchez su reconocimiento como hermana ininterrumpida durante m\u00e1s de 20 a\u00f1os en la Hermandad.<\/p>\n\n\n\n<p>La hermandad agradece la presencia de regidores del PSC de Ciutat Vella del Ayuntamiento de Barcelona, a la Hermandad de Nuestro Padre Jes\u00fas del Gran Poder y Mar\u00eda Sant\u00edsima de la Esperanza Macarena, la Hermandad de Nuestra Se\u00f1ora del Roc\u00edo, Cofrad\u00eda de San Marcos, y al Consejo General de HH y CC de la Archidi\u00f3cesis de Barcelona, as\u00ed como especialmente, a familiares de nuestros hermanos fundadores que quisieron acompa\u00f1ar a la Hermandad en este dia tan especial.<\/p>\n\n\n\n<p>Finalizaba la jornada cantando el virolai en honor a la Virgen de Montserrat delante de la capilla de Nuestra Se\u00f1ora de las Angustias, y con un posterior brindis en el comedor de la Iglesia de San Jaime.<\/p>\n","protected":false},"excerpt":{"rendered":"<p>El s\u00e1bado 27 de abril, festividad de la Virgen de Montserrat (Patrona de Catalu\u00f1a), la Hermandad de las Angustias de Barcelona conmemor\u00f3 el XXXV Aniversario Fundacional 1989-2024 de la corporaci\u00f3n. Delante de la propia capilla de Nuestra Se\u00f1ora de las Angustias y el Sant\u00edsimo Cristo de la Misericordia, se hab\u00eda dispuesto todo de una forma [&hellip;]<\/p>\n","protected":false},"author":2,"featured_media":1869,"comment_status":"open","ping_status":"open","sticky":false,"template":"","format":"standard","meta":{"footnotes":""},"categories":[19],"tags":[],"class_list":{"0":"post-1868","1":"post","2":"type-post","3":"status-publish","4":"format-standard","5":"has-post-thumbnail","7":"category-actualidad"},"_links":{"self":[{"href":"https:\/\/raicesandaluzas.com\/revista\/wp-json\/wp\/v2\/posts\/1868","targetHints":{"allow":["GET"]}}],"collection":[{"href":"https:\/\/raicesandaluzas.com\/revista\/wp-json\/wp\/v2\/posts"}],"about":[{"href":"https:\/\/raicesandaluzas.com\/revista\/wp-json\/wp\/v2\/types\/post"}],"author":[{"embeddable":true,"href":"https:\/\/raicesandaluzas.com\/revista\/wp-json\/wp\/v2\/users\/2"}],"replies":[{"embeddable":true,"href":"https:\/\/raicesandaluzas.com\/revista\/wp-json\/wp\/v2\/comments?post=1868"}],"version-history":[{"count":1,"href":"https:\/\/raicesandaluzas.com\/revista\/wp-json\/wp\/v2\/posts\/1868\/revisions"}],"predecessor-version":[{"id":1870,"href":"https:\/\/raicesandaluzas.com\/revista\/wp-json\/wp\/v2\/posts\/1868\/revisions\/1870"}],"wp:featuredmedia":[{"embeddable":true,"href":"https:\/\/raicesandaluzas.com\/revista\/wp-json\/wp\/v2\/media\/1869"}],"wp:attachment":[{"href":"https:\/\/raicesandaluzas.com\/revista\/wp-json\/wp\/v2\/media?parent=1868"}],"wp:term":[{"taxonomy":"category","embeddable":true,"href":"https:\/\/raicesandaluzas.com\/revista\/wp-json\/wp\/v2\/categories?post=1868"},{"taxonomy":"post_tag","embeddable":true,"href":"https:\/\/raicesandaluzas.com\/revista\/wp-json\/wp\/v2\/tags?post=1868"}],"curies":[{"name":"wp","href":"https:\/\/api.w.org\/{rel}","templated":true}]}}