{"id":1865,"date":"2024-04-29T11:47:21","date_gmt":"2024-04-29T11:47:21","guid":{"rendered":"https:\/\/raicesandaluzas.com\/revista\/?p=1865"},"modified":"2024-04-29T11:47:21","modified_gmt":"2024-04-29T11:47:21","slug":"la-feria-forma-parte-de-nuestro-patrimonio-de-la-cultura-de-miles-de-catalanes-que-tienen-raices-andaluzas-y-que-no-quieren-renunciar-a-ellas","status":"publish","type":"post","link":"https:\/\/raicesandaluzas.com\/revista\/2024\/04\/29\/la-feria-forma-parte-de-nuestro-patrimonio-de-la-cultura-de-miles-de-catalanes-que-tienen-raices-andaluzas-y-que-no-quieren-renunciar-a-ellas\/","title":{"rendered":"\u00abLa Feria forma parte de nuestro patrimonio, de la cultura de miles de catalanes que tienen ra\u00edces andaluzas y que no quieren renunciar a ellas\u00bb"},"content":{"rendered":"\n<p><strong>Entrevista con Dani Sirera, presidente del Partido Popular en el Ayuntamiento de Barcelona<\/strong>.<\/p>\n\n\n\n<p><strong><span style=\"background-color:#b5dcaf\" class=\"td_text_highlight_marker\">RA\u00cdCES ANDALUZAS. Abril y principios de mayo es sin\u00f3nimo de Feria. \u00bfQu\u00e9 cree que perder\u00eda Catalu\u00f1a si por alg\u00fan motivo este evento desapareciera del calendario?<\/span><\/strong><\/p>\n\n\n\n<p><strong><span style=\"background-color:#b5dcaf\" class=\"td_text_highlight_marker\">DANIEL SIRERA.<\/span> <\/strong>No concibo a Catalu\u00f1a sin su Feria de Abril. La Feria forma parte de nuestro patrimonio, de la cultura de miles de catalanes que tienen ra\u00edces andaluzas y que no quieren renunciar a ellas. Pero la Feria es tambi\u00e9n una cita obligada para los catalanes que admiramos a Andaluc\u00eda, que disfrutamos de sus tradiciones y de esa alegr\u00eda con la que los andaluces afrontan la vida.<strong> <\/strong>\u00a0\u00a0<\/p>\n\n\n\n<p><strong><span style=\"background-color:#b5dcaf\" class=\"td_text_highlight_marker\">R.A. \u00bfQu\u00e9 imagen cree que se transmite de Barcelona en un evento como este?<\/span><\/strong><\/p>\n\n\n\n<p><strong><span style=\"background-color:#b5dcaf\" class=\"td_text_highlight_marker\">D.S.<\/span> <\/strong>Barcelona siempre ha sido una ciudad acogedora, cosmopolita y abierta. Una ciudad en la que vinieras de donde vinieras te sent\u00edas como en casa y no podemos perder esa esencia. La Feria de Abril nos recuerda a\u00f1o tras a\u00f1o ese rasgo de nuestra ciudad y no podemos m\u00e1s que trabajar para que Barcelona siga siendo ese ejemplo de ciudad plural y diversa que no menosprecia a nadie por su origen sino que se siente orgullosa de unir culturas y tradiciones.<strong> <\/strong>\u00a0<\/p>\n\n\n\n<p><strong><span style=\"background-color:#b5dcaf\" class=\"td_text_highlight_marker\">R.A. Para muchos catalanes, la Feria de Abril es algo muy ajeno a su manera de ver la cultura y la vida. \u00bfConsidera que la Feria es el reflejo de la Catalu\u00f1a de hoy en d\u00eda?\u00a0<\/span><\/strong><\/p>\n\n\n\n<p><span style=\"background-color:#b5dcaf\" class=\"td_text_highlight_marker\"><strong>D.S.<\/strong> <\/span>Por supuesto. No hay m\u00e1s que dar un paseo por el recinto ferial para ver la cantidad de catalanes, sin ra\u00edces andaluzas, que disfrutan de la m\u00fasica, el baile o la gastronom\u00eda en las m\u00faltiples casetas de las diferentes hermandades y entidades que participan. Porque eso es lo que consigue la Feria de abril, a pesar de que algunos se empe\u00f1en en separarnos, la Feria nos recuerda que lo que hoy es Catalu\u00f1a se hizo con el concurso de andaluces, gallegos y personas que vinieron de otras partes de Espa\u00f1a.\u00a0 <\/p>\n\n\n\n<p><strong><span style=\"background-color:#b5dcaf\" class=\"td_text_highlight_marker\">R.A. La Feria de Abril de Catalu\u00f1a celebr\u00f3 el a\u00f1o pasado su 50 edici\u00f3n con notable \u00e9xito en cuanto al n\u00famero de asistentes. \u00bfPiensa que la Feria deber\u00eda seguir creciendo o eso har\u00eda que perdiera parte de su idiosincracia?<\/span><\/strong><\/p>\n\n\n\n<p><strong><span style=\"background-color:#b5dcaf\" class=\"td_text_highlight_marker\">D.S.<\/span> <\/strong>Primero querr\u00eda felicitar por estas 51 ediciones a todas las personas que han trabajado para llegar a conseguir asentar esta celebraci\u00f3n en nuestra ciudad, as\u00ed como a las casas regionales y culturales andaluzas y a las entidades que participan y se esfuerzan por que cada a\u00f1o la Feria sea mejor y consiga un mayor n\u00famero de asistentes. Sobre su crecimiento, siempre que sea para mantener ese escaparate de la cultura andaluza, estaremos apoy\u00e1ndola porque es maravilloso ver con la ilusi\u00f3n con la que las nuevas generaciones de esas familias que un d\u00eda llegaron a Catalu\u00f1a, mantienen las tradiciones heredadas de sus padres y abuelos.<\/p>\n\n\n\n<p><strong><span style=\"background-color:#b5dcaf\" class=\"td_text_highlight_marker\">R.A. \u00bfConsidera que el Ayuntamiento de Barcelona siempre ha sido aliado de la Feria o en algunas ocasiones no se la ha valorado como merece?<\/span><\/strong><\/p>\n\n\n\n<p><strong><span style=\"background-color:#b5dcaf\" class=\"td_text_highlight_marker\">D.S.<\/span> <\/strong>Creo que gran parte del \u00e9xito de la implantaci\u00f3n de la Feria ha sido que el protagonismo no lo tengan las administraciones sino los organizadores y las entidades. Dicho eso, las administraciones deben seguir apoyando expresiones culturales como \u00e9sta.<\/p>\n\n\n\n<p><strong><span style=\"background-color:#b5dcaf\" class=\"td_text_highlight_marker\">R.A. En esta edici\u00f3n de la Feria de Abril volvemos a estar en periodo electoral como ha pasado muchas veces y el Real ser\u00e1 un gran escaparate para los pol\u00edticos. \u00bfConsidera que es un buen lugar para captar las inquietudes de la ciudadan\u00eda?<\/span><\/strong><\/p>\n\n\n\n<p><strong><span style=\"background-color:#b5dcaf\" class=\"td_text_highlight_marker\">D.S.<\/span> <\/strong>Todo evento que conlleve estar en contacto con la ciudadan\u00eda es un buen lugar para captar inquietudes. A m\u00ed me gusta mucho hablar con la gente y la Feria me permite entablar conversaci\u00f3n con muchos ciudadanos. Cada a\u00f1o la visito varias veces y, efectivamente, a pesar de estar en un ambiente festivo, la gente me sigue transmitiendo su preocupaci\u00f3n por la inseguridad en nuestra ciudad y su hartazgo por el proc\u00e9s separatista.<\/p>\n\n\n\n<p><strong><span style=\"background-color:#b5dcaf\" class=\"td_text_highlight_marker\">R.A. Supongo que habr\u00e1 visitado el Real muchas veces. \u00bfQu\u00e9 inquietudes le trasladan las personas que forman parte de las entidades y hermandades andaluzas que participan en ella?<\/span><\/strong><\/p>\n\n\n\n<p><strong><span style=\"background-color:#b5dcaf\" class=\"td_text_highlight_marker\">D.S.<\/span> <\/strong>He tenido la ocasi\u00f3n de reunirme varias veces con entidades y hermandades andaluzas, incluso junto al presidente de la Junta de Andaluc\u00eda, que es un enamorado de Catalu\u00f1a. Juanma Moreno ha puesto en marcha una delegaci\u00f3n de la Junta de Andaluc\u00eda en Catalu\u00f1a para tener interlocuci\u00f3n directa con los andaluces que viven en Catalu\u00f1a. Esperanza Garcia est\u00e1 haciendo un gran trabajo en ese sentido. Por otro lado, una de las principales preocupaciones de las entidades es la gesti\u00f3n de ayudas que reciben de las administraciones y que yo me comprometo a flexibilizar y simplifificar para que no sea una misi\u00f3n imposible acceder a ellas. Esas ayudas no solo contribuyen a mantener las entidades sino que son fundamentales para seguir haciendo crecer la cultura andaluza en Catalu\u00f1a y continuar el legado de los andaluces que vinieron a trabajar a nuestra tierra.<\/p>\n","protected":false},"excerpt":{"rendered":"<p>Entrevista con Dani Sirera, presidente del Partido Popular en el Ayuntamiento de Barcelona. RA\u00cdCES ANDALUZAS. Abril y principios de mayo es sin\u00f3nimo de Feria. \u00bfQu\u00e9 cree que perder\u00eda Catalu\u00f1a si por alg\u00fan motivo este evento desapareciera del calendario? DANIEL SIRERA. No concibo a Catalu\u00f1a sin su Feria de Abril. La Feria forma parte de nuestro [&hellip;]<\/p>\n","protected":false},"author":1,"featured_media":1866,"comment_status":"open","ping_status":"open","sticky":false,"template":"","format":"standard","meta":{"footnotes":""},"categories":[20],"tags":[],"class_list":{"0":"post-1865","1":"post","2":"type-post","3":"status-publish","4":"format-standard","5":"has-post-thumbnail","7":"category-entrevistas"},"_links":{"self":[{"href":"https:\/\/raicesandaluzas.com\/revista\/wp-json\/wp\/v2\/posts\/1865","targetHints":{"allow":["GET"]}}],"collection":[{"href":"https:\/\/raicesandaluzas.com\/revista\/wp-json\/wp\/v2\/posts"}],"about":[{"href":"https:\/\/raicesandaluzas.com\/revista\/wp-json\/wp\/v2\/types\/post"}],"author":[{"embeddable":true,"href":"https:\/\/raicesandaluzas.com\/revista\/wp-json\/wp\/v2\/users\/1"}],"replies":[{"embeddable":true,"href":"https:\/\/raicesandaluzas.com\/revista\/wp-json\/wp\/v2\/comments?post=1865"}],"version-history":[{"count":1,"href":"https:\/\/raicesandaluzas.com\/revista\/wp-json\/wp\/v2\/posts\/1865\/revisions"}],"predecessor-version":[{"id":1867,"href":"https:\/\/raicesandaluzas.com\/revista\/wp-json\/wp\/v2\/posts\/1865\/revisions\/1867"}],"wp:featuredmedia":[{"embeddable":true,"href":"https:\/\/raicesandaluzas.com\/revista\/wp-json\/wp\/v2\/media\/1866"}],"wp:attachment":[{"href":"https:\/\/raicesandaluzas.com\/revista\/wp-json\/wp\/v2\/media?parent=1865"}],"wp:term":[{"taxonomy":"category","embeddable":true,"href":"https:\/\/raicesandaluzas.com\/revista\/wp-json\/wp\/v2\/categories?post=1865"},{"taxonomy":"post_tag","embeddable":true,"href":"https:\/\/raicesandaluzas.com\/revista\/wp-json\/wp\/v2\/tags?post=1865"}],"curies":[{"name":"wp","href":"https:\/\/api.w.org\/{rel}","templated":true}]}}