{"id":1851,"date":"2024-04-27T09:55:21","date_gmt":"2024-04-27T09:55:21","guid":{"rendered":"https:\/\/raicesandaluzas.com\/revista\/?p=1851"},"modified":"2024-04-27T10:29:12","modified_gmt":"2024-04-27T10:29:12","slug":"la-51a-feria-de-abril-arranca","status":"publish","type":"post","link":"https:\/\/raicesandaluzas.com\/revista\/2024\/04\/27\/la-51a-feria-de-abril-arranca\/","title":{"rendered":"La 51a Feria de Abril arranca"},"content":{"rendered":"\n<p>A las nueve de la noche no cab\u00eda un alma bajo el p\u00f3rtico de la Feria de Abril de Catalunya en el parque del F\u00f2rum. Entre pol\u00edticos, agentes de seguridad, asesores y curiosos, la entrada se llen\u00f3 con la m\u00e1xima expectaci\u00f3n posible. Lleg\u00f3 el momento del encendido y la inauguraci\u00f3n oficial de la Feria, su edici\u00f3n n\u00famero 51, aunque ya hac\u00eda horas que los visitantes recorr\u00edan las casetas. Y lo hac\u00eda con una presencia masiva de pol\u00edticos. Algo poco habitual, aunque comprensible teniendo en cuenta que en poco menos de un mes los ciudadanos estamos llamados a las urnas para votar en las elecciones auton\u00f3micas.<br>En la inauguraci\u00f3n estuvieron presentes el president de la Generalitat, Pere Aragon\u00e8s; el alcalde de Barcelona, Jaume Collboni; la alcaldesa de Sant Adri\u00e0 de Bes\u00f2s, Filo Ca\u00f1ete; el delegado del Gobierno en Catalunya, Carles Prieto, la presidenta de la Diputaci\u00f3n de Barcelona, Llu\u00efsa Moret; y el secretario general de Acci\u00f3n Exterior, Uni\u00f3n Europea y Cooperaci\u00f3n de la Junta de Andaluc\u00eda, Enric Millo. Asistieron adem\u00e1s los \u00abconsellers\u00bb de Interior, Joan Ignaci Elena; de Drets Socials, Carles Campuzano, y de Feminismes i Igualtat, T\u00e0nia Verge. Tambi\u00e9n estaban presentes parlamentarios como Gabriel Rufi\u00e1n, Carlos Carrizosa y Alejandro Fern\u00e1ndez, el exalcalde de Barcelona Xavier Trias, alcaldes y concejales de poblaciones catalanas, otras autoridades y cargos p\u00fablicos, dirigentes de la FECAC y de las diversas entidades participantes, patrocinadores y colaboradores. <\/p>\n\n\n\n<p>En su discurso, el presidente de la FECAC, Daniel Salinero, visiblemente emocionado, destac\u00f3 que les hab\u00eda costado mucho llegar hasta aqu\u00ed. Por lo que respecta a los pol\u00edticos, todos destacaron el papel diverso de la Feria y la importancia del movimiento cultural andaluz en tierras catalanas. Sobre el escenario tambi\u00e9n se subi\u00f3 el grupo Triampa, de rumba catalana, que este a\u00f1o tiene un lugar destacado en el Real, que ha reservado dos casetas para promover la candidatura de la rumba catalana a Patrimonio Inmaterial de la UNESCO.<\/p>\n\n\n\n<figure class=\"wp-block-gallery has-nested-images columns-default is-cropped td-modal-on-gallery wp-block-gallery-1 is-layout-flex wp-block-gallery-is-layout-flex\">\n<figure class=\"wp-block-image size-large\"><img loading=\"lazy\" decoding=\"async\" width=\"1024\" height=\"683\" data-id=\"1855\" src=\"https:\/\/raicesandaluzas.com\/revista\/wp-content\/uploads\/2024\/04\/inauguracionFeria24_10-1024x683.jpg\" alt=\"\" class=\"wp-image-1855\" srcset=\"https:\/\/raicesandaluzas.com\/revista\/wp-content\/uploads\/2024\/04\/inauguracionFeria24_10-1024x683.jpg 1024w, https:\/\/raicesandaluzas.com\/revista\/wp-content\/uploads\/2024\/04\/inauguracionFeria24_10-300x200.jpg 300w, https:\/\/raicesandaluzas.com\/revista\/wp-content\/uploads\/2024\/04\/inauguracionFeria24_10-768x512.jpg 768w, https:\/\/raicesandaluzas.com\/revista\/wp-content\/uploads\/2024\/04\/inauguracionFeria24_10-630x420.jpg 630w, https:\/\/raicesandaluzas.com\/revista\/wp-content\/uploads\/2024\/04\/inauguracionFeria24_10-696x464.jpg 696w, https:\/\/raicesandaluzas.com\/revista\/wp-content\/uploads\/2024\/04\/inauguracionFeria24_10-1068x712.jpg 1068w, https:\/\/raicesandaluzas.com\/revista\/wp-content\/uploads\/2024\/04\/inauguracionFeria24_10.jpg 1200w\" sizes=\"auto, (max-width: 1024px) 100vw, 1024px\" \/><\/figure>\n\n\n\n<figure class=\"wp-block-image size-large\"><img loading=\"lazy\" decoding=\"async\" width=\"1024\" height=\"663\" data-id=\"1859\" src=\"https:\/\/raicesandaluzas.com\/revista\/wp-content\/uploads\/2024\/04\/inauguracionFeria24_09-1024x663.jpg\" alt=\"\" class=\"wp-image-1859\" srcset=\"https:\/\/raicesandaluzas.com\/revista\/wp-content\/uploads\/2024\/04\/inauguracionFeria24_09-1024x663.jpg 1024w, https:\/\/raicesandaluzas.com\/revista\/wp-content\/uploads\/2024\/04\/inauguracionFeria24_09-300x194.jpg 300w, https:\/\/raicesandaluzas.com\/revista\/wp-content\/uploads\/2024\/04\/inauguracionFeria24_09-768x497.jpg 768w, https:\/\/raicesandaluzas.com\/revista\/wp-content\/uploads\/2024\/04\/inauguracionFeria24_09-649x420.jpg 649w, https:\/\/raicesandaluzas.com\/revista\/wp-content\/uploads\/2024\/04\/inauguracionFeria24_09-696x451.jpg 696w, https:\/\/raicesandaluzas.com\/revista\/wp-content\/uploads\/2024\/04\/inauguracionFeria24_09-1068x692.jpg 1068w, https:\/\/raicesandaluzas.com\/revista\/wp-content\/uploads\/2024\/04\/inauguracionFeria24_09.jpg 1200w\" sizes=\"auto, (max-width: 1024px) 100vw, 1024px\" \/><figcaption class=\"wp-element-caption\">Pere Aragon\u00e8s.<\/figcaption><\/figure>\n\n\n\n<figure class=\"wp-block-image size-large\"><img loading=\"lazy\" decoding=\"async\" width=\"1024\" height=\"639\" data-id=\"1852\" src=\"https:\/\/raicesandaluzas.com\/revista\/wp-content\/uploads\/2024\/04\/inauguracionFeria24_08-1024x639.jpg\" alt=\"\" class=\"wp-image-1852\" srcset=\"https:\/\/raicesandaluzas.com\/revista\/wp-content\/uploads\/2024\/04\/inauguracionFeria24_08-1024x639.jpg 1024w, https:\/\/raicesandaluzas.com\/revista\/wp-content\/uploads\/2024\/04\/inauguracionFeria24_08-300x187.jpg 300w, https:\/\/raicesandaluzas.com\/revista\/wp-content\/uploads\/2024\/04\/inauguracionFeria24_08-768x479.jpg 768w, https:\/\/raicesandaluzas.com\/revista\/wp-content\/uploads\/2024\/04\/inauguracionFeria24_08-673x420.jpg 673w, https:\/\/raicesandaluzas.com\/revista\/wp-content\/uploads\/2024\/04\/inauguracionFeria24_08-696x434.jpg 696w, https:\/\/raicesandaluzas.com\/revista\/wp-content\/uploads\/2024\/04\/inauguracionFeria24_08-1068x667.jpg 1068w, https:\/\/raicesandaluzas.com\/revista\/wp-content\/uploads\/2024\/04\/inauguracionFeria24_08.jpg 1200w\" sizes=\"auto, (max-width: 1024px) 100vw, 1024px\" \/><figcaption class=\"wp-element-caption\">Carles Prieto.<\/figcaption><\/figure>\n\n\n\n<figure class=\"wp-block-image size-large\"><img loading=\"lazy\" decoding=\"async\" width=\"1024\" height=\"683\" data-id=\"1858\" src=\"https:\/\/raicesandaluzas.com\/revista\/wp-content\/uploads\/2024\/04\/inauguracionFeria24_07-1024x683.jpg\" alt=\"\" class=\"wp-image-1858\" srcset=\"https:\/\/raicesandaluzas.com\/revista\/wp-content\/uploads\/2024\/04\/inauguracionFeria24_07-1024x683.jpg 1024w, https:\/\/raicesandaluzas.com\/revista\/wp-content\/uploads\/2024\/04\/inauguracionFeria24_07-300x200.jpg 300w, https:\/\/raicesandaluzas.com\/revista\/wp-content\/uploads\/2024\/04\/inauguracionFeria24_07-768x512.jpg 768w, https:\/\/raicesandaluzas.com\/revista\/wp-content\/uploads\/2024\/04\/inauguracionFeria24_07-630x420.jpg 630w, https:\/\/raicesandaluzas.com\/revista\/wp-content\/uploads\/2024\/04\/inauguracionFeria24_07-696x464.jpg 696w, https:\/\/raicesandaluzas.com\/revista\/wp-content\/uploads\/2024\/04\/inauguracionFeria24_07-1068x712.jpg 1068w, https:\/\/raicesandaluzas.com\/revista\/wp-content\/uploads\/2024\/04\/inauguracionFeria24_07.jpg 1200w\" sizes=\"auto, (max-width: 1024px) 100vw, 1024px\" \/><figcaption class=\"wp-element-caption\">Jaume Collboni.<\/figcaption><\/figure>\n\n\n\n<figure class=\"wp-block-image size-large\"><img loading=\"lazy\" decoding=\"async\" width=\"1024\" height=\"694\" data-id=\"1860\" src=\"https:\/\/raicesandaluzas.com\/revista\/wp-content\/uploads\/2024\/04\/inauguracionFeria24_06-1024x694.jpg\" alt=\"\" class=\"wp-image-1860\" srcset=\"https:\/\/raicesandaluzas.com\/revista\/wp-content\/uploads\/2024\/04\/inauguracionFeria24_06-1024x694.jpg 1024w, https:\/\/raicesandaluzas.com\/revista\/wp-content\/uploads\/2024\/04\/inauguracionFeria24_06-300x203.jpg 300w, https:\/\/raicesandaluzas.com\/revista\/wp-content\/uploads\/2024\/04\/inauguracionFeria24_06-768x520.jpg 768w, https:\/\/raicesandaluzas.com\/revista\/wp-content\/uploads\/2024\/04\/inauguracionFeria24_06-620x420.jpg 620w, https:\/\/raicesandaluzas.com\/revista\/wp-content\/uploads\/2024\/04\/inauguracionFeria24_06-696x472.jpg 696w, https:\/\/raicesandaluzas.com\/revista\/wp-content\/uploads\/2024\/04\/inauguracionFeria24_06-1068x724.jpg 1068w, https:\/\/raicesandaluzas.com\/revista\/wp-content\/uploads\/2024\/04\/inauguracionFeria24_06.jpg 1200w\" sizes=\"auto, (max-width: 1024px) 100vw, 1024px\" \/><figcaption class=\"wp-element-caption\">Filo Ca\u00f1ete.<\/figcaption><\/figure>\n\n\n\n<figure class=\"wp-block-image size-large\"><img loading=\"lazy\" decoding=\"async\" width=\"1024\" height=\"682\" data-id=\"1853\" src=\"https:\/\/raicesandaluzas.com\/revista\/wp-content\/uploads\/2024\/04\/inauguracionFeria24_05-1024x682.jpg\" alt=\"\" class=\"wp-image-1853\" srcset=\"https:\/\/raicesandaluzas.com\/revista\/wp-content\/uploads\/2024\/04\/inauguracionFeria24_05-1024x682.jpg 1024w, https:\/\/raicesandaluzas.com\/revista\/wp-content\/uploads\/2024\/04\/inauguracionFeria24_05-300x200.jpg 300w, https:\/\/raicesandaluzas.com\/revista\/wp-content\/uploads\/2024\/04\/inauguracionFeria24_05-768x511.jpg 768w, https:\/\/raicesandaluzas.com\/revista\/wp-content\/uploads\/2024\/04\/inauguracionFeria24_05-631x420.jpg 631w, https:\/\/raicesandaluzas.com\/revista\/wp-content\/uploads\/2024\/04\/inauguracionFeria24_05-696x463.jpg 696w, https:\/\/raicesandaluzas.com\/revista\/wp-content\/uploads\/2024\/04\/inauguracionFeria24_05-1068x711.jpg 1068w, https:\/\/raicesandaluzas.com\/revista\/wp-content\/uploads\/2024\/04\/inauguracionFeria24_05.jpg 1200w\" sizes=\"auto, (max-width: 1024px) 100vw, 1024px\" \/><figcaption class=\"wp-element-caption\">Llu\u00efsa Moret.<\/figcaption><\/figure>\n\n\n\n<figure class=\"wp-block-image size-large\"><img loading=\"lazy\" decoding=\"async\" width=\"1024\" height=\"745\" data-id=\"1856\" src=\"https:\/\/raicesandaluzas.com\/revista\/wp-content\/uploads\/2024\/04\/inauguracionFeria24_04-1024x745.jpg\" alt=\"\" class=\"wp-image-1856\" srcset=\"https:\/\/raicesandaluzas.com\/revista\/wp-content\/uploads\/2024\/04\/inauguracionFeria24_04-1024x745.jpg 1024w, https:\/\/raicesandaluzas.com\/revista\/wp-content\/uploads\/2024\/04\/inauguracionFeria24_04-300x218.jpg 300w, https:\/\/raicesandaluzas.com\/revista\/wp-content\/uploads\/2024\/04\/inauguracionFeria24_04-768x559.jpg 768w, https:\/\/raicesandaluzas.com\/revista\/wp-content\/uploads\/2024\/04\/inauguracionFeria24_04-577x420.jpg 577w, https:\/\/raicesandaluzas.com\/revista\/wp-content\/uploads\/2024\/04\/inauguracionFeria24_04-696x506.jpg 696w, https:\/\/raicesandaluzas.com\/revista\/wp-content\/uploads\/2024\/04\/inauguracionFeria24_04-1068x777.jpg 1068w, https:\/\/raicesandaluzas.com\/revista\/wp-content\/uploads\/2024\/04\/inauguracionFeria24_04.jpg 1200w\" sizes=\"auto, (max-width: 1024px) 100vw, 1024px\" \/><figcaption class=\"wp-element-caption\">Enric Millo.<\/figcaption><\/figure>\n\n\n\n<figure class=\"wp-block-image size-large\"><img loading=\"lazy\" decoding=\"async\" width=\"1024\" height=\"683\" data-id=\"1854\" src=\"https:\/\/raicesandaluzas.com\/revista\/wp-content\/uploads\/2024\/04\/inauguracionFeria24_03-1024x683.jpg\" alt=\"\" class=\"wp-image-1854\" srcset=\"https:\/\/raicesandaluzas.com\/revista\/wp-content\/uploads\/2024\/04\/inauguracionFeria24_03-1024x683.jpg 1024w, https:\/\/raicesandaluzas.com\/revista\/wp-content\/uploads\/2024\/04\/inauguracionFeria24_03-300x200.jpg 300w, https:\/\/raicesandaluzas.com\/revista\/wp-content\/uploads\/2024\/04\/inauguracionFeria24_03-768x512.jpg 768w, https:\/\/raicesandaluzas.com\/revista\/wp-content\/uploads\/2024\/04\/inauguracionFeria24_03-630x420.jpg 630w, https:\/\/raicesandaluzas.com\/revista\/wp-content\/uploads\/2024\/04\/inauguracionFeria24_03-696x464.jpg 696w, https:\/\/raicesandaluzas.com\/revista\/wp-content\/uploads\/2024\/04\/inauguracionFeria24_03-1068x712.jpg 1068w, https:\/\/raicesandaluzas.com\/revista\/wp-content\/uploads\/2024\/04\/inauguracionFeria24_03.jpg 1200w\" sizes=\"auto, (max-width: 1024px) 100vw, 1024px\" \/><figcaption class=\"wp-element-caption\">Daniel Salinero.<\/figcaption><\/figure>\n\n\n\n<figure class=\"wp-block-image size-large\"><img loading=\"lazy\" decoding=\"async\" width=\"1024\" height=\"635\" data-id=\"1857\" src=\"https:\/\/raicesandaluzas.com\/revista\/wp-content\/uploads\/2024\/04\/inauguracionFeria24_02-1024x635.jpg\" alt=\"\" class=\"wp-image-1857\" srcset=\"https:\/\/raicesandaluzas.com\/revista\/wp-content\/uploads\/2024\/04\/inauguracionFeria24_02-1024x635.jpg 1024w, https:\/\/raicesandaluzas.com\/revista\/wp-content\/uploads\/2024\/04\/inauguracionFeria24_02-300x186.jpg 300w, https:\/\/raicesandaluzas.com\/revista\/wp-content\/uploads\/2024\/04\/inauguracionFeria24_02-768x476.jpg 768w, https:\/\/raicesandaluzas.com\/revista\/wp-content\/uploads\/2024\/04\/inauguracionFeria24_02-677x420.jpg 677w, https:\/\/raicesandaluzas.com\/revista\/wp-content\/uploads\/2024\/04\/inauguracionFeria24_02-696x432.jpg 696w, https:\/\/raicesandaluzas.com\/revista\/wp-content\/uploads\/2024\/04\/inauguracionFeria24_02-1068x662.jpg 1068w, https:\/\/raicesandaluzas.com\/revista\/wp-content\/uploads\/2024\/04\/inauguracionFeria24_02.jpg 1200w\" sizes=\"auto, (max-width: 1024px) 100vw, 1024px\" \/><\/figure>\n<figcaption class=\"blocks-gallery-caption wp-element-caption\">Fotograf\u00edas: Manuel Arce<\/figcaption><\/figure>\n\n\n\n<p>Con la inauguraci\u00f3n oficial comienzan diez d\u00edas de Feria de Abril, que permanecer\u00e1 en el parque del F\u00f2rum hasta el pr\u00f3ximo 5 de mayo. Casetas, atracciones, una zona village para comer y beber al aire libre, y un aforo asegurado de 31.000 personas a la vez con el que la organizaci\u00f3n quiere evitar el cierre del Real por exceso de aforo como sucedi\u00f3 el a\u00f1o pasado en varias ocasiones.    <\/p>\n","protected":false},"excerpt":{"rendered":"<p>A las nueve de la noche no cab\u00eda un alma bajo el p\u00f3rtico de la Feria de Abril de Catalunya en el parque del F\u00f2rum. Entre pol\u00edticos, agentes de seguridad, asesores y curiosos, la entrada se llen\u00f3 con la m\u00e1xima expectaci\u00f3n posible. Lleg\u00f3 el momento del encendido y la inauguraci\u00f3n oficial de la Feria, su [&hellip;]<\/p>\n","protected":false},"author":1,"featured_media":1861,"comment_status":"open","ping_status":"open","sticky":false,"template":"","format":"standard","meta":{"footnotes":""},"categories":[19],"tags":[],"class_list":{"0":"post-1851","1":"post","2":"type-post","3":"status-publish","4":"format-standard","5":"has-post-thumbnail","7":"category-actualidad"},"_links":{"self":[{"href":"https:\/\/raicesandaluzas.com\/revista\/wp-json\/wp\/v2\/posts\/1851","targetHints":{"allow":["GET"]}}],"collection":[{"href":"https:\/\/raicesandaluzas.com\/revista\/wp-json\/wp\/v2\/posts"}],"about":[{"href":"https:\/\/raicesandaluzas.com\/revista\/wp-json\/wp\/v2\/types\/post"}],"author":[{"embeddable":true,"href":"https:\/\/raicesandaluzas.com\/revista\/wp-json\/wp\/v2\/users\/1"}],"replies":[{"embeddable":true,"href":"https:\/\/raicesandaluzas.com\/revista\/wp-json\/wp\/v2\/comments?post=1851"}],"version-history":[{"count":2,"href":"https:\/\/raicesandaluzas.com\/revista\/wp-json\/wp\/v2\/posts\/1851\/revisions"}],"predecessor-version":[{"id":1864,"href":"https:\/\/raicesandaluzas.com\/revista\/wp-json\/wp\/v2\/posts\/1851\/revisions\/1864"}],"wp:featuredmedia":[{"embeddable":true,"href":"https:\/\/raicesandaluzas.com\/revista\/wp-json\/wp\/v2\/media\/1861"}],"wp:attachment":[{"href":"https:\/\/raicesandaluzas.com\/revista\/wp-json\/wp\/v2\/media?parent=1851"}],"wp:term":[{"taxonomy":"category","embeddable":true,"href":"https:\/\/raicesandaluzas.com\/revista\/wp-json\/wp\/v2\/categories?post=1851"},{"taxonomy":"post_tag","embeddable":true,"href":"https:\/\/raicesandaluzas.com\/revista\/wp-json\/wp\/v2\/tags?post=1851"}],"curies":[{"name":"wp","href":"https:\/\/api.w.org\/{rel}","templated":true}]}}