{"id":1848,"date":"2024-04-26T16:11:47","date_gmt":"2024-04-26T16:11:47","guid":{"rendered":"https:\/\/raicesandaluzas.com\/revista\/?p=1848"},"modified":"2024-04-26T16:11:47","modified_gmt":"2024-04-26T16:11:47","slug":"es-importante-que-la-feria-se-adapte-a-los-nuevos-tiempos-y-los-nuevos-perfiles-de-personas-que-se-interesan-por-ella","status":"publish","type":"post","link":"https:\/\/raicesandaluzas.com\/revista\/2024\/04\/26\/es-importante-que-la-feria-se-adapte-a-los-nuevos-tiempos-y-los-nuevos-perfiles-de-personas-que-se-interesan-por-ella\/","title":{"rendered":"\u00abEs importante que la Feria se adapte a los nuevos tiempos y los nuevos perfiles de personas que se interesan por ella\u00bb"},"content":{"rendered":"\n<p><strong>Entrevista con Antonio Balm\u00f3n, alcalde de Cornell\u00e0 de Llobregat<\/strong><\/p>\n\n\n\n<p><strong><span style=\"background-color:#b5dcaf\" class=\"td_text_highlight_marker\">RA\u00cdCES ANDALUZAS. La Feria de Abril de Catalunya celebr\u00f3 el a\u00f1o pasado su 50 edici\u00f3n con notable \u00e9xito en cuanto al n\u00famero de asistentes. \u00bfPiensa que la Feria deber\u00eda seguir creciendo o eso har\u00eda que perdiera parte de su idiosincracia?<\/span><\/strong><\/p>\n\n\n\n<p><strong><span style=\"background-color:#b5dcaf\" class=\"td_text_highlight_marker\">ANTONIO BALM\u00d3N. <\/span><\/strong>Cualquier tipo de manifestaci\u00f3n cultural que experimente un crecimiento, si se realiza manteniendo sus caracter\u00edsticas y el motivo de su creaci\u00f3n, en cuanto a filosof\u00eda y objetivos, siempre es positivo ya que significa ampliar el foco de difusi\u00f3n y desarrollar nuevas propuestas para poder progresar. Es importante que la Feria se adapte a los nuevos tiempos y los nuevos perfiles de personas que se interesan por ella, es la forma de seguir manteniendo su esencia y, a la vez, asegurar un futuro prometedor. Siempre hay que mantener una perspectiva positiva.<\/p>\n\n\n\n<p><strong><span style=\"background-color:#b5dcaf\" class=\"td_text_highlight_marker\">R.A. Abril y principios de mayo es sin\u00f3nimo de Feria. \u00bfQu\u00e9 cree que perder\u00eda Catalunya si por alg\u00fan motivo este evento desapareciera del calendario?<\/span><\/strong><\/p>\n\n\n\n<p><strong><span style=\"background-color:#b5dcaf\" class=\"td_text_highlight_marker\">A.B.<\/span> <\/strong>Catalunya es un pa\u00eds multicultural y abierto que siempre se ha caracterizado por su pluralidad y por ser tierra de acogida. La sociedad catalana, aunque algunos se resistan a reconocerlo, es tolerante y abierta, es importante seguir nutri\u00e9ndose de la diversidad cultural y no perder elementos que son parte de un destacado grupo poblacional, cuyo principal objetivo no es otro que celebrar una fiesta tradicional en las que se rememoran tradiciones culturales de unas generaciones que llegaron a Catalu\u00f1a para labrarse un futuro mejor, y que con su esfuerzo, contribuyeron tambi\u00e9n a propiciar el enriquecimiento y el progreso de Catalu\u00f1a. El respeto y la tolerancia son cualidades de una sociedad igualitaria y de progreso, que avanza y que se fundamenta en el bienestar de todos y cada uno de sus integrantes.<strong>\u00a0<\/strong><\/p>\n\n\n\n<p><strong><span style=\"background-color:#b5dcaf\" class=\"td_text_highlight_marker\">R.A. Para muchos catalanes, la Feria de Abril es algo muy ajeno a su manera de ver la cultura y la vida. \u00bfConsidera que la Feria es el reflejo de la Catalunya de hoy en d\u00eda?<\/span><\/strong><\/p>\n\n\n\n<p><strong><span style=\"background-color:#b5dcaf\" class=\"td_text_highlight_marker\">A.B.<\/span> <\/strong>Evidentemente la Feria de Abril no forma parte de los principios ni de las se\u00f1as de identidad de la cultura catalana, pero desde siempre han sido esa tierra de acogida que antes mencionaba. La Feria es el reflejo de la Catalu\u00f1a de hoy en d\u00eda y la de hace muchas d\u00e9cadas, caracterizada por la pluralidad y el respeto, personas tolerantes que acogen con agrado la multiculturalidad.<\/p>\n\n\n\n<p><strong><span style=\"background-color:#b5dcaf\" class=\"td_text_highlight_marker\">R.A. En esta edici\u00f3n de la Feria de Abril volvemos a estar en periodo electoral como ha pasado muchas veces y el Real ser\u00e1 un gran escaparate para los pol\u00edticos. \u00bfConsidera que es un buen lugar para captar las inquietudes de la ciudadan\u00eda?<\/span><\/strong><\/p>\n\n\n\n<p><strong><span style=\"background-color:#b5dcaf\" class=\"td_text_highlight_marker\">A.B.<\/span> <\/strong>Considero que la Feria debe cumplir con su objetivo de manifestaci\u00f3n cultural, la presencia o no de los pol\u00edticos es una cuesti\u00f3n personal, evidentemente las personas que all\u00ed se dan cita tienen unas inquietudes, pero lo mismo puede suceder en acontecimiento de otra \u00edndole, como por ejemplo Sant Jordi.<\/p>\n\n\n\n<p><strong><span style=\"background-color:#b5dcaf\" class=\"td_text_highlight_marker\">R.A. El Festival de Arte Flamenco de Cornell\u00e0 celebra este 2024 su edici\u00f3n n\u00famero 40 con muy buena salud, algo muy dif\u00edcil en los tiempos que corren. \u00bfCu\u00e1l cree que es el secreto para que se mantenga tan vivo en el calendario cultural catal\u00e1n?<\/span><\/strong><\/p>\n\n\n\n<p><strong><span style=\"background-color:#b5dcaf\" class=\"td_text_highlight_marker\">A.B. <\/span><\/strong>El Festival de Arte Flamenco es una se\u00f1a de identidad de nuestra ciudad, y claro ejemplo de la pluralidad cultural y de la riqueza que tiene Cornell\u00e0. Nuestra apuesta por la cultura es incontestable, no s\u00f3lo con este certamen sino con otros que este a\u00f1o tambi\u00e9n suman aniversario como el Festival Internacional de Pallassos o el Concurs de C\u00f2mics que celebran el cuarenta aniversario. La apuesta y el esfuerzo municipal por difundir la cultura desde diferentes \u00e1mbitos y mantenerlos a lo largo de tantos a\u00f1os, a pesar de las crisis, es una prueba de nuestro compromiso y la creencia absoluta que la cultura debe estar al alcance de todo el mundo, ya que es el patrimonio m\u00e1s valioso de una comunidad y la clave de su progreso.<\/p>\n\n\n\n<p><strong><span style=\"background-color:#b5dcaf\" class=\"td_text_highlight_marker\">R.A. \u00bfQu\u00e9 les dir\u00eda a los aficionados al flamenco que a\u00fan no conozcan el festival?<\/span><\/strong><\/p>\n\n\n\n<p><strong><span style=\"background-color:#b5dcaf\" class=\"td_text_highlight_marker\">A.B.<\/span> <\/strong>Que el \u00e9xito de este Festival se basa en la calidad. En apostar por traer a nuestra ciudad a las primeras figuras del arte flamenco en todas sus variedades, pero tambi\u00e9n en ser un referente como impulsores de los j\u00f3venes talentos. El Festival es tambi\u00e9n la colaboraci\u00f3n y participaci\u00f3n activa de entidades de la ciudad que tienen que ver con la cultura de este arte.<\/p>\n\n\n\n<p><strong><span style=\"background-color:#b5dcaf\" class=\"td_text_highlight_marker\">R.A. Nos acercamos al primer a\u00f1o de esta nueva legislatura tras las elecciones municipales del a\u00f1o pasado. \u00bfC\u00f3mo valora su gesti\u00f3n al frente del ayuntamiento de la ciudad estos \u00faltimos meses?<\/span><\/strong><\/p>\n\n\n\n<p><strong><span style=\"background-color:#b5dcaf\" class=\"td_text_highlight_marker\">A.B. <\/span><\/strong>Somos un equipo de gobierno con objetivos muy claros y con proyectos de progreso muy ambiciosos y realistas que, de nuevo, se han visto respaldados por la confianza de los cornellanenses. Nuestro objetivo es trabajar por la Cornell\u00e0 del futuro desde el progreso moral y configurando una ciudad que mire al futuro desde una perspectiva amplia como una ciudad sostenible y respetuosa, en la que el ciudadano es el protagonista en el espacio p\u00fablico y en el que se genera un urbanismo social y equilibrado. Tenemos los recursos, la fuerza, el talento y la capacidad de abrazar el futuro para ser una ciudad cada vez m\u00e1s igualitaria, resiliente y con proyecci\u00f3n.<\/p>\n","protected":false},"excerpt":{"rendered":"<p>Entrevista con Antonio Balm\u00f3n, alcalde de Cornell\u00e0 de Llobregat RA\u00cdCES ANDALUZAS. La Feria de Abril de Catalunya celebr\u00f3 el a\u00f1o pasado su 50 edici\u00f3n con notable \u00e9xito en cuanto al n\u00famero de asistentes. \u00bfPiensa que la Feria deber\u00eda seguir creciendo o eso har\u00eda que perdiera parte de su idiosincracia? ANTONIO BALM\u00d3N. Cualquier tipo de manifestaci\u00f3n [&hellip;]<\/p>\n","protected":false},"author":1,"featured_media":1849,"comment_status":"open","ping_status":"open","sticky":false,"template":"","format":"standard","meta":{"footnotes":""},"categories":[20],"tags":[],"class_list":{"0":"post-1848","1":"post","2":"type-post","3":"status-publish","4":"format-standard","5":"has-post-thumbnail","7":"category-entrevistas"},"_links":{"self":[{"href":"https:\/\/raicesandaluzas.com\/revista\/wp-json\/wp\/v2\/posts\/1848","targetHints":{"allow":["GET"]}}],"collection":[{"href":"https:\/\/raicesandaluzas.com\/revista\/wp-json\/wp\/v2\/posts"}],"about":[{"href":"https:\/\/raicesandaluzas.com\/revista\/wp-json\/wp\/v2\/types\/post"}],"author":[{"embeddable":true,"href":"https:\/\/raicesandaluzas.com\/revista\/wp-json\/wp\/v2\/users\/1"}],"replies":[{"embeddable":true,"href":"https:\/\/raicesandaluzas.com\/revista\/wp-json\/wp\/v2\/comments?post=1848"}],"version-history":[{"count":1,"href":"https:\/\/raicesandaluzas.com\/revista\/wp-json\/wp\/v2\/posts\/1848\/revisions"}],"predecessor-version":[{"id":1850,"href":"https:\/\/raicesandaluzas.com\/revista\/wp-json\/wp\/v2\/posts\/1848\/revisions\/1850"}],"wp:featuredmedia":[{"embeddable":true,"href":"https:\/\/raicesandaluzas.com\/revista\/wp-json\/wp\/v2\/media\/1849"}],"wp:attachment":[{"href":"https:\/\/raicesandaluzas.com\/revista\/wp-json\/wp\/v2\/media?parent=1848"}],"wp:term":[{"taxonomy":"category","embeddable":true,"href":"https:\/\/raicesandaluzas.com\/revista\/wp-json\/wp\/v2\/categories?post=1848"},{"taxonomy":"post_tag","embeddable":true,"href":"https:\/\/raicesandaluzas.com\/revista\/wp-json\/wp\/v2\/tags?post=1848"}],"curies":[{"name":"wp","href":"https:\/\/api.w.org\/{rel}","templated":true}]}}