{"id":1841,"date":"2024-04-25T15:36:28","date_gmt":"2024-04-25T15:36:28","guid":{"rendered":"https:\/\/raicesandaluzas.com\/revista\/?p=1841"},"modified":"2024-04-26T15:50:35","modified_gmt":"2024-04-26T15:50:35","slug":"la-casa-de-andalucia-de-lleida-celebra-su-feria-de-abril-en-los-campos-eliseos","status":"publish","type":"post","link":"https:\/\/raicesandaluzas.com\/revista\/2024\/04\/25\/la-casa-de-andalucia-de-lleida-celebra-su-feria-de-abril-en-los-campos-eliseos\/","title":{"rendered":"La Casa de Andaluc\u00eda de Lleida celebra su Feria de Abril en los Campos Eliseos"},"content":{"rendered":"\n<p>La celebraci\u00f3n de la Feria de Abril se extiende mucho m\u00e1s all\u00e1 de Sevilla y Barcelona. La Casa de Andaluc\u00eda de Lleida celebra este fin de semana en los Campos Eliseos una nueva edici\u00f3n de su Feria de Abril, con la novedad de que el Real permanecer\u00e1 abierto tambi\u00e9n los d\u00edas 29 y 30 de abril y el 1 de mayo.<\/p>\n\n\n\n<p>El Real se instalar\u00e1 en este m\u00edtico espacio de la capital leridana y se han programado toda una serie de actividades con el flamenco, las sevillanas y el aire de Andaluc\u00eda como m\u00e1ximos protagonistas. Los actos comienzan este viernes, 26 de abril, con el preg\u00f3n y la encendida del p\u00f3rtico de entrada, con la novedad de un flasmob bajo la portalada. El domingo se vivir\u00e1 un momento muy especial, con la misa rociera por la Cruz de Mayo y la entrada de la Virgen del Roc\u00edo y de la cruz portada por los miembros de la Hermandad de la Casa de Andaluc\u00eda de Lleida.  <\/p>\n\n\n\n<p>Como novedad destacar el programa de actos de post Feria, con actividades el lunes y martes por la tarde, y actos como la misa rociera, el vermout flamenco, la comida de hermandad y un desfile de moda flamenca.<\/p>\n\n\n\n<p>Tambi\u00e9n se ha reservado un espacio para los aparatos de Feria. <\/p>\n\n\n\n<p>Programaci\u00f3n completa de la Feria de Abril de Lleida:<\/p>\n\n\n\n<figure class=\"wp-block-gallery has-nested-images columns-default is-cropped td-modal-on-gallery wp-block-gallery-1 is-layout-flex wp-block-gallery-is-layout-flex\">\n<figure class=\"wp-block-image size-large\"><a href=\"https:\/\/raicesandaluzas.com\/revista\/wp-content\/uploads\/2024\/04\/FeraLleida02.jpg\"><img loading=\"lazy\" decoding=\"async\" width=\"735\" height=\"1024\" data-id=\"1844\" src=\"https:\/\/raicesandaluzas.com\/revista\/wp-content\/uploads\/2024\/04\/FeraLleida02-735x1024.jpg\" alt=\"\" class=\"wp-image-1844\" srcset=\"https:\/\/raicesandaluzas.com\/revista\/wp-content\/uploads\/2024\/04\/FeraLleida02-735x1024.jpg 735w, https:\/\/raicesandaluzas.com\/revista\/wp-content\/uploads\/2024\/04\/FeraLleida02-215x300.jpg 215w, https:\/\/raicesandaluzas.com\/revista\/wp-content\/uploads\/2024\/04\/FeraLleida02-768x1070.jpg 768w, https:\/\/raicesandaluzas.com\/revista\/wp-content\/uploads\/2024\/04\/FeraLleida02-301x420.jpg 301w, https:\/\/raicesandaluzas.com\/revista\/wp-content\/uploads\/2024\/04\/FeraLleida02-696x970.jpg 696w, https:\/\/raicesandaluzas.com\/revista\/wp-content\/uploads\/2024\/04\/FeraLleida02.jpg 861w\" sizes=\"auto, (max-width: 735px) 100vw, 735px\" \/><\/a><\/figure>\n\n\n\n<figure class=\"wp-block-image size-large\"><a href=\"https:\/\/raicesandaluzas.com\/revista\/wp-content\/uploads\/2024\/04\/FeriaLleida03.jpg\"><img loading=\"lazy\" decoding=\"async\" width=\"735\" height=\"1024\" data-id=\"1843\" src=\"https:\/\/raicesandaluzas.com\/revista\/wp-content\/uploads\/2024\/04\/FeriaLleida03-735x1024.jpg\" alt=\"\" class=\"wp-image-1843\" srcset=\"https:\/\/raicesandaluzas.com\/revista\/wp-content\/uploads\/2024\/04\/FeriaLleida03-735x1024.jpg 735w, https:\/\/raicesandaluzas.com\/revista\/wp-content\/uploads\/2024\/04\/FeriaLleida03-215x300.jpg 215w, https:\/\/raicesandaluzas.com\/revista\/wp-content\/uploads\/2024\/04\/FeriaLleida03-768x1070.jpg 768w, https:\/\/raicesandaluzas.com\/revista\/wp-content\/uploads\/2024\/04\/FeriaLleida03-301x420.jpg 301w, https:\/\/raicesandaluzas.com\/revista\/wp-content\/uploads\/2024\/04\/FeriaLleida03-696x970.jpg 696w, https:\/\/raicesandaluzas.com\/revista\/wp-content\/uploads\/2024\/04\/FeriaLleida03.jpg 861w\" sizes=\"auto, (max-width: 735px) 100vw, 735px\" \/><\/a><\/figure>\n\n\n\n<figure class=\"wp-block-image size-large\"><a href=\"https:\/\/raicesandaluzas.com\/revista\/wp-content\/uploads\/2024\/04\/FeriaLleida04.jpg\"><img loading=\"lazy\" decoding=\"async\" width=\"713\" height=\"1024\" data-id=\"1842\" src=\"https:\/\/raicesandaluzas.com\/revista\/wp-content\/uploads\/2024\/04\/FeriaLleida04-713x1024.jpg\" alt=\"\" class=\"wp-image-1842\" srcset=\"https:\/\/raicesandaluzas.com\/revista\/wp-content\/uploads\/2024\/04\/FeriaLleida04-713x1024.jpg 713w, https:\/\/raicesandaluzas.com\/revista\/wp-content\/uploads\/2024\/04\/FeriaLleida04-209x300.jpg 209w, https:\/\/raicesandaluzas.com\/revista\/wp-content\/uploads\/2024\/04\/FeriaLleida04-768x1102.jpg 768w, https:\/\/raicesandaluzas.com\/revista\/wp-content\/uploads\/2024\/04\/FeriaLleida04-293x420.jpg 293w, https:\/\/raicesandaluzas.com\/revista\/wp-content\/uploads\/2024\/04\/FeriaLleida04-696x999.jpg 696w, https:\/\/raicesandaluzas.com\/revista\/wp-content\/uploads\/2024\/04\/FeriaLleida04.jpg 836w\" sizes=\"auto, (max-width: 713px) 100vw, 713px\" \/><\/a><\/figure>\n<\/figure>\n","protected":false},"excerpt":{"rendered":"<p>La celebraci\u00f3n de la Feria de Abril se extiende mucho m\u00e1s all\u00e1 de Sevilla y Barcelona. La Casa de Andaluc\u00eda de Lleida celebra este fin de semana en los Campos Eliseos una nueva edici\u00f3n de su Feria de Abril, con la novedad de que el Real permanecer\u00e1 abierto tambi\u00e9n los d\u00edas 29 y 30 de [&hellip;]<\/p>\n","protected":false},"author":1,"featured_media":1845,"comment_status":"open","ping_status":"open","sticky":false,"template":"","format":"standard","meta":{"footnotes":""},"categories":[19],"tags":[],"class_list":{"0":"post-1841","1":"post","2":"type-post","3":"status-publish","4":"format-standard","5":"has-post-thumbnail","7":"category-actualidad"},"_links":{"self":[{"href":"https:\/\/raicesandaluzas.com\/revista\/wp-json\/wp\/v2\/posts\/1841","targetHints":{"allow":["GET"]}}],"collection":[{"href":"https:\/\/raicesandaluzas.com\/revista\/wp-json\/wp\/v2\/posts"}],"about":[{"href":"https:\/\/raicesandaluzas.com\/revista\/wp-json\/wp\/v2\/types\/post"}],"author":[{"embeddable":true,"href":"https:\/\/raicesandaluzas.com\/revista\/wp-json\/wp\/v2\/users\/1"}],"replies":[{"embeddable":true,"href":"https:\/\/raicesandaluzas.com\/revista\/wp-json\/wp\/v2\/comments?post=1841"}],"version-history":[{"count":2,"href":"https:\/\/raicesandaluzas.com\/revista\/wp-json\/wp\/v2\/posts\/1841\/revisions"}],"predecessor-version":[{"id":1847,"href":"https:\/\/raicesandaluzas.com\/revista\/wp-json\/wp\/v2\/posts\/1841\/revisions\/1847"}],"wp:featuredmedia":[{"embeddable":true,"href":"https:\/\/raicesandaluzas.com\/revista\/wp-json\/wp\/v2\/media\/1845"}],"wp:attachment":[{"href":"https:\/\/raicesandaluzas.com\/revista\/wp-json\/wp\/v2\/media?parent=1841"}],"wp:term":[{"taxonomy":"category","embeddable":true,"href":"https:\/\/raicesandaluzas.com\/revista\/wp-json\/wp\/v2\/categories?post=1841"},{"taxonomy":"post_tag","embeddable":true,"href":"https:\/\/raicesandaluzas.com\/revista\/wp-json\/wp\/v2\/tags?post=1841"}],"curies":[{"name":"wp","href":"https:\/\/api.w.org\/{rel}","templated":true}]}}