{"id":1836,"date":"2024-04-25T17:53:08","date_gmt":"2024-04-25T17:53:08","guid":{"rendered":"https:\/\/raicesandaluzas.com\/revista\/?p=1836"},"modified":"2024-04-25T17:53:08","modified_gmt":"2024-04-25T17:53:08","slug":"la-feria-de-abril-representa-una-oportunidad-para-celebrar-la-diversidad-cultural","status":"publish","type":"post","link":"https:\/\/raicesandaluzas.com\/revista\/2024\/04\/25\/la-feria-de-abril-representa-una-oportunidad-para-celebrar-la-diversidad-cultural\/","title":{"rendered":"\u00abLa Feria de Abril representa una oportunidad para celebrar la diversidad cultural\u00bb"},"content":{"rendered":"\n<p>Entrevista con David Bote, alcalde de Matar\u00f3<\/p>\n\n\n\n<p><strong><span style=\"background-color:#b5dcaf\" class=\"td_text_highlight_marker\">RA\u00cdCES ANDALUZAS. Abril y principios de mayo es sin\u00f3nimo de Feria. \u00bfQu\u00e9 cree que perder\u00eda Catalunya si por alg\u00fan motivo este evento desapareciera del calendario?<\/span><\/strong><\/p>\n\n\n\n<p><strong><span style=\"background-color:#b5dcaf\" class=\"td_text_highlight_marker\">DAVID BOTE.<\/span> <\/strong>No contemplo ese escenario la verdad, pero ya que me lo preguntas te dir\u00e9 que se perder\u00eda un evento muy importante para Catalunya en diferentes aspectos. La Feria de Abril es un acto de promoci\u00f3n tur\u00edstica con el impacto econ\u00f3mico que eso conlleva en la zona que lo celebra. La desaparici\u00f3n de estos eventos podr\u00eda afectar negativamente la imagen tur\u00edstica de la regi\u00f3n y reducir el flujo de visitantes. La Feria de Abril atrae una gran cantidad de visitantes, lo que genera ingresos significativos para la econom\u00eda local a trav\u00e9s del turismo, las ventas y el comercio. La desaparici\u00f3n de estos eventos podr\u00eda resultar en una p\u00e9rdida de ingresos para las empresas locales, hoteles, restaurantes y comerciantes.<\/p>\n\n\n\n<p>Pero m\u00e1s all\u00e1 de la econom\u00eda y la proyecci\u00f3n tur\u00edstica, lo m\u00e1s importante es la cohesi\u00f3n social y cultural que conlleva este acto, es un momento de encuentro para la comunidad local, donde se fortalecen los lazos sociales y se celebra la identidad cultural.<\/p>\n\n\n\n<p>Por tanto, me reafirmo en no contemplar ese escenario que planteas y poder celebrar otros 50 a\u00f1os m\u00e1s.<\/p>\n\n\n\n<p><strong><span style=\"background-color:#b5dcaf\" class=\"td_text_highlight_marker\">R.A. Para muchos catalanes, la Feria de Abril es algo muy ajeno a su manera de ver la cultura y la vida. \u00bfConsidera que la Feria es el reflejo de la Catalunya de hoy en d\u00eda?\u00a0<\/span><\/strong><\/p>\n\n\n\n<p><strong><span style=\"background-color:#b5dcaf\" class=\"td_text_highlight_marker\">D.B.<\/span> <\/strong>La Feria de Abril representa una oportunidad para celebrar la diversidad cultural y promover el intercambio cultural entre diferentes zonas de Espa\u00f1a. En este sentido, la celebraci\u00f3n es un reflejo de la Catalunya de hoy en d\u00eda que valora la multiculturalidad y la apertura hacia diferentes expresiones culturales.\u00a0 <\/p>\n\n\n\n<p><strong><span style=\"background-color:#b5dcaf\" class=\"td_text_highlight_marker\">R.A. La Feria de Abril de Catalunya celebr\u00f3 el a\u00f1o pasado su 50 edici\u00f3n con notable \u00e9xito en cuanto al n\u00famero de asistentes. \u00bfPiensa que la Feria deber\u00eda seguir creciendo o eso har\u00eda que perdiera parte de su idiosincracia?<\/span><\/strong><\/p>\n\n\n\n<p><strong><span style=\"background-color:#b5dcaf\" class=\"td_text_highlight_marker\">D.B.<\/span> <\/strong>Mi opini\u00f3n es que se debe buscar un equilibrio entre el crecimiento sostenible y la preservaci\u00f3n de la idiosincrasia y los valores culturales que hacen que la Feria sea \u00fanica. Y este equilibrio se tiene que encontrar consultando y captando las opiniones de las partes interesadas, incluidos los organizadores, los participantes y los visitantes, entre otros agentes implicados.<strong> <\/strong>\u00a0<\/p>\n\n\n\n<p><strong><span style=\"background-color:#b5dcaf\" class=\"td_text_highlight_marker\">R.A. \u00bfCree que la Feria deber\u00eda modernizarse m\u00e1s para adaptarse a los nuevos tiempos?\u00a0<\/span><\/strong><\/p>\n\n\n\n<p><strong><span style=\"background-color:#b5dcaf\" class=\"td_text_highlight_marker\">D.B.<\/span> <\/strong>La modernizaci\u00f3n puede implicar la incorporaci\u00f3n de nuevas tecnolog\u00edas, actividades y entretenimiento que atraigan a un p\u00fablico m\u00e1s amplio, especialmente a las generaciones m\u00e1s j\u00f3venes. Esto podr\u00eda incluir la integraci\u00f3n de aplicaciones m\u00f3viles para facilitar la navegaci\u00f3n por el evento y la introducci\u00f3n de actividades interactivas pero sin perder la tradici\u00f3n y la autenticidad caracter\u00edsticas de la Feria.\u00a0\u00a0<\/p>\n\n\n\n<p><strong><span style=\"background-color:#b5dcaf\" class=\"td_text_highlight_marker\">R.A. En esta edici\u00f3n de la Feria de Abril volvemos a estar en periodo electoral como ha pasado muchas veces y el Real ser\u00e1 un gran escaparate para los pol\u00edticos. \u00bfConsidera que es un buen lugar para captar las inquietudes de la ciudadan\u00eda?\u00a0\u00a0<\/span><\/strong><\/p>\n\n\n\n<p><strong><span style=\"background-color:#b5dcaf\" class=\"td_text_highlight_marker\">D.B.<\/span> <\/strong>Cualquier encuentro y cualquier \u00e9poca del a\u00f1o es un buen momento para captar las inquietudes de la ciudadan\u00eda. Escuchar para compartir y sumar sinergias para mejorar nuestras ciudades es nuestro deber y ahora pasamos el examen, el momento en que la ciudadan\u00eda decide a sus representantes pol\u00edticos. El esfuerzo de cada d\u00eda, los proyectos llevados a cargo y la gesti\u00f3n que hacemos es un trabajo diario y ahora en campa\u00f1a lo que intentamos es poner eso en valor.<\/p>\n\n\n\n<p>Nosotros estaremos como cada a\u00f1o en la Feria de Abril de Catalunya en un momento decisivo para el pa\u00eds, un momento de esperanza para que gane la cohesi\u00f3n y no la divisi\u00f3n. Esa cohesi\u00f3n, ese respeto y esa convivencia que tenemos y que muchos quieren romper, y que no lo han conseguido pese a todo.<\/p>\n\n\n\n<p>Unos valores, los de respeto a los dem\u00e1s, la inclusi\u00f3n de culturas para sumar en riqueza y diversidad,&nbsp; son precisamente los que vosotros consegu\u00eds organizando hace ya 50 a\u00f1os la Feria de Abril en Catalunya. Des de aqu\u00ed os felicito abiertamente.&nbsp;&nbsp;<\/p>\n\n\n\n<p><strong><span style=\"background-color:#b5dcaf\" class=\"td_text_highlight_marker\">R.A. Matar\u00f3 siempre est\u00e1 presente en el Real. \u00bfQu\u00e9 imagen cree que se transmite de la ciudad en un evento como este?<\/span><\/strong><\/p>\n\n\n\n<p><strong><span style=\"background-color:#b5dcaf\" class=\"td_text_highlight_marker\">D.B.<\/span> <\/strong>Pues a trav\u00e9s de las entidades de Matar\u00f3 que participan estoy seguro que se transmite la alegr\u00eda de la ciudad, las ganas y la fuerza que tenemos de rehacernos, reinventarnos y adaptarnos a las nuevas realidades socio econ\u00f3micas.<\/p>\n\n\n\n<p><strong><span style=\"background-color:#b5dcaf\" class=\"td_text_highlight_marker\">R.A. En mayo se celebra en su ciudad una Romer\u00eda Rociera que tambi\u00e9n ha ido creciendo a\u00f1o a a\u00f1o. \u00bfCu\u00e1l cree que es el secreto gracias al cual ha logrado esta estabilidad en el calendario cultural de Matar\u00f3?\u00a0<\/span><\/strong><\/p>\n\n\n\n<p><strong><span style=\"background-color:#b5dcaf\" class=\"td_text_highlight_marker\">D.B. <\/span><\/strong>Sin duda el secreto de Matar\u00f3 es el trabajo de las entidades andaluzas de la ciudad, sin ellas no se podr\u00eda celebrar nuestra Romer\u00eda Rociera. Una Romer\u00eda que este a\u00f1o cambia de ubicaci\u00f3n y se hace en el Parque Central acerc\u00e1ndola m\u00e1s a\u00fan a todo el mundo. El motivo es la prevenci\u00f3n de incendios, ya que siempre se celebraba en el Parque Forestal pero por su proximidad al Parque natural de Montnegre-El Corredor se ha considerado que se tiene que trasladar a un entorno urbano. Aprovecharemos esta situaci\u00f3n para que sea una oportunidad para hacer a\u00fan m\u00e1s abierta esta fiesta.<\/p>\n\n\n\n<p><strong><span style=\"background-color:#b5dcaf\" class=\"td_text_highlight_marker\">R.A. Nos acercamos al primer a\u00f1o de esta nueva legislatura tras las elecciones municipales del a\u00f1o pasado. \u00bfC\u00f3mo valora su gesti\u00f3n al frente del ayuntamiento de la ciudad estos \u00faltimos meses?<\/span><\/strong><\/p>\n\n\n\n<p><strong><span style=\"background-color:#b5dcaf\" class=\"td_text_highlight_marker\">D.B. <\/span><\/strong>Seguimos trabajando en pol\u00edticas que hagan de Matar\u00f3 una ciudad prospera, saludable, sostenible, inclusiva, inteligente, bien conectada y con las mismas oportunidades para sus ciudadanos y ciudadanas.<\/p>\n","protected":false},"excerpt":{"rendered":"<p>Entrevista con David Bote, alcalde de Matar\u00f3 RA\u00cdCES ANDALUZAS. Abril y principios de mayo es sin\u00f3nimo de Feria. \u00bfQu\u00e9 cree que perder\u00eda Catalunya si por alg\u00fan motivo este evento desapareciera del calendario? DAVID BOTE. No contemplo ese escenario la verdad, pero ya que me lo preguntas te dir\u00e9 que se perder\u00eda un evento muy importante [&hellip;]<\/p>\n","protected":false},"author":1,"featured_media":1837,"comment_status":"open","ping_status":"open","sticky":false,"template":"","format":"standard","meta":{"footnotes":""},"categories":[20],"tags":[],"class_list":{"0":"post-1836","1":"post","2":"type-post","3":"status-publish","4":"format-standard","5":"has-post-thumbnail","7":"category-entrevistas"},"_links":{"self":[{"href":"https:\/\/raicesandaluzas.com\/revista\/wp-json\/wp\/v2\/posts\/1836","targetHints":{"allow":["GET"]}}],"collection":[{"href":"https:\/\/raicesandaluzas.com\/revista\/wp-json\/wp\/v2\/posts"}],"about":[{"href":"https:\/\/raicesandaluzas.com\/revista\/wp-json\/wp\/v2\/types\/post"}],"author":[{"embeddable":true,"href":"https:\/\/raicesandaluzas.com\/revista\/wp-json\/wp\/v2\/users\/1"}],"replies":[{"embeddable":true,"href":"https:\/\/raicesandaluzas.com\/revista\/wp-json\/wp\/v2\/comments?post=1836"}],"version-history":[{"count":1,"href":"https:\/\/raicesandaluzas.com\/revista\/wp-json\/wp\/v2\/posts\/1836\/revisions"}],"predecessor-version":[{"id":1838,"href":"https:\/\/raicesandaluzas.com\/revista\/wp-json\/wp\/v2\/posts\/1836\/revisions\/1838"}],"wp:featuredmedia":[{"embeddable":true,"href":"https:\/\/raicesandaluzas.com\/revista\/wp-json\/wp\/v2\/media\/1837"}],"wp:attachment":[{"href":"https:\/\/raicesandaluzas.com\/revista\/wp-json\/wp\/v2\/media?parent=1836"}],"wp:term":[{"taxonomy":"category","embeddable":true,"href":"https:\/\/raicesandaluzas.com\/revista\/wp-json\/wp\/v2\/categories?post=1836"},{"taxonomy":"post_tag","embeddable":true,"href":"https:\/\/raicesandaluzas.com\/revista\/wp-json\/wp\/v2\/tags?post=1836"}],"curies":[{"name":"wp","href":"https:\/\/api.w.org\/{rel}","templated":true}]}}