{"id":1831,"date":"2024-04-26T08:48:00","date_gmt":"2024-04-26T08:48:00","guid":{"rendered":"https:\/\/raicesandaluzas.com\/revista\/?p=1831"},"modified":"2024-04-29T14:29:21","modified_gmt":"2024-04-29T14:29:21","slug":"la-feria-no-va-a-tener-problemas-para-hacerse-en-cualquier-sitio","status":"publish","type":"post","link":"https:\/\/raicesandaluzas.com\/revista\/2024\/04\/26\/la-feria-no-va-a-tener-problemas-para-hacerse-en-cualquier-sitio\/","title":{"rendered":"\u201cLa Feria no va a tener problemas para hacerse en cualquier sitio\u201d"},"content":{"rendered":"\n<p><strong>Entrevista con Daniel Salinero, presidente de la Federaci\u00f3n de Entidades Culturales Andaluzas en Catalunya (FECAC)<\/strong><\/p>\n\n\n\n<p><strong><span style=\"background-color:#b5dcaf\" class=\"td_text_highlight_marker\">RA\u00cdCES ANDALUZAS. Se te ve\u00eda muy emocionado en la entrega de la medalla de oro al m\u00e9rito c\u00edvico del Ayuntamiento de Barcelona. \u00bfC\u00f3mo te sentiste?<br>DANIEL SALINERO.<\/span><\/strong> S\u00ed, me sent\u00ed muy emocionado y, entre comillas, recompensado. En ese momento te acuerdas de toda la gente que ha participado en la FECAC desde hace m\u00e1s de 50 a\u00f1os, que ha trabajado, que ha luchado. Fue un c\u00famulo de sensaciones muy especial, por acordarnos de ellos, de toda la gente que est\u00e1 ahora y sigue peleando, y de la gente que ha de venir. Creo que es el mayor reconocimiento que nos pod\u00edan hacer a la FECAC en la ciudad de Barcelona.<br><strong><span style=\"background-color:#b5dcaf\" class=\"td_text_highlight_marker\">R.A. En tu discurso dijiste que la FECAC se merec\u00eda la medalla mucho antes.<br>D.S. <\/span><\/strong>S\u00ed, lo vengo diciendo desde hace muchos a\u00f1os. La FECAC ha sido una parte imprescindible dentro de la Catalunya que hoy conocemos. A nivel de cohesi\u00f3n social, de la lengua, de integraci\u00f3n, de cultura. No creo que haya otra entidad como la nuestra que lleve tanto tiempo. Creo que ya \u00e9ramos medalla de oro antes, pero que lo reconozcan de la forma que lo hicieron te llena de orgullo y de alguna forma tambi\u00e9n te compensa todas las penurias que puedas pasar.<br><strong><span style=\"background-color:#b5dcaf\" class=\"td_text_highlight_marker\">R.A. \u00bfEste tipo de reconocimiento es gasolina para la federaci\u00f3n para seguir trabajando?<br>D.S.<\/span><\/strong> S\u00ed, es gasolina para nosotros y creo que tambi\u00e9n es un reconocimiento para toda la gente que est\u00e1 detr\u00e1s en las entidades que componen la FECAC. Tambi\u00e9n lo dije en el discurso, que esa medalla era para lucir en la solapa con orgullo todos. Fue un momento inolvidable.<br><strong><span style=\"background-color:#b5dcaf\" class=\"td_text_highlight_marker\">R.A. Para ir con la cabeza bien alta, que a veces se os ha machacado bastante.<br>D.S.<\/span><\/strong> Cuando llegu\u00e9 hace diez a\u00f1os, en mi discurso dije que \u00e9ramos muchas cosas pero que sobre todo \u00e9ramos buena gente. Y un reconocimiento te acaba danto da la raz\u00f3n.<br><strong><span style=\"background-color:#b5dcaf\" class=\"td_text_highlight_marker\">R.A. \u00bfEs mejor la relaci\u00f3n con el nuevo gobierno municipal del PSC que con el anterior de Ada Colau?<br>D.S.<\/span><\/strong> S\u00ed, es una relaci\u00f3n mejor porque es m\u00e1s directa. Antes era dif\u00edcil contactar y poder hablar, interactuar. Y ahora es de primera mano. Ah\u00ed hemos ganado much\u00edsimo. Est\u00e1n muy cerca de todo lo que hacemos y colaboran, que es lo importante.<br><strong><span style=\"background-color:#b5dcaf\" class=\"td_text_highlight_marker\">R.A. Cu\u00e9ntanos las principales novedades de la Feria de Abril 2024.<br>D.S. <\/span><\/strong>La novedad principal es que debido al \u00e9xito de la edici\u00f3n del a\u00f1o pasado, que tenemos cifras oficiales de la Guardia Urbana y del propio F\u00f2rum que dicen que sobrepasamos el 1.200.000 personas que visitaron la Feria, este a\u00f1o hemos ampliado el aforo en un 24%. El a\u00f1o pasado tuvimos que cerrar en tres ocasiones por exceso de aforo y este a\u00f1o nos hemos visto obligados a aumentar el aforo y la seguridad. La Feria se hace cada d\u00eda m\u00e1s grande.<br><strong><span style=\"background-color:#b5dcaf\" class=\"td_text_highlight_marker\">R.A. Pero claro, no pod\u00e9is aumentar el espacio.<br>D.S.<\/span><\/strong> El problema es ese, que no podemos aumentar el espacio porque no nos dejan, y eso nos limita. Aumentamos los servicios pero no espacio, con lo cual no aumentamos los ingresos. Se aumenta el gasto en seguridad porque hay que hacerlo para tener una Feria mejor, pero no aumentamos ingresos, y eso es un problema grave.<br><strong><span style=\"background-color:#b5dcaf\" class=\"td_text_highlight_marker\">R.A. \u00bfC\u00f3mo lo hac\u00e9is entonces?<br>D.S. <\/span><\/strong>Hemos cambiado los accesos a la zona de feriantes, es m\u00e1s ancho y hemos ocupado una zona del auditorio. Y adem\u00e1s hemos ampliado el dispositivo de seguridad, que nos permite llegar hasta las 31.000 personas a la vez en la Feria. El a\u00f1o pasado tuvimos que cerrar no porque no hubiera espacio, sino porque el dispositivo de seguridad era para 25.000 personas.<br><strong><span style=\"background-color:#b5dcaf\" class=\"td_text_highlight_marker\">R.A. Este a\u00f1o al ser mi\u00e9rcoles el 1 de mayo tambi\u00e9n puede ayudar a aumentar las visitas, \u00bfno?<br>D.S. <\/span><\/strong>S\u00ed, es casi como tener tres fines de semana. El d\u00eda 1 es un d\u00eda muy bonito en la Feria, un d\u00eda muy familiar. Yo creo que llegaremos tambi\u00e9n al pico. Ya te digo, hemos aumentado el aforo pero lo que sigue aumentando cada a\u00f1o es el cari\u00f1o de la gente hacia la Feria.<br><span style=\"background-color:#b5dcaf\" class=\"td_text_highlight_marker\">R.A. Hemos hablado de la zona de feriantes. Estos d\u00edas se comenta que el consistorio se est\u00e1 planteando reformar la plataforma de la Marina y eso tal vez supondr\u00eda que no se pudiera disponer de ese espacio.<br>D.S.<\/span> No s\u00e9. Nosotros tenemos un contrato de dos a\u00f1os m\u00e1s uno, o sea que si hay obras no creo que sea antes, y si son antes, nosotros encantados de poder hacerlo en otro sitio. En otro sitio de Barcelona, pero en otro espacio. Ser\u00eda ideal. Nosotros no tenemos problemas, la Feria no va a tener problemas para hacerse en cualquier sitio.<br><strong><span style=\"background-color:#b5dcaf\" class=\"td_text_highlight_marker\">R.A. Supongo que habr\u00e1 muchas visitas de pol\u00edticos en periodo electoral. \u00bfCrees que es bueno o malo para la Feria esto?<br>D.S. <\/span><\/strong>Es bueno, que vengan los pol\u00edticos siempre es bueno. Pero bueno, cuando no coincide con campa\u00f1a electoral tambi\u00e9n tienen costumbre de pasarse por la Feria para saludar a las entidades y estar con su gente. Siempre es bueno que vengan y que crean en lo que hacemos. Tambi\u00e9n te digo que hay muchos que vienen de inc\u00f3gnito, y eso es porque les gusta la Feria.<br><strong><span style=\"background-color:#b5dcaf\" class=\"td_text_highlight_marker\">R.A. Hemos hablado de las entidades. \u00bfLas de cultura andaluza se repite el n\u00famero, aumenta o se quedan igual?<br>D.S.<\/span><\/strong> Hemos aumentado con respecto al a\u00f1o pasado. Por ejemplo, recuperamos la Casa de Andaluc\u00eda en Cerdanyola que vuelve a montar este a\u00f1o, como entidades nuevas montan la Hermandad Nuestra Se\u00f1ora del Roc\u00edo Divina Pastora de Matar\u00f3, la Hermandad Nuestra Se\u00f1ora del Roc\u00edo de La Pau, la Hermandad Nuestra Se\u00f1ora del Roc\u00edo de Badia del Vall\u00e8s. Se van sumando entidades y van creyendo cada vez m\u00e1s en la Feria. Es bueno que las entidades que montan se mantengan y que el resto, que somos muchas, vayan participando montando en la Feria. Aunque, al fin y al cabo, todas participan porque vienen a bailar, a hacer muestras culturales a la Feria, aunque es importante que monten su caseta y tengan su espacio.<br><strong><span style=\"background-color:#b5dcaf\" class=\"td_text_highlight_marker\">R.A. Otra de las novedades es que dais un empuj\u00f3n a la candidatura de la rumba catalana para ser Patrimonio Cultural Inmaterial de la UNESCO.<br>D.S. <\/span><\/strong>S\u00ed, nos hemos adherido a la plataforma que est\u00e1 apoyando la iniciativa. Tendremos dos espacios para ellos, les vamos a dar incluso un papel importante en la inauguraci\u00f3n, van a hacer actuaciones diarias de rumba catalana, etc. A ver si entre todos empujamos para que la rumba catalana sea declarada Patrimonio Inmaterial de la UNESCO.<br><strong><span style=\"background-color:#b5dcaf\" class=\"td_text_highlight_marker\">R.A. Este a\u00f1o la Feria y el Roc\u00edo est\u00e1n muy pegados en el tiempo. \u00bfEs un poco pesadilla para la FECAC cuando pasa esto?<br>D.S. <\/span><\/strong>Es pesadilla, s\u00ed, es dif\u00edcil porque estamos montando la Feria y paralelamente estamos montando el Roc\u00edo en Terrassa. A parte, cuando acabemos la Feria que estaremos rendidos no tendremos tiempo para recuperarnos y ya estaremos celebrado Pentecost\u00e9s. Es dif\u00edcil, a veces no se valora el trabajo que se hace desde la junta directiva y la gente que trabaja alrededor de la FECAC, pero es complicado. Pero bueno, ah\u00ed estaremos disfrutando de los eventos m\u00e1s importantes que hacemos.<br><strong><span style=\"background-color:#b5dcaf\" class=\"td_text_highlight_marker\">R.A. Es un poco dif\u00edcil que haya alguien a\u00fan que no haya visitado la Feria en alg\u00fan momento, pero \u00bfqu\u00e9 les dir\u00edas a los que a\u00fan no lo hayan hecho?<br>D.S.<\/span><\/strong> Que vengan, que nos conozcan, que aqu\u00ed van a disfrutar de la grandeza del folklore andaluz en su m\u00e1xima expresi\u00f3n, de la mejor gastronom\u00eda, de buena gente, que es la que compone la FECAC y todo el movimiento de la Feria de Abril. Que vengan al evento cultural m\u00e1s importante que se hace en el pa\u00eds. Es as\u00ed, esta es una Feria que est\u00e1 organizada por personas, no por administraciones. Esa es nuestra grandeza y nuestra forma de ser. Y eso, que conozcan las entidades, el ambiente que tenemos, que es fant\u00e1stico. <\/p>\n","protected":false},"excerpt":{"rendered":"<p>Entrevista con Daniel Salinero, presidente de la Federaci\u00f3n de Entidades Culturales Andaluzas en Catalunya (FECAC) RA\u00cdCES ANDALUZAS. Se te ve\u00eda muy emocionado en la entrega de la medalla de oro al m\u00e9rito c\u00edvico del Ayuntamiento de Barcelona. \u00bfC\u00f3mo te sentiste?DANIEL SALINERO. S\u00ed, me sent\u00ed muy emocionado y, entre comillas, recompensado. En ese momento te acuerdas [&hellip;]<\/p>\n","protected":false},"author":1,"featured_media":1874,"comment_status":"open","ping_status":"open","sticky":false,"template":"","format":"standard","meta":{"footnotes":""},"categories":[20],"tags":[],"class_list":{"0":"post-1831","1":"post","2":"type-post","3":"status-publish","4":"format-standard","5":"has-post-thumbnail","7":"category-entrevistas"},"_links":{"self":[{"href":"https:\/\/raicesandaluzas.com\/revista\/wp-json\/wp\/v2\/posts\/1831","targetHints":{"allow":["GET"]}}],"collection":[{"href":"https:\/\/raicesandaluzas.com\/revista\/wp-json\/wp\/v2\/posts"}],"about":[{"href":"https:\/\/raicesandaluzas.com\/revista\/wp-json\/wp\/v2\/types\/post"}],"author":[{"embeddable":true,"href":"https:\/\/raicesandaluzas.com\/revista\/wp-json\/wp\/v2\/users\/1"}],"replies":[{"embeddable":true,"href":"https:\/\/raicesandaluzas.com\/revista\/wp-json\/wp\/v2\/comments?post=1831"}],"version-history":[{"count":2,"href":"https:\/\/raicesandaluzas.com\/revista\/wp-json\/wp\/v2\/posts\/1831\/revisions"}],"predecessor-version":[{"id":1875,"href":"https:\/\/raicesandaluzas.com\/revista\/wp-json\/wp\/v2\/posts\/1831\/revisions\/1875"}],"wp:featuredmedia":[{"embeddable":true,"href":"https:\/\/raicesandaluzas.com\/revista\/wp-json\/wp\/v2\/media\/1874"}],"wp:attachment":[{"href":"https:\/\/raicesandaluzas.com\/revista\/wp-json\/wp\/v2\/media?parent=1831"}],"wp:term":[{"taxonomy":"category","embeddable":true,"href":"https:\/\/raicesandaluzas.com\/revista\/wp-json\/wp\/v2\/categories?post=1831"},{"taxonomy":"post_tag","embeddable":true,"href":"https:\/\/raicesandaluzas.com\/revista\/wp-json\/wp\/v2\/tags?post=1831"}],"curies":[{"name":"wp","href":"https:\/\/api.w.org\/{rel}","templated":true}]}}