{"id":1826,"date":"2024-04-26T10:02:00","date_gmt":"2024-04-26T10:02:00","guid":{"rendered":"https:\/\/raicesandaluzas.com\/revista\/?p=1826"},"modified":"2024-04-24T17:14:47","modified_gmt":"2024-04-24T17:14:47","slug":"la-feria-de-abril-enciende-su-edicion-numero-51-esta-noche-en-el-parc-del-forum","status":"publish","type":"post","link":"https:\/\/raicesandaluzas.com\/revista\/2024\/04\/26\/la-feria-de-abril-enciende-su-edicion-numero-51-esta-noche-en-el-parc-del-forum\/","title":{"rendered":"La Feria de Abril enciende su edici\u00f3n n\u00famero 51 esta noche en el Parc del F\u00f2rum"},"content":{"rendered":"\n<p>El Real de la Feria de Abril de Catalunya abre sus puertas del 26 de abril al 5 de mayo en el Parc del F\u00f2rum, entre Sant Adri\u00e0 de Bes\u00f2s y Barcelona con alguna novedad. La principal, que se ha ampliado el aforo hasta las 31.000 personas para evitar el cierre por exceso de visitantes que se vivi\u00f3 en diversos momentos en la edici\u00f3n de 2023. Para conseguirlo se ha aumentado el dispositivo de seguridad y el acceso a la zona de las atracciones para evitar aglomeraciones.<\/p>\n\n\n\n<p>Adem\u00e1s, una de las novedades ser\u00e1 las dos casetas de apoyo a la candidatura de la rumba catalana como Patrimonio Cultural Inmaterial de la UNESCO en las que se llevar\u00e1n a cabo talleres y conciertos de rumba. Tambi\u00e9n, como novedad, los visitantes podr\u00e1n encontrar una zona village donde comer y beber al aire libre. <\/p>\n\n\n\n<p>El acto de encendido del alumbrado de esta noche, en torno a las 21 horas, dar\u00e1 el toque de inicio a diez d\u00edas de fiesta en el F\u00f2rum en uno de los acontecimientos culturales m\u00e1s multitudinarios que se celebran en tierras catalanas.  <\/p>\n\n\n\n<p><strong>Un cartel gaudiniano<\/strong><\/p>\n\n\n\n<p>El cartel de este a\u00f1o ha sido dise\u00f1ado por la fot\u00f3grafa barcelonesa con ra\u00edces gaditanas Maria del Carmen Longobardo Vela. Se trata de una obra con evocaci\u00f3n gaudiniana al representar a una mujer con vestido flamenco ante la Casa Batll\u00f3 del passeig de Gr\u00e0cia. Un cartel donde no falta el \u201ctrencad\u00eds\u201d t\u00edpico del arquitecto modernista, la peineta con la cruz que remata el edificio o los dragones como<br>pendientes.<\/p>\n","protected":false},"excerpt":{"rendered":"<p>El Real de la Feria de Abril de Catalunya abre sus puertas del 26 de abril al 5 de mayo en el Parc del F\u00f2rum, entre Sant Adri\u00e0 de Bes\u00f2s y Barcelona con alguna novedad. La principal, que se ha ampliado el aforo hasta las 31.000 personas para evitar el cierre por exceso de visitantes [&hellip;]<\/p>\n","protected":false},"author":1,"featured_media":1827,"comment_status":"open","ping_status":"open","sticky":false,"template":"","format":"standard","meta":{"footnotes":""},"categories":[19],"tags":[],"class_list":{"0":"post-1826","1":"post","2":"type-post","3":"status-publish","4":"format-standard","5":"has-post-thumbnail","7":"category-actualidad"},"_links":{"self":[{"href":"https:\/\/raicesandaluzas.com\/revista\/wp-json\/wp\/v2\/posts\/1826","targetHints":{"allow":["GET"]}}],"collection":[{"href":"https:\/\/raicesandaluzas.com\/revista\/wp-json\/wp\/v2\/posts"}],"about":[{"href":"https:\/\/raicesandaluzas.com\/revista\/wp-json\/wp\/v2\/types\/post"}],"author":[{"embeddable":true,"href":"https:\/\/raicesandaluzas.com\/revista\/wp-json\/wp\/v2\/users\/1"}],"replies":[{"embeddable":true,"href":"https:\/\/raicesandaluzas.com\/revista\/wp-json\/wp\/v2\/comments?post=1826"}],"version-history":[{"count":2,"href":"https:\/\/raicesandaluzas.com\/revista\/wp-json\/wp\/v2\/posts\/1826\/revisions"}],"predecessor-version":[{"id":1830,"href":"https:\/\/raicesandaluzas.com\/revista\/wp-json\/wp\/v2\/posts\/1826\/revisions\/1830"}],"wp:featuredmedia":[{"embeddable":true,"href":"https:\/\/raicesandaluzas.com\/revista\/wp-json\/wp\/v2\/media\/1827"}],"wp:attachment":[{"href":"https:\/\/raicesandaluzas.com\/revista\/wp-json\/wp\/v2\/media?parent=1826"}],"wp:term":[{"taxonomy":"category","embeddable":true,"href":"https:\/\/raicesandaluzas.com\/revista\/wp-json\/wp\/v2\/categories?post=1826"},{"taxonomy":"post_tag","embeddable":true,"href":"https:\/\/raicesandaluzas.com\/revista\/wp-json\/wp\/v2\/tags?post=1826"}],"curies":[{"name":"wp","href":"https:\/\/api.w.org\/{rel}","templated":true}]}}