{"id":1791,"date":"2024-04-22T09:40:40","date_gmt":"2024-04-22T09:40:40","guid":{"rendered":"https:\/\/raicesandaluzas.com\/revista\/?p=1791"},"modified":"2024-04-22T09:44:12","modified_gmt":"2024-04-22T09:44:12","slug":"la-casa-de-sevilla-de-sant-boi-se-prepara-para-celebrar-los40-anos-de-su-gran-fiesta-la-cruz-de-mayo","status":"publish","type":"post","link":"https:\/\/raicesandaluzas.com\/revista\/2024\/04\/22\/la-casa-de-sevilla-de-sant-boi-se-prepara-para-celebrar-los40-anos-de-su-gran-fiesta-la-cruz-de-mayo\/","title":{"rendered":"La Casa de Sevilla de Sant Boi se prepara para celebrar los 40 a\u00f1os de su gran fiesta, la Cruz de Mayo"},"content":{"rendered":"\n<p>Se ha presentado el cartel anunciador de la 40 edici\u00f3n de la Cruz de Mayo de Sant Boi, la pionera de aire andaluz en Catalu\u00f1a.<br>Una celebraci\u00f3n que se vivir\u00e1 en la localidad del Baix Llobregat del 10 al 12 de Mayo en la que la tradici\u00f3n y la fiesta est\u00e1n aseguradas.<br>Actuaciones de flamenco, conciertos de rumba catalana con \u201cHostafrancs Rumba\u201d (con Joan Herrero, voz principal de Los Manolos), Los Sobraos, Misa Rociera, Potaje Popular\u2026 \u00a1Y mucho m\u00e1s!<br>Los actos se celebrar\u00e1n en la carpa que estar\u00e1 situada en la Pla\u00e7a de l\u2019Agricultura de Sant Boi, en la que la entidad quiere celebrar un fin de semana \u00fanico y memorable con el mejor estilo andaluz.<br>La programaci\u00f3n detallada se puede ver en la web de la entidad (www.casadesevillasantboi.com)<br><\/p>\n","protected":false},"excerpt":{"rendered":"<p>Se ha presentado el cartel anunciador de la 40 edici\u00f3n de la Cruz de Mayo de Sant Boi, la pionera de aire andaluz en Catalu\u00f1a.Una celebraci\u00f3n que se vivir\u00e1 en la localidad del Baix Llobregat del 10 al 12 de Mayo en la que la tradici\u00f3n y la fiesta est\u00e1n aseguradas.Actuaciones de flamenco, conciertos de [&hellip;]<\/p>\n","protected":false},"author":2,"featured_media":1792,"comment_status":"open","ping_status":"open","sticky":false,"template":"","format":"standard","meta":{"footnotes":""},"categories":[19],"tags":[],"class_list":{"0":"post-1791","1":"post","2":"type-post","3":"status-publish","4":"format-standard","5":"has-post-thumbnail","7":"category-actualidad"},"_links":{"self":[{"href":"https:\/\/raicesandaluzas.com\/revista\/wp-json\/wp\/v2\/posts\/1791","targetHints":{"allow":["GET"]}}],"collection":[{"href":"https:\/\/raicesandaluzas.com\/revista\/wp-json\/wp\/v2\/posts"}],"about":[{"href":"https:\/\/raicesandaluzas.com\/revista\/wp-json\/wp\/v2\/types\/post"}],"author":[{"embeddable":true,"href":"https:\/\/raicesandaluzas.com\/revista\/wp-json\/wp\/v2\/users\/2"}],"replies":[{"embeddable":true,"href":"https:\/\/raicesandaluzas.com\/revista\/wp-json\/wp\/v2\/comments?post=1791"}],"version-history":[{"count":2,"href":"https:\/\/raicesandaluzas.com\/revista\/wp-json\/wp\/v2\/posts\/1791\/revisions"}],"predecessor-version":[{"id":1794,"href":"https:\/\/raicesandaluzas.com\/revista\/wp-json\/wp\/v2\/posts\/1791\/revisions\/1794"}],"wp:featuredmedia":[{"embeddable":true,"href":"https:\/\/raicesandaluzas.com\/revista\/wp-json\/wp\/v2\/media\/1792"}],"wp:attachment":[{"href":"https:\/\/raicesandaluzas.com\/revista\/wp-json\/wp\/v2\/media?parent=1791"}],"wp:term":[{"taxonomy":"category","embeddable":true,"href":"https:\/\/raicesandaluzas.com\/revista\/wp-json\/wp\/v2\/categories?post=1791"},{"taxonomy":"post_tag","embeddable":true,"href":"https:\/\/raicesandaluzas.com\/revista\/wp-json\/wp\/v2\/tags?post=1791"}],"curies":[{"name":"wp","href":"https:\/\/api.w.org\/{rel}","templated":true}]}}