{"id":1780,"date":"2024-04-16T09:22:03","date_gmt":"2024-04-16T09:22:03","guid":{"rendered":"https:\/\/raicesandaluzas.com\/revista\/?p=1780"},"modified":"2024-04-22T09:35:14","modified_gmt":"2024-04-22T09:35:14","slug":"la-hermandad-nuestra-senora-del-rocio-de-pineda-de-mar-celebra-su-40-aniversario-con-una-misa-en-la-catedral-de-girona","status":"publish","type":"post","link":"https:\/\/raicesandaluzas.com\/revista\/2024\/04\/16\/la-hermandad-nuestra-senora-del-rocio-de-pineda-de-mar-celebra-su-40-aniversario-con-una-misa-en-la-catedral-de-girona\/","title":{"rendered":"La Hermandad Nuestra Se\u00f1ora del Roc\u00edo de Pineda de Mar celebra su 40 aniversario con una misa en la catedral de Girona"},"content":{"rendered":"\n<p>La Hermandad Nuestra Se\u00f1ora del Roc\u00edo de Pineda de Mar, en el marco del a\u00f1o de su 40 aniversario, celebr\u00f3 el pasado 13 de abril una eucarist\u00eda conmemorativa de este evento. La misa, que fue la primera en la historia en honor a la Virgen del Roc\u00edo en Girona y en la catedral de dicha ciudad, estuvo oficiada por el consiliario de la Hermandad, Moss\u00e8n Enric Tubert, y cantada por el grupo almonte\u00f1o Senderos, en lo que supuso su primera reuni\u00f3n fuera de su pueblo natal despu\u00e9s de m\u00e1s de 12 a\u00f1os desde que pausaron su carrera. A dicho acto asistieron 250 personas, entre autoridades, representaciones pol\u00edticas, socios de la hermandad y\u00a0dem\u00e1s\u00a0personas.<\/p>\n\n\n\n<figure class=\"wp-block-gallery has-nested-images columns-default is-cropped td-modal-on-gallery wp-block-gallery-1 is-layout-flex wp-block-gallery-is-layout-flex\">\n<figure class=\"wp-block-image size-large\"><a href=\"https:\/\/raicesandaluzas.com\/revista\/wp-content\/uploads\/2024\/04\/40pineda07.jpg\"><img loading=\"lazy\" decoding=\"async\" width=\"1024\" height=\"683\" data-id=\"1786\" src=\"https:\/\/raicesandaluzas.com\/revista\/wp-content\/uploads\/2024\/04\/40pineda07-1024x683.jpg\" alt=\"\" class=\"wp-image-1786\" srcset=\"https:\/\/raicesandaluzas.com\/revista\/wp-content\/uploads\/2024\/04\/40pineda07-1024x683.jpg 1024w, https:\/\/raicesandaluzas.com\/revista\/wp-content\/uploads\/2024\/04\/40pineda07-300x200.jpg 300w, https:\/\/raicesandaluzas.com\/revista\/wp-content\/uploads\/2024\/04\/40pineda07-768x512.jpg 768w, https:\/\/raicesandaluzas.com\/revista\/wp-content\/uploads\/2024\/04\/40pineda07-630x420.jpg 630w, https:\/\/raicesandaluzas.com\/revista\/wp-content\/uploads\/2024\/04\/40pineda07-696x464.jpg 696w, https:\/\/raicesandaluzas.com\/revista\/wp-content\/uploads\/2024\/04\/40pineda07-1068x712.jpg 1068w, https:\/\/raicesandaluzas.com\/revista\/wp-content\/uploads\/2024\/04\/40pineda07.jpg 1200w\" sizes=\"auto, (max-width: 1024px) 100vw, 1024px\" \/><\/a><\/figure>\n\n\n\n<figure class=\"wp-block-image size-large\"><a href=\"https:\/\/raicesandaluzas.com\/revista\/wp-content\/uploads\/2024\/04\/40pineda06.jpg\"><img loading=\"lazy\" decoding=\"async\" width=\"1024\" height=\"683\" data-id=\"1782\" src=\"https:\/\/raicesandaluzas.com\/revista\/wp-content\/uploads\/2024\/04\/40pineda06-1024x683.jpg\" alt=\"\" class=\"wp-image-1782\" srcset=\"https:\/\/raicesandaluzas.com\/revista\/wp-content\/uploads\/2024\/04\/40pineda06-1024x683.jpg 1024w, https:\/\/raicesandaluzas.com\/revista\/wp-content\/uploads\/2024\/04\/40pineda06-300x200.jpg 300w, https:\/\/raicesandaluzas.com\/revista\/wp-content\/uploads\/2024\/04\/40pineda06-768x512.jpg 768w, https:\/\/raicesandaluzas.com\/revista\/wp-content\/uploads\/2024\/04\/40pineda06-630x420.jpg 630w, https:\/\/raicesandaluzas.com\/revista\/wp-content\/uploads\/2024\/04\/40pineda06-696x464.jpg 696w, https:\/\/raicesandaluzas.com\/revista\/wp-content\/uploads\/2024\/04\/40pineda06-1068x712.jpg 1068w, https:\/\/raicesandaluzas.com\/revista\/wp-content\/uploads\/2024\/04\/40pineda06.jpg 1200w\" sizes=\"auto, (max-width: 1024px) 100vw, 1024px\" \/><\/a><\/figure>\n\n\n\n<figure class=\"wp-block-image size-large\"><a href=\"https:\/\/raicesandaluzas.com\/revista\/wp-content\/uploads\/2024\/04\/40pineda05.jpg\"><img loading=\"lazy\" decoding=\"async\" width=\"1024\" height=\"683\" data-id=\"1781\" src=\"https:\/\/raicesandaluzas.com\/revista\/wp-content\/uploads\/2024\/04\/40pineda05-1024x683.jpg\" alt=\"\" class=\"wp-image-1781\" srcset=\"https:\/\/raicesandaluzas.com\/revista\/wp-content\/uploads\/2024\/04\/40pineda05-1024x683.jpg 1024w, https:\/\/raicesandaluzas.com\/revista\/wp-content\/uploads\/2024\/04\/40pineda05-300x200.jpg 300w, https:\/\/raicesandaluzas.com\/revista\/wp-content\/uploads\/2024\/04\/40pineda05-768x512.jpg 768w, https:\/\/raicesandaluzas.com\/revista\/wp-content\/uploads\/2024\/04\/40pineda05-630x420.jpg 630w, https:\/\/raicesandaluzas.com\/revista\/wp-content\/uploads\/2024\/04\/40pineda05-696x464.jpg 696w, https:\/\/raicesandaluzas.com\/revista\/wp-content\/uploads\/2024\/04\/40pineda05-1068x712.jpg 1068w, https:\/\/raicesandaluzas.com\/revista\/wp-content\/uploads\/2024\/04\/40pineda05.jpg 1200w\" sizes=\"auto, (max-width: 1024px) 100vw, 1024px\" \/><\/a><\/figure>\n\n\n\n<figure class=\"wp-block-image size-large\"><a href=\"https:\/\/raicesandaluzas.com\/revista\/wp-content\/uploads\/2024\/04\/40pineda04.jpg\"><img loading=\"lazy\" decoding=\"async\" width=\"1024\" height=\"768\" data-id=\"1784\" src=\"https:\/\/raicesandaluzas.com\/revista\/wp-content\/uploads\/2024\/04\/40pineda04-1024x768.jpg\" alt=\"\" class=\"wp-image-1784\" srcset=\"https:\/\/raicesandaluzas.com\/revista\/wp-content\/uploads\/2024\/04\/40pineda04-1024x768.jpg 1024w, https:\/\/raicesandaluzas.com\/revista\/wp-content\/uploads\/2024\/04\/40pineda04-300x225.jpg 300w, https:\/\/raicesandaluzas.com\/revista\/wp-content\/uploads\/2024\/04\/40pineda04-768x576.jpg 768w, https:\/\/raicesandaluzas.com\/revista\/wp-content\/uploads\/2024\/04\/40pineda04-560x420.jpg 560w, https:\/\/raicesandaluzas.com\/revista\/wp-content\/uploads\/2024\/04\/40pineda04-80x60.jpg 80w, https:\/\/raicesandaluzas.com\/revista\/wp-content\/uploads\/2024\/04\/40pineda04-696x522.jpg 696w, https:\/\/raicesandaluzas.com\/revista\/wp-content\/uploads\/2024\/04\/40pineda04-1068x801.jpg 1068w, https:\/\/raicesandaluzas.com\/revista\/wp-content\/uploads\/2024\/04\/40pineda04.jpg 1200w\" sizes=\"auto, (max-width: 1024px) 100vw, 1024px\" \/><\/a><\/figure>\n\n\n\n<figure class=\"wp-block-image size-large\"><a href=\"https:\/\/raicesandaluzas.com\/revista\/wp-content\/uploads\/2024\/04\/40pineda03.jpg\"><img loading=\"lazy\" decoding=\"async\" width=\"1024\" height=\"683\" data-id=\"1783\" src=\"https:\/\/raicesandaluzas.com\/revista\/wp-content\/uploads\/2024\/04\/40pineda03-1024x683.jpg\" alt=\"\" class=\"wp-image-1783\" srcset=\"https:\/\/raicesandaluzas.com\/revista\/wp-content\/uploads\/2024\/04\/40pineda03-1024x683.jpg 1024w, https:\/\/raicesandaluzas.com\/revista\/wp-content\/uploads\/2024\/04\/40pineda03-300x200.jpg 300w, https:\/\/raicesandaluzas.com\/revista\/wp-content\/uploads\/2024\/04\/40pineda03-768x512.jpg 768w, https:\/\/raicesandaluzas.com\/revista\/wp-content\/uploads\/2024\/04\/40pineda03-630x420.jpg 630w, https:\/\/raicesandaluzas.com\/revista\/wp-content\/uploads\/2024\/04\/40pineda03-696x464.jpg 696w, https:\/\/raicesandaluzas.com\/revista\/wp-content\/uploads\/2024\/04\/40pineda03-1068x712.jpg 1068w, https:\/\/raicesandaluzas.com\/revista\/wp-content\/uploads\/2024\/04\/40pineda03.jpg 1200w\" sizes=\"auto, (max-width: 1024px) 100vw, 1024px\" \/><\/a><\/figure>\n\n\n\n<figure class=\"wp-block-image size-large\"><a href=\"https:\/\/raicesandaluzas.com\/revista\/wp-content\/uploads\/2024\/04\/40pineda02.jpg\"><img loading=\"lazy\" decoding=\"async\" width=\"1024\" height=\"683\" data-id=\"1785\" src=\"https:\/\/raicesandaluzas.com\/revista\/wp-content\/uploads\/2024\/04\/40pineda02-1024x683.jpg\" alt=\"\" class=\"wp-image-1785\" srcset=\"https:\/\/raicesandaluzas.com\/revista\/wp-content\/uploads\/2024\/04\/40pineda02-1024x683.jpg 1024w, https:\/\/raicesandaluzas.com\/revista\/wp-content\/uploads\/2024\/04\/40pineda02-300x200.jpg 300w, https:\/\/raicesandaluzas.com\/revista\/wp-content\/uploads\/2024\/04\/40pineda02-768x512.jpg 768w, https:\/\/raicesandaluzas.com\/revista\/wp-content\/uploads\/2024\/04\/40pineda02-630x420.jpg 630w, https:\/\/raicesandaluzas.com\/revista\/wp-content\/uploads\/2024\/04\/40pineda02-696x464.jpg 696w, https:\/\/raicesandaluzas.com\/revista\/wp-content\/uploads\/2024\/04\/40pineda02-1068x712.jpg 1068w, https:\/\/raicesandaluzas.com\/revista\/wp-content\/uploads\/2024\/04\/40pineda02.jpg 1200w\" sizes=\"auto, (max-width: 1024px) 100vw, 1024px\" \/><\/a><\/figure>\n<figcaption class=\"blocks-gallery-caption wp-element-caption\"><strong>Fotograf\u00edas: Jordi Gras<\/strong><\/figcaption><\/figure>\n","protected":false},"excerpt":{"rendered":"<p>La Hermandad Nuestra Se\u00f1ora del Roc\u00edo de Pineda de Mar, en el marco del a\u00f1o de su 40 aniversario, celebr\u00f3 el pasado 13 de abril una eucarist\u00eda conmemorativa de este evento. La misa, que fue la primera en la historia en honor a la Virgen del Roc\u00edo en Girona y en la catedral de dicha [&hellip;]<\/p>\n","protected":false},"author":1,"featured_media":1787,"comment_status":"open","ping_status":"open","sticky":false,"template":"","format":"standard","meta":{"footnotes":""},"categories":[19,21],"tags":[],"class_list":{"0":"post-1780","1":"post","2":"type-post","3":"status-publish","4":"format-standard","5":"has-post-thumbnail","7":"category-actualidad","8":"category-raices-rocieras"},"_links":{"self":[{"href":"https:\/\/raicesandaluzas.com\/revista\/wp-json\/wp\/v2\/posts\/1780","targetHints":{"allow":["GET"]}}],"collection":[{"href":"https:\/\/raicesandaluzas.com\/revista\/wp-json\/wp\/v2\/posts"}],"about":[{"href":"https:\/\/raicesandaluzas.com\/revista\/wp-json\/wp\/v2\/types\/post"}],"author":[{"embeddable":true,"href":"https:\/\/raicesandaluzas.com\/revista\/wp-json\/wp\/v2\/users\/1"}],"replies":[{"embeddable":true,"href":"https:\/\/raicesandaluzas.com\/revista\/wp-json\/wp\/v2\/comments?post=1780"}],"version-history":[{"count":3,"href":"https:\/\/raicesandaluzas.com\/revista\/wp-json\/wp\/v2\/posts\/1780\/revisions"}],"predecessor-version":[{"id":1790,"href":"https:\/\/raicesandaluzas.com\/revista\/wp-json\/wp\/v2\/posts\/1780\/revisions\/1790"}],"wp:featuredmedia":[{"embeddable":true,"href":"https:\/\/raicesandaluzas.com\/revista\/wp-json\/wp\/v2\/media\/1787"}],"wp:attachment":[{"href":"https:\/\/raicesandaluzas.com\/revista\/wp-json\/wp\/v2\/media?parent=1780"}],"wp:term":[{"taxonomy":"category","embeddable":true,"href":"https:\/\/raicesandaluzas.com\/revista\/wp-json\/wp\/v2\/categories?post=1780"},{"taxonomy":"post_tag","embeddable":true,"href":"https:\/\/raicesandaluzas.com\/revista\/wp-json\/wp\/v2\/tags?post=1780"}],"curies":[{"name":"wp","href":"https:\/\/api.w.org\/{rel}","templated":true}]}}