{"id":1772,"date":"2024-04-11T10:36:45","date_gmt":"2024-04-11T10:36:45","guid":{"rendered":"https:\/\/raicesandaluzas.com\/revista\/?p=1772"},"modified":"2024-04-22T09:44:45","modified_gmt":"2024-04-22T09:44:45","slug":"es-importante-preservar-las-tradiciones-culturales-para-mantener-viva-nuestra-identidad","status":"publish","type":"post","link":"https:\/\/raicesandaluzas.com\/revista\/2024\/04\/11\/es-importante-preservar-las-tradiciones-culturales-para-mantener-viva-nuestra-identidad\/","title":{"rendered":"\u201cEs importante preservar las tradiciones culturales para mantener viva nuestra identidad\u201d"},"content":{"rendered":"\n<p><span style=\"background-color:#b5dcaf\" class=\"td_text_highlight_marker\"><strong>RA\u00cdCES ANDALUZAS.<\/strong>&nbsp;<strong>Abril y principios de mayo son sin\u00f3nimo de Feria. \u00bfQu\u00e9 cree que perder\u00eda Catalunya si por alg\u00fan motivo este evento desapareciera del calendario?<\/strong><\/span><\/p>\n\n\n\n<p><span style=\"background-color:#b5dcaf\" class=\"td_text_highlight_marker\"><strong>NURIA MAR\u00cdN.<\/strong>&nbsp;<\/span>La desaparici\u00f3n de cualquier evento cultural es una mala noticia porque creo sinceramente que es importante preservar las tradiciones culturales para mantener viva nuestra historia e identidad. En el caso concreto de la Feria de Abril en Catalunya, su desaparici\u00f3n del calendario festivo tendr\u00eda un impacto negativo en la diversidad y en la riqueza cultural que caracteriza a nuestra sociedad.<\/p>\n\n\n\n<p><span style=\"background-color:#b5dcaf\" class=\"td_text_highlight_marker\"><strong>R.A.<\/strong>&nbsp;<strong>Para muchos catalanes, la Feria de Abril es algo muy ajeno a su manera de ver la cultura y la vida. \u00bfConsidera que la Feria es el reflejo de la Catalunya de hoy en d\u00eda?<\/strong><\/span><\/p>\n\n\n\n<p><span style=\"background-color:#b5dcaf\" class=\"td_text_highlight_marker\"><strong>N.M.<\/strong>&nbsp;<\/span>La Feria de Abril en Catalunya ha permitido a muchas generaciones disfrutar de un espacio de convivencia donde tomar contacto con la m\u00fasica, la danza y la gastronom\u00eda andaluza. Aunque para algunos catalanes pueda resultar ajena, es importante reconocer y valorar la diversidad de expresiones culturales que coexisten en Catalunya. Cada una de ellas aporta un colorido \u00fanico al vivo y rico mosaico que es la cultura catalana, que no se entender\u00eda sin la suma de todas y cada una de ellas, tambi\u00e9n la andaluza.<\/p>\n\n\n\n<div><a href=\"https:\/\/raicesandaluzas.com\/revista\/wp-content\/uploads\/2024\/04\/NMFOTO-DIA-ANDALUCIA-1024x683.jpg\" class=\"td-modal-image\"><figure class=\"wp-block-image size-large\"><img loading=\"lazy\" decoding=\"async\" width=\"1024\" height=\"683\" src=\"https:\/\/raicesandaluzas.com\/revista\/wp-content\/uploads\/2024\/04\/NMFOTO-DIA-ANDALUCIA-1024x683.jpg\" alt=\"\" class=\"wp-image-1688\" srcset=\"https:\/\/raicesandaluzas.com\/revista\/wp-content\/uploads\/2024\/04\/NMFOTO-DIA-ANDALUCIA-1024x683.jpg 1024w, https:\/\/raicesandaluzas.com\/revista\/wp-content\/uploads\/2024\/04\/NMFOTO-DIA-ANDALUCIA-300x200.jpg 300w, https:\/\/raicesandaluzas.com\/revista\/wp-content\/uploads\/2024\/04\/NMFOTO-DIA-ANDALUCIA-768x512.jpg 768w, https:\/\/raicesandaluzas.com\/revista\/wp-content\/uploads\/2024\/04\/NMFOTO-DIA-ANDALUCIA-696x464.jpg 696w, https:\/\/raicesandaluzas.com\/revista\/wp-content\/uploads\/2024\/04\/NMFOTO-DIA-ANDALUCIA-1068x712.jpg 1068w, https:\/\/raicesandaluzas.com\/revista\/wp-content\/uploads\/2024\/04\/NMFOTO-DIA-ANDALUCIA-630x420.jpg 630w, https:\/\/raicesandaluzas.com\/revista\/wp-content\/uploads\/2024\/04\/NMFOTO-DIA-ANDALUCIA.jpg 1200w\" sizes=\"auto, (max-width: 1024px) 100vw, 1024px\" \/><figcaption class=\"wp-element-caption\">Nuria Mar\u00edn con el president de la Generalitat, Pere Aragon\u00e8s, durante el acto del D\u00efa de Andaluc\u00eda en l&#8217;Hospitalet de Llobregat. Fotograf\u00eda: Comunicaci\u00f3 AJ L&#8217;H.<\/figcaption><\/figure><\/a><\/div>\n\n\n\n<p><span style=\"background-color:#b5dcaf\" class=\"td_text_highlight_marker\"><strong>R.A.<\/strong>&nbsp;<strong>La Feria de Abril de Catalunya celebr\u00f3 el a\u00f1o pasado su 50 edici\u00f3n con notable \u00e9xito en cuanto al n\u00famero de asistentes. \u00bfPiensa que la Feria deber\u00eda seguir creciendo o eso har\u00eda que perdiera parte de su idiosincracia?<\/strong><\/span><\/p>\n\n\n\n<p><strong><span style=\"background-color:#b5dcaf\" class=\"td_text_highlight_marker\"><strong>N.M.<\/strong>&nbsp;<\/span><\/strong>No creo que su crecimiento en n\u00famero de visitantes comporte una p\u00e9rdida de identidad. Es simplemente una muestra del creciente inter\u00e9s que despierta en amplios sectores de la poblaci\u00f3n catalana. La celebraci\u00f3n de su edici\u00f3n n\u00famero 50 fue, sin duda, todo un hito y una constataci\u00f3n de la fuerza de su propuesta y del compromiso e implicaci\u00f3n de todas las personas que cada a\u00f1o consiguen hacerla realidad.<\/p>\n\n\n\n<p>Hasta llegar al momento actual, han sido 50 a\u00f1os de crecimiento y de consolidaci\u00f3n de una feria singular, con car\u00e1cter propio, que hoy visitan miles de personas y que se ha convertido en un acontecimiento global. Es tambi\u00e9n una cita indispensable para quienes quieren disfrutar de la cultura andaluza en un ambiente distendido y festivo. Y para las entidades andaluzas en Catalunya es una oportunidad de compartir su trabajo con otras entidades y darla a conocer a la ciudadan\u00eda en general.<\/p>\n\n\n\n<p><span style=\"background-color:#b5dcaf\" class=\"td_text_highlight_marker\"><strong>R.A.<\/strong>&nbsp;<strong>\u00bfCree que la Feria deber\u00eda modernizarse m\u00e1s para adaptarse a los nuevos tiempos?<\/strong><\/span><\/p>\n\n\n\n<p><strong><span style=\"background-color:#b5dcaf\" class=\"td_text_highlight_marker\">N.M.<\/span><\/strong>&nbsp;Creo que uno de los muchos m\u00e9ritos de la Feria es precisamente que ha ido evolucionando y adapt\u00e1ndose a los cambios de la sociedad, sin perder por ello su esencia. Es importante que mantenga esa mirada abierta y que incorpore los diferentes aspectos que preocupan a la sociedad.<\/p>\n\n\n\n<div><a href=\"https:\/\/raicesandaluzas.com\/revista\/wp-content\/uploads\/2024\/04\/NMFoto-1-1024x768.jpg\" class=\"td-modal-image\"><figure class=\"wp-block-image size-large\"><img loading=\"lazy\" decoding=\"async\" width=\"1024\" height=\"768\" src=\"https:\/\/raicesandaluzas.com\/revista\/wp-content\/uploads\/2024\/04\/NMFoto-1-1024x768.jpg\" alt=\"\" class=\"wp-image-1689\" srcset=\"https:\/\/raicesandaluzas.com\/revista\/wp-content\/uploads\/2024\/04\/NMFoto-1-1024x768.jpg 1024w, https:\/\/raicesandaluzas.com\/revista\/wp-content\/uploads\/2024\/04\/NMFoto-1-300x225.jpg 300w, https:\/\/raicesandaluzas.com\/revista\/wp-content\/uploads\/2024\/04\/NMFoto-1-768x576.jpg 768w, https:\/\/raicesandaluzas.com\/revista\/wp-content\/uploads\/2024\/04\/NMFoto-1-696x522.jpg 696w, https:\/\/raicesandaluzas.com\/revista\/wp-content\/uploads\/2024\/04\/NMFoto-1-1068x801.jpg 1068w, https:\/\/raicesandaluzas.com\/revista\/wp-content\/uploads\/2024\/04\/NMFoto-1-560x420.jpg 560w, https:\/\/raicesandaluzas.com\/revista\/wp-content\/uploads\/2024\/04\/NMFoto-1-80x60.jpg 80w, https:\/\/raicesandaluzas.com\/revista\/wp-content\/uploads\/2024\/04\/NMFoto-1-265x198.jpg 265w, https:\/\/raicesandaluzas.com\/revista\/wp-content\/uploads\/2024\/04\/NMFoto-1.jpg 1200w\" sizes=\"auto, (max-width: 1024px) 100vw, 1024px\" \/><figcaption class=\"wp-element-caption\">Fotograf\u00eda: Comunicaci\u00f3 AJ L&#8217;H.<\/figcaption><\/figure><\/a><\/div>\n\n\n\n<p><span style=\"background-color:#b5dcaf\" class=\"td_text_highlight_marker\"><strong>R.A.<\/strong>&nbsp;<strong>En esta edici\u00f3n de la Feria de Abril volvemos a estar en periodo electoral como ha pasado muchas veces y el Real ser\u00e1 un gran escaparate para los pol\u00edticos. \u00bfConsidera que es un buen lugar para captar las inquietudes de la ciudadan\u00eda?<\/strong><\/span><\/p>\n\n\n\n<p><strong><span style=\"background-color:#b5dcaf\" class=\"td_text_highlight_marker\">N.M.<\/span><\/strong>&nbsp;El Real del F\u00f3rum acoge todos los a\u00f1os a los representantes de los diferentes partidos pol\u00edticos del pa\u00eds, coincida o no con per\u00edodos electorales. En la Feria, todas las personas \u2014incluidas las que nos dedicamos a la pol\u00edtica\u2014 tendemos a estar m\u00e1s relajadas y abiertas a conversar sobre cualquier tema. Creo que es tambi\u00e9n una buena ocasi\u00f3n para interactuar con la ciudadan\u00eda y escuchar sus preocupaciones.<\/p>\n\n\n\n<p>No obstante, como alcaldesa, s\u00e9 bien que los votos no se recogen en una Feria. Hay que estar al lado de la ciudadan\u00eda todos los d\u00edas del a\u00f1o y, de manera especial, en los momentos complicados. Hay que trabajar en la mejora de los barrios y de los servicios p\u00fablicos para garantizar la calidad de vida de nuestros vecinos y nuestras vecinas.<\/p>\n\n\n\n<p><span style=\"background-color:#b5dcaf\" class=\"td_text_highlight_marker\"><strong>R.A.<\/strong>&nbsp;<strong>L\u2019Hospitalet de Llobregat siempre est\u00e1 presente en el Real. \u00bfQu\u00e9 imagen cree que se transmite de la ciudad en un evento como este?<\/strong><\/span><\/p>\n\n\n\n<p><strong><span style=\"background-color:#b5dcaf\" class=\"td_text_highlight_marker\">N.M.<\/span><\/strong>&nbsp;Es cierto que las entidades andaluzas de L\u2019Hospitalet est\u00e1n muy presentes en la Feria de Abril, si bien esta es solo una parte de su amplia y rica aportaci\u00f3n a la preservaci\u00f3n y difusi\u00f3n de la cultura andaluza.<\/p>\n\n\n\n<p>L\u2019Hospitalet ha sido y es una ciudad de acogida de personas que han llegado primero de diferentes regiones del pa\u00eds y despu\u00e9s de diferentes pa\u00edses y continentes, esta es su riqueza. Somos el producto de la suma de voluntades, miradas y sensibilidades diferentes. Esta realidad hace que la ciudad tenga un car\u00e1cter propio y que siempre tengamos presente la importancia de la convivencia y la integraci\u00f3n.<\/p>\n\n\n\n<p>Sin el esfuerzo y el compromiso de todas las entidades andaluzas, L\u2019Hospitalet no ser\u00eda la ciudad que es hoy. Contamos con un rico tejido asociativo que, en este caso, difunde la cultura andaluza pero tambi\u00e9n contribuye a cohesionar la ciudad.<\/p>\n\n\n\n<p><span style=\"background-color:#b5dcaf\" class=\"td_text_highlight_marker\"><strong>R.A.<\/strong>&nbsp;<strong>\u00bfQu\u00e9 actividades de cultura andaluza que se celebran en su localidad recomendar\u00eda a nuestros lectores?<\/strong><\/span><\/p>\n\n\n\n<p><strong><span style=\"background-color:#b5dcaf\" class=\"td_text_highlight_marker\">N.M.<\/span><\/strong>&nbsp;Las entidades de cultura andaluza mantienen una gran actividad a lo largo de todo el a\u00f1o y lo hacen de una manera abierta a la ciudadan\u00eda de L\u2019Hospitalet pero tambi\u00e9n a la del resto del \u00e1rea metropolitana. Yo invitar\u00eda a los lectores de&nbsp;<em>Ra\u00edces Andaluzas<\/em>&nbsp;a asistir a eventos como las procesiones de Semana Santa, el Festival de Fandangos, el Festival de Guitarra Flamenca o el Memorial Antonio Mairena, citas que son referentes en Catalunya y que gozan de un gran reconocimiento y respeto. Adem\u00e1s, est\u00e1n presentes en otros eventos, como la Feria o el Roc\u00edo en Catalunya.<\/p>\n","protected":false},"excerpt":{"rendered":"<p>RA\u00cdCES ANDALUZAS.&nbsp;Abril y principios de mayo son sin\u00f3nimo de Feria. \u00bfQu\u00e9 cree que perder\u00eda Catalunya si por alg\u00fan motivo este evento desapareciera del calendario? NURIA MAR\u00cdN.&nbsp;La desaparici\u00f3n de cualquier evento cultural es una mala noticia porque creo sinceramente que es importante preservar las tradiciones culturales para mantener viva nuestra historia e identidad. En el caso [&hellip;]<\/p>\n","protected":false},"author":1,"featured_media":1690,"comment_status":"closed","ping_status":"open","sticky":false,"template":"","format":"standard","meta":{"footnotes":""},"categories":[20],"tags":[],"class_list":{"0":"post-1772","1":"post","2":"type-post","3":"status-publish","4":"format-standard","5":"has-post-thumbnail","7":"category-entrevistas"},"_links":{"self":[{"href":"https:\/\/raicesandaluzas.com\/revista\/wp-json\/wp\/v2\/posts\/1772","targetHints":{"allow":["GET"]}}],"collection":[{"href":"https:\/\/raicesandaluzas.com\/revista\/wp-json\/wp\/v2\/posts"}],"about":[{"href":"https:\/\/raicesandaluzas.com\/revista\/wp-json\/wp\/v2\/types\/post"}],"author":[{"embeddable":true,"href":"https:\/\/raicesandaluzas.com\/revista\/wp-json\/wp\/v2\/users\/1"}],"replies":[{"embeddable":true,"href":"https:\/\/raicesandaluzas.com\/revista\/wp-json\/wp\/v2\/comments?post=1772"}],"version-history":[{"count":2,"href":"https:\/\/raicesandaluzas.com\/revista\/wp-json\/wp\/v2\/posts\/1772\/revisions"}],"predecessor-version":[{"id":1774,"href":"https:\/\/raicesandaluzas.com\/revista\/wp-json\/wp\/v2\/posts\/1772\/revisions\/1774"}],"wp:featuredmedia":[{"embeddable":true,"href":"https:\/\/raicesandaluzas.com\/revista\/wp-json\/wp\/v2\/media\/1690"}],"wp:attachment":[{"href":"https:\/\/raicesandaluzas.com\/revista\/wp-json\/wp\/v2\/media?parent=1772"}],"wp:term":[{"taxonomy":"category","embeddable":true,"href":"https:\/\/raicesandaluzas.com\/revista\/wp-json\/wp\/v2\/categories?post=1772"},{"taxonomy":"post_tag","embeddable":true,"href":"https:\/\/raicesandaluzas.com\/revista\/wp-json\/wp\/v2\/tags?post=1772"}],"curies":[{"name":"wp","href":"https:\/\/api.w.org\/{rel}","templated":true}]}}