{"id":1770,"date":"2024-04-13T10:30:56","date_gmt":"2024-04-13T10:30:56","guid":{"rendered":"https:\/\/raicesandaluzas.com\/revista\/?p=1770"},"modified":"2024-04-19T10:54:00","modified_gmt":"2024-04-19T10:54:00","slug":"la-fecac-recibe-la-medalla-de-oro-al-merito-civico-del-ayuntamiento-de-barcelona-2","status":"publish","type":"post","link":"https:\/\/raicesandaluzas.com\/revista\/2024\/04\/13\/la-fecac-recibe-la-medalla-de-oro-al-merito-civico-del-ayuntamiento-de-barcelona-2\/","title":{"rendered":"La FECAC recibe la Medalla de Oro al M\u00e9rito C\u00edvico del Ayuntamiento de Barcelona"},"content":{"rendered":"\n<p>La Federaci\u00f3n de Entidades Culturales Andaluzas en Catalunya (FECAC) vivi\u00f3 ayer un momento hist\u00f3rico en el Sal\u00f3 de Cent del Ayuntamiento de Barcelona al recibir la Medalla de Oro al M\u00e9rito C\u00edvico del consistorio barcelon\u00e9s. En la presentaci\u00f3n de la Feria de Abril del a\u00f1o pasado, Jaume Collboni, por entonces candidato a la alcald\u00eda barcelonesa, ya anunci\u00f3 que intentar\u00eda que la federaci\u00f3n recibiera tal reconocimiento. Ayer, ya como alcalde, pudo hacer realidad la promesa que se hab\u00eda concretado en el pleno de septiembre de la capital catalana, cuando todos los grupos municipales acordaron entregar dicha medalla \u00abpor su tarea de difusi\u00f3n de la cultura y las tradiciones andaluzas, as\u00ed como el fomento del intercambio de conocimientos entre culturas, y con motivo del 50 aniversario de la Feria de Abril de Catalunya y la 50 Romer\u00eda del Roc\u00edo de Catalunya\u00bb.<\/p>\n\n\n\n<p>En el acto estuvieron presentes representantes del movimiento cultural andaluz en tierras catalanas, de diversos grupos municipales de los consistorios de Barcelona y Sant Adri\u00e0 de Bes\u00f2s, de la subdelegada del Gobierno en Barcelona, Josefa Beltran, y se cont\u00f3 con la presencia del expresidente de la FECAC, Francisco Garc\u00eda Prieto. En su discurso, el actual presidente, Daniel Salinero, reconoci\u00f3 su labor al afirmar que la FECAC ya era merecedora de esa medalla cuando \u00e9l presidia la entidad. Salinero, que se acord\u00f3 de los que ya no est\u00e1n y que trabajaron duro para construir la federaci\u00f3n actual, afirm\u00f3 que era un d\u00eda \u00abque quedar\u00e1 marcado en nuestra historia, por lo que han hecho y lo que queda por hacer\u00bb. Por su parte, el alcalde de Barcelona, Jaume Collboni, destac\u00f3 el gran papel que hab\u00eda tenido y sigue teniendo la FECAC en la cohesi\u00f3n de la sociedad catalana. \u00abBarcelona es catalana y tambi\u00e9n andaluza\u00bb, sentenci\u00f3.<\/p>\n\n\n\n<figure class=\"wp-block-gallery has-nested-images columns-default is-cropped wp-block-gallery-1 is-layout-flex wp-block-gallery-is-layout-flex\">\n<figure class=\"wp-block-image size-large\"><a href=\"https:\/\/raicesandaluzas.com\/revista\/wp-content\/uploads\/2024\/04\/medallaFECAC02.jpg\"><img loading=\"lazy\" decoding=\"async\" width=\"1024\" height=\"574\" data-id=\"1700\" src=\"https:\/\/raicesandaluzas.com\/revista\/wp-content\/uploads\/2024\/04\/medallaFECAC02-1024x574.jpg\" alt=\"\" class=\"wp-image-1700\" srcset=\"https:\/\/raicesandaluzas.com\/revista\/wp-content\/uploads\/2024\/04\/medallaFECAC02-1024x574.jpg 1024w, https:\/\/raicesandaluzas.com\/revista\/wp-content\/uploads\/2024\/04\/medallaFECAC02-300x168.jpg 300w, https:\/\/raicesandaluzas.com\/revista\/wp-content\/uploads\/2024\/04\/medallaFECAC02-768x431.jpg 768w, https:\/\/raicesandaluzas.com\/revista\/wp-content\/uploads\/2024\/04\/medallaFECAC02-696x390.jpg 696w, https:\/\/raicesandaluzas.com\/revista\/wp-content\/uploads\/2024\/04\/medallaFECAC02-1068x599.jpg 1068w, https:\/\/raicesandaluzas.com\/revista\/wp-content\/uploads\/2024\/04\/medallaFECAC02-749x420.jpg 749w, https:\/\/raicesandaluzas.com\/revista\/wp-content\/uploads\/2024\/04\/medallaFECAC02.jpg 1200w\" sizes=\"auto, (max-width: 1024px) 100vw, 1024px\" \/><\/a><figcaption class=\"wp-element-caption\">Expectaci\u00f3n tras la entrega de la medalla.<\/figcaption><\/figure>\n\n\n\n<figure class=\"wp-block-image size-large\"><a href=\"https:\/\/raicesandaluzas.com\/revista\/wp-content\/uploads\/2024\/04\/medallaFECAC05.jpg\"><img loading=\"lazy\" decoding=\"async\" width=\"1024\" height=\"992\" data-id=\"1698\" src=\"https:\/\/raicesandaluzas.com\/revista\/wp-content\/uploads\/2024\/04\/medallaFECAC05-1024x992.jpg\" alt=\"\" class=\"wp-image-1698\" srcset=\"https:\/\/raicesandaluzas.com\/revista\/wp-content\/uploads\/2024\/04\/medallaFECAC05-1024x992.jpg 1024w, https:\/\/raicesandaluzas.com\/revista\/wp-content\/uploads\/2024\/04\/medallaFECAC05-300x291.jpg 300w, https:\/\/raicesandaluzas.com\/revista\/wp-content\/uploads\/2024\/04\/medallaFECAC05-768x744.jpg 768w, https:\/\/raicesandaluzas.com\/revista\/wp-content\/uploads\/2024\/04\/medallaFECAC05-696x674.jpg 696w, https:\/\/raicesandaluzas.com\/revista\/wp-content\/uploads\/2024\/04\/medallaFECAC05-1068x1034.jpg 1068w, https:\/\/raicesandaluzas.com\/revista\/wp-content\/uploads\/2024\/04\/medallaFECAC05-434x420.jpg 434w, https:\/\/raicesandaluzas.com\/revista\/wp-content\/uploads\/2024\/04\/medallaFECAC05.jpg 1200w\" sizes=\"auto, (max-width: 1024px) 100vw, 1024px\" \/><\/a><figcaption class=\"wp-element-caption\">aume Collboni, junto a Francisco Garc\u00eda Prieto y Daniel Salinero.<\/figcaption><\/figure>\n\n\n\n<figure class=\"wp-block-image size-large\"><a href=\"https:\/\/raicesandaluzas.com\/revista\/wp-content\/uploads\/2024\/04\/medallaFECAC04.jpg\"><img loading=\"lazy\" decoding=\"async\" width=\"1024\" height=\"574\" data-id=\"1696\" src=\"https:\/\/raicesandaluzas.com\/revista\/wp-content\/uploads\/2024\/04\/medallaFECAC04-1024x574.jpg\" alt=\"\" class=\"wp-image-1696\" srcset=\"https:\/\/raicesandaluzas.com\/revista\/wp-content\/uploads\/2024\/04\/medallaFECAC04-1024x574.jpg 1024w, https:\/\/raicesandaluzas.com\/revista\/wp-content\/uploads\/2024\/04\/medallaFECAC04-300x168.jpg 300w, https:\/\/raicesandaluzas.com\/revista\/wp-content\/uploads\/2024\/04\/medallaFECAC04-768x431.jpg 768w, https:\/\/raicesandaluzas.com\/revista\/wp-content\/uploads\/2024\/04\/medallaFECAC04-696x390.jpg 696w, https:\/\/raicesandaluzas.com\/revista\/wp-content\/uploads\/2024\/04\/medallaFECAC04-1068x599.jpg 1068w, https:\/\/raicesandaluzas.com\/revista\/wp-content\/uploads\/2024\/04\/medallaFECAC04-749x420.jpg 749w, https:\/\/raicesandaluzas.com\/revista\/wp-content\/uploads\/2024\/04\/medallaFECAC04.jpg 1200w\" sizes=\"auto, (max-width: 1024px) 100vw, 1024px\" \/><\/a><figcaption class=\"wp-element-caption\">Francisco Garc\u00eda Prieto, expresidente de la FECAC, estuvo presente en el acto.<\/figcaption><\/figure>\n\n\n\n<figure class=\"wp-block-image size-large\"><a href=\"https:\/\/raicesandaluzas.com\/revista\/wp-content\/uploads\/2024\/04\/medallaFECAC03.jpg\"><img loading=\"lazy\" decoding=\"async\" width=\"1024\" height=\"574\" data-id=\"1697\" src=\"https:\/\/raicesandaluzas.com\/revista\/wp-content\/uploads\/2024\/04\/medallaFECAC03-1024x574.jpg\" alt=\"\" class=\"wp-image-1697\" srcset=\"https:\/\/raicesandaluzas.com\/revista\/wp-content\/uploads\/2024\/04\/medallaFECAC03-1024x574.jpg 1024w, https:\/\/raicesandaluzas.com\/revista\/wp-content\/uploads\/2024\/04\/medallaFECAC03-300x168.jpg 300w, https:\/\/raicesandaluzas.com\/revista\/wp-content\/uploads\/2024\/04\/medallaFECAC03-768x431.jpg 768w, https:\/\/raicesandaluzas.com\/revista\/wp-content\/uploads\/2024\/04\/medallaFECAC03-696x390.jpg 696w, https:\/\/raicesandaluzas.com\/revista\/wp-content\/uploads\/2024\/04\/medallaFECAC03-1068x599.jpg 1068w, https:\/\/raicesandaluzas.com\/revista\/wp-content\/uploads\/2024\/04\/medallaFECAC03-749x420.jpg 749w, https:\/\/raicesandaluzas.com\/revista\/wp-content\/uploads\/2024\/04\/medallaFECAC03.jpg 1200w\" sizes=\"auto, (max-width: 1024px) 100vw, 1024px\" \/><\/a><figcaption class=\"wp-element-caption\">Miembros de la directiva de la FECAC y la dise\u00f1adora del cartel de la Feria.<\/figcaption><\/figure>\n\n\n\n<figure class=\"wp-block-image size-large\"><a href=\"https:\/\/raicesandaluzas.com\/revista\/wp-content\/uploads\/2024\/04\/medallaFECAC06.jpg\"><img loading=\"lazy\" decoding=\"async\" width=\"1024\" height=\"574\" data-id=\"1699\" src=\"https:\/\/raicesandaluzas.com\/revista\/wp-content\/uploads\/2024\/04\/medallaFECAC06-1024x574.jpg\" alt=\"\" class=\"wp-image-1699\" srcset=\"https:\/\/raicesandaluzas.com\/revista\/wp-content\/uploads\/2024\/04\/medallaFECAC06-1024x574.jpg 1024w, https:\/\/raicesandaluzas.com\/revista\/wp-content\/uploads\/2024\/04\/medallaFECAC06-300x168.jpg 300w, https:\/\/raicesandaluzas.com\/revista\/wp-content\/uploads\/2024\/04\/medallaFECAC06-768x431.jpg 768w, https:\/\/raicesandaluzas.com\/revista\/wp-content\/uploads\/2024\/04\/medallaFECAC06-696x390.jpg 696w, https:\/\/raicesandaluzas.com\/revista\/wp-content\/uploads\/2024\/04\/medallaFECAC06-1068x599.jpg 1068w, https:\/\/raicesandaluzas.com\/revista\/wp-content\/uploads\/2024\/04\/medallaFECAC06-749x420.jpg 749w, https:\/\/raicesandaluzas.com\/revista\/wp-content\/uploads\/2024\/04\/medallaFECAC06.jpg 1200w\" sizes=\"auto, (max-width: 1024px) 100vw, 1024px\" \/><\/a><\/figure>\n<\/figure>\n\n\n\n<p><strong>Un cartel modernista de amor a Barcelona<\/strong><\/p>\n\n\n\n<p>El acto en el Sal\u00f3 de Cent del consistorio barcelon\u00e9s sirvi\u00f3 tambi\u00e9n para presentar el cartel de la 51 Feria de Abril de Catalunya, que se llevar\u00e1 a cabo en el Parc del F\u00f2rum del 26 de abril al 5 de mayo. Obra de la fot\u00f3grafa barcelonesa de ra\u00edces gaditanas Mar\u00eda del Carmen Longobardo, es todo un canto de amor a Barcelona. Representa una flamenca que camino a la Feria pasa por delante de la Casa Batll\u00f3 y se enamora de su arquitectura, de sus colores, de sus texturas. Se mimetiza con el arte modernista de Gaud\u00ed para crear un traje de flamenca con el\u00a0<em>trencad\u00eds<\/em>\u00a0que utiliz\u00f3 el arquitecto catal\u00e1n, con los botones en su espalda que se asemejan al drag\u00f3n que corona el tejado del edificio, y la peineta es la cruz de cuatro brazos del edificio. Al cuello, la medalla de la Virgen del Roc\u00edo, porque despu\u00e9s de la Feria llega la Romer\u00eda.<\/p>\n\n\n\n<figure class=\"wp-block-gallery has-nested-images columns-default is-cropped wp-block-gallery-2 is-layout-flex wp-block-gallery-is-layout-flex\">\n<figure class=\"wp-block-image size-large\"><a href=\"https:\/\/raicesandaluzas.com\/revista\/wp-content\/uploads\/2024\/04\/medallaFECAC07.jpg\"><img loading=\"lazy\" decoding=\"async\" width=\"1024\" height=\"574\" data-id=\"1701\" src=\"https:\/\/raicesandaluzas.com\/revista\/wp-content\/uploads\/2024\/04\/medallaFECAC07-1024x574.jpg\" alt=\"\" class=\"wp-image-1701\" srcset=\"https:\/\/raicesandaluzas.com\/revista\/wp-content\/uploads\/2024\/04\/medallaFECAC07-1024x574.jpg 1024w, https:\/\/raicesandaluzas.com\/revista\/wp-content\/uploads\/2024\/04\/medallaFECAC07-300x168.jpg 300w, https:\/\/raicesandaluzas.com\/revista\/wp-content\/uploads\/2024\/04\/medallaFECAC07-768x431.jpg 768w, https:\/\/raicesandaluzas.com\/revista\/wp-content\/uploads\/2024\/04\/medallaFECAC07-696x390.jpg 696w, https:\/\/raicesandaluzas.com\/revista\/wp-content\/uploads\/2024\/04\/medallaFECAC07-1068x599.jpg 1068w, https:\/\/raicesandaluzas.com\/revista\/wp-content\/uploads\/2024\/04\/medallaFECAC07-749x420.jpg 749w, https:\/\/raicesandaluzas.com\/revista\/wp-content\/uploads\/2024\/04\/medallaFECAC07.jpg 1200w\" sizes=\"auto, (max-width: 1024px) 100vw, 1024px\" \/><\/a><figcaption class=\"wp-element-caption\">Mar\u00eda del Carmen Longobardo explica su creaci\u00f3n.<\/figcaption><\/figure>\n\n\n\n<figure class=\"wp-block-image size-large\"><a href=\"https:\/\/raicesandaluzas.com\/revista\/wp-content\/uploads\/2024\/04\/medallaFECAC08.jpg\"><img loading=\"lazy\" decoding=\"async\" width=\"1024\" height=\"964\" data-id=\"1702\" src=\"https:\/\/raicesandaluzas.com\/revista\/wp-content\/uploads\/2024\/04\/medallaFECAC08-1024x964.jpg\" alt=\"\" class=\"wp-image-1702\" srcset=\"https:\/\/raicesandaluzas.com\/revista\/wp-content\/uploads\/2024\/04\/medallaFECAC08-1024x964.jpg 1024w, https:\/\/raicesandaluzas.com\/revista\/wp-content\/uploads\/2024\/04\/medallaFECAC08-300x283.jpg 300w, https:\/\/raicesandaluzas.com\/revista\/wp-content\/uploads\/2024\/04\/medallaFECAC08-768x723.jpg 768w, https:\/\/raicesandaluzas.com\/revista\/wp-content\/uploads\/2024\/04\/medallaFECAC08-696x655.jpg 696w, https:\/\/raicesandaluzas.com\/revista\/wp-content\/uploads\/2024\/04\/medallaFECAC08-1068x1006.jpg 1068w, https:\/\/raicesandaluzas.com\/revista\/wp-content\/uploads\/2024\/04\/medallaFECAC08-446x420.jpg 446w, https:\/\/raicesandaluzas.com\/revista\/wp-content\/uploads\/2024\/04\/medallaFECAC08.jpg 1200w\" sizes=\"auto, (max-width: 1024px) 100vw, 1024px\" \/><\/a><figcaption class=\"wp-element-caption\">Momento de descubrir el cartel de la Feria 2024.<\/figcaption><\/figure>\n\n\n\n<figure class=\"wp-block-image size-large\"><a href=\"https:\/\/raicesandaluzas.com\/revista\/wp-content\/uploads\/2024\/04\/cartelFeriaAbril2024.jpg\"><img loading=\"lazy\" decoding=\"async\" width=\"715\" height=\"1024\" data-id=\"1703\" src=\"https:\/\/raicesandaluzas.com\/revista\/wp-content\/uploads\/2024\/04\/cartelFeriaAbril2024-715x1024.jpg\" alt=\"\" class=\"wp-image-1703\" srcset=\"https:\/\/raicesandaluzas.com\/revista\/wp-content\/uploads\/2024\/04\/cartelFeriaAbril2024-715x1024.jpg 715w, https:\/\/raicesandaluzas.com\/revista\/wp-content\/uploads\/2024\/04\/cartelFeriaAbril2024-210x300.jpg 210w, https:\/\/raicesandaluzas.com\/revista\/wp-content\/uploads\/2024\/04\/cartelFeriaAbril2024-768x1100.jpg 768w, https:\/\/raicesandaluzas.com\/revista\/wp-content\/uploads\/2024\/04\/cartelFeriaAbril2024-696x997.jpg 696w, https:\/\/raicesandaluzas.com\/revista\/wp-content\/uploads\/2024\/04\/cartelFeriaAbril2024-293x420.jpg 293w, https:\/\/raicesandaluzas.com\/revista\/wp-content\/uploads\/2024\/04\/cartelFeriaAbril2024.jpg 838w\" sizes=\"auto, (max-width: 715px) 100vw, 715px\" \/><\/a><\/figure>\n<\/figure>\n","protected":false},"excerpt":{"rendered":"<p>La Federaci\u00f3n de Entidades Culturales Andaluzas en Catalunya (FECAC) vivi\u00f3 ayer un momento hist\u00f3rico en el Sal\u00f3 de Cent del Ayuntamiento de Barcelona al recibir la Medalla de Oro al M\u00e9rito C\u00edvico del consistorio barcelon\u00e9s. En la presentaci\u00f3n de la Feria de Abril del a\u00f1o pasado, Jaume Collboni, por entonces candidato a la alcald\u00eda barcelonesa, [&hellip;]<\/p>\n","protected":false},"author":1,"featured_media":1704,"comment_status":"closed","ping_status":"open","sticky":false,"template":"","format":"standard","meta":{"footnotes":""},"categories":[19],"tags":[],"class_list":{"0":"post-1770","1":"post","2":"type-post","3":"status-publish","4":"format-standard","5":"has-post-thumbnail","7":"category-actualidad"},"_links":{"self":[{"href":"https:\/\/raicesandaluzas.com\/revista\/wp-json\/wp\/v2\/posts\/1770","targetHints":{"allow":["GET"]}}],"collection":[{"href":"https:\/\/raicesandaluzas.com\/revista\/wp-json\/wp\/v2\/posts"}],"about":[{"href":"https:\/\/raicesandaluzas.com\/revista\/wp-json\/wp\/v2\/types\/post"}],"author":[{"embeddable":true,"href":"https:\/\/raicesandaluzas.com\/revista\/wp-json\/wp\/v2\/users\/1"}],"replies":[{"embeddable":true,"href":"https:\/\/raicesandaluzas.com\/revista\/wp-json\/wp\/v2\/comments?post=1770"}],"version-history":[{"count":1,"href":"https:\/\/raicesandaluzas.com\/revista\/wp-json\/wp\/v2\/posts\/1770\/revisions"}],"predecessor-version":[{"id":1771,"href":"https:\/\/raicesandaluzas.com\/revista\/wp-json\/wp\/v2\/posts\/1770\/revisions\/1771"}],"wp:featuredmedia":[{"embeddable":true,"href":"https:\/\/raicesandaluzas.com\/revista\/wp-json\/wp\/v2\/media\/1704"}],"wp:attachment":[{"href":"https:\/\/raicesandaluzas.com\/revista\/wp-json\/wp\/v2\/media?parent=1770"}],"wp:term":[{"taxonomy":"category","embeddable":true,"href":"https:\/\/raicesandaluzas.com\/revista\/wp-json\/wp\/v2\/categories?post=1770"},{"taxonomy":"post_tag","embeddable":true,"href":"https:\/\/raicesandaluzas.com\/revista\/wp-json\/wp\/v2\/tags?post=1770"}],"curies":[{"name":"wp","href":"https:\/\/api.w.org\/{rel}","templated":true}]}}